{"id":42629,"date":"2021-11-26T09:59:52","date_gmt":"2021-11-26T15:59:52","guid":{"rendered":"https:\/\/redsemlac.com\/semmexico\/?p=42629"},"modified":"2023-07-21T18:52:56","modified_gmt":"2023-07-21T23:52:56","slug":"aborda-oem-tema-de-mujeres-buscadoras-de-desparecidos-en-mexico","status":"publish","type":"post","link":"https:\/\/redsemlac.com\/semmexico\/aborda-oem-tema-de-mujeres-buscadoras-de-desparecidos-en-mexico\/","title":{"rendered":"Aborda OEM tema de mujeres buscadoras de desparecidos en M\u00e9xico"},"content":{"rendered":"\n<ul class=\"wp-block-list\"><li><strong>Este Consejo Editorial con Perspectiva de G\u00e9nero dialog\u00f3 con las buscadoras sobre lo que falta por hacer en el tema de la desaparici\u00f3n forzada<\/strong><\/li><li><strong>La conversaci\u00f3n del Consejo que se realiz\u00f3 de forma virtual<\/strong><\/li><\/ul>\n\n\n\n<p class=\"wp-block-paragraph\"><strong>Mariela Macay<\/strong><\/p>\n\n\n\n<p class=\"wp-block-paragraph\">SemM\u00e9xico\/ El Sol de Tampico, Cd. de M\u00e9xico, 26 de noviembre, 2021.-Justo en el D\u00eda de la No Violencia Contra las Mujeres, el Consejo Editorial con Perspectiva de G\u00e9nero de la&nbsp;<a href=\"https:\/\/www.elsoldetampico.com.mx\/local\/71-aniversario-de-el-sol-de-tampico-portadas-ganadoras-de-la-oem-en-el-sol-de-tampico-grandes-disenos-7514956.html\" target=\"_blank\" rel=\"noreferrer noopener\">Organizaci\u00f3n Editorial Mexicana (OEM)<\/a>&nbsp;abord\u00f3 el tema de la&nbsp;<strong>Mujeres Buscadoras de Desaparecidos en M\u00e9xico<\/strong>.<\/p>\n\n\n\n<p class=\"wp-block-paragraph\">La OEM form\u00f3 a partir del 29 de octubre de 2020, el primer Consejo Editorial con Perspectiva de G\u00e9nero en Am\u00e9rica, cuyo objetivo es marcar agenda y sensibilizar en temas neur\u00e1lgicos para la sociedad, como lo es la lucha feminista, el avance democr\u00e1tico y el debate sobre la comunidad&nbsp;<strong>LGBTQ+<\/strong>.<\/p>\n\n\n\n<p class=\"wp-block-paragraph\">Este&nbsp;<strong>Consejo<\/strong>&nbsp;permite que quienes reportean en todo el pa\u00eds, trabajan en la fotograf\u00eda y editan &nbsp;realicen una cobertura equilibrada que privilegie un espacio de reflexi\u00f3n sobre el valor de informar.<\/p>\n\n\n\n<p class=\"wp-block-paragraph\"><strong>LA DESAPARICI\u00d3N Y LA IMPUNIDAD<\/strong><\/p>\n\n\n\n<p class=\"wp-block-paragraph\">Durante este Consejo que se realiz\u00f3 de forma virtual, mujeres buscadoras representantes de colectivos en<strong>&nbsp;Tamaulipas<\/strong>, Sonora y Veracruz expusieron la impunidad y omisiones que existen por parte de las autoridades.<\/p>\n\n\n\n<p class=\"wp-block-paragraph\">\u201cNos gustar\u00eda mucho que las autoridades participar\u00e1n no al 20% como se ha estado viendo, hay que veces que ni al 20, sino al 100% que participaran con los colectivos; los necesitamos bastante, somos personas que trabajamos las fosas con el amor, por necesidad\u201d, dijo Cecilia Flores del colectivo Madres Buscadoras de Sonora.<\/p>\n\n\n\n<p class=\"wp-block-paragraph\">Delia Quiroa, del colectivo 10 de Marzo y quien encabez\u00f3 la b\u00fasqueda de restos en el campo de exterminio \u00abLa Bartolina\u00bb en&nbsp;<a href=\"https:\/\/www.elsoldetampico.com.mx\/local\/tamaulipas-quinta-entidad-de-mexico-en-atraer-mas-inversion-extranjera-7516865.html\" target=\"_blank\" rel=\"noreferrer noopener\">Tamaulipas<\/a>, se\u00f1al\u00f3 la necesidad de contar con servicios m\u00e9dicos forenses modernos con personal capacitado.<\/p>\n\n\n\n<p class=\"wp-block-paragraph\">\u201cLos desaparecidos nos faltan a todos, esto destruye el tejido social porque el hecho de que nos falte una persona que es parte de la comunidad ya nos est\u00e1 da\u00f1ando\u201d, enfatiz\u00f3.<\/p>\n\n\n\n<p class=\"wp-block-paragraph\">Lucy D\u00edaz del colectivo Solecito de Veracruz, agreg\u00f3 que es necesario contar con un banco gen\u00e9tico que cuente con la tecnolog\u00eda necesaria para la identificaci\u00f3n de los cuerpos, puesto que tan s\u00f3lo en Veracruz han hallado 65 cad\u00e1veres en 9 meses.<\/p>\n\n\n\n<p class=\"wp-block-paragraph\"><strong>UN TEMA QUE DEBE VISIBILIZARSE<\/strong><\/p>\n\n\n\n<p class=\"wp-block-paragraph\">D\u00edaz puntualiz\u00f3 que algunos medios \u00abhan mantenido el tema en el silencio, han mantenido toda esta tragedia tan grande, tan terrible, esta cat\u00e1strofe la han mantenido totalmente callada, mientras todo suced\u00eda ellos han guardado silencio y han escondido la verdad\u201d, puntualiz\u00f3.<\/p>\n\n\n\n<p class=\"wp-block-paragraph\">\u201cEllos siguen siendo quienes nos criminalizan principalmente desde ah\u00ed se va dando todo esta narrativa de la&nbsp;<strong>criminalizaci\u00f3n de los desaparecidos<\/strong>\u201d, sostuvo.<\/p>\n\n\n\n<p class=\"wp-block-paragraph\"><strong>\u00bfD\u00d3NDE EST\u00c1N LOS DESAPARECIDOS?<\/strong><\/p>\n\n\n\n<p class=\"wp-block-paragraph\"><strong>Gabriela Ram\u00edrez de la Organizaci\u00f3n de las Naciones Unidas (ONU)<\/strong>, organismo cuyo Comit\u00e9 de Desaparici\u00f3n Forzada se reuni\u00f3 hace unos d\u00edas con familiares de personas desaparecidas en diferentes puntos del pa\u00eds, revel\u00f3 que la&nbsp;<strong>Comisi\u00f3n Nacional de B\u00fasqueda<\/strong>&nbsp;reporta 94 mil desparecidos y s\u00f3lo hay 35 sentencias.<\/p>\n\n\n\n<p class=\"wp-block-paragraph\">\u201cLa autoridad no est\u00e1 haciendo lo que le corresponde a hacer, otra vez, este problema como muchos otros que hemos discutido en este&nbsp;<strong>Consejo<\/strong>&nbsp;nos lleva a la ineficiencia absoluta del poder judicial\u201d, destac\u00f3.<\/p>\n\n\n\n<p class=\"wp-block-paragraph\"><strong>LAS PARTICIPANTES<\/strong><\/p>\n\n\n\n<p class=\"wp-block-paragraph\">En este Consejo participaron, como moderadora&nbsp;<strong>Martha Ramos Sosa<\/strong>, Directora Editorial Nacional de la OEM; Cecilia Flores, del colectivo Madres Buscadoras de Sonora; Delia Quiroa, representante del colectivo 10 de Marzo de Tamaulipas; Lucy D\u00edaz, del colectivo Solecito de Veracruz; adem\u00e1s de Gabriela Ram\u00edrez, de la Organizaci\u00f3n de las Naciones Unidas (ONU);\u00d7y Sara Lovera, consejera permanente.<\/p>\n\n\n\n<div class=\"wp-block-image\"><figure class=\"aligncenter size-full\"><a href=\"https:\/\/redsemlac.com\/semmexico\/wp-content\/uploads\/2021\/11\/BUSCADORAS-2.jpg\"><img loading=\"lazy\" decoding=\"async\" width=\"720\" height=\"468\" src=\"https:\/\/redsemlac.com\/semmexico\/wp-content\/uploads\/2021\/11\/BUSCADORAS-2.jpg\" alt=\"\" class=\"wp-image-42630\"\/><\/a><\/figure><\/div>\n\n\n\n<p class=\"wp-block-paragraph\">De manera virtual se sumaron los directores y directoras de los 47 peri\u00f3dicos que integra la OEM en\u00a0<strong>M\u00e9xico\u00a0<\/strong>y parte del equipo de trabajo editorial.<\/p>\n\n\n\n<p class=\"wp-block-paragraph\">Este Consejo permite quienes buscan la noticia, le toman la foto o editan realicen una cobertura equilibrada que privilegie un espacio de reflexi\u00f3n sobre el valor de informar.<\/p>\n","protected":false},"excerpt":{"rendered":"<p>Este Consejo Editorial con Perspectiva de G\u00e9nero dialog\u00f3 con las buscadoras sobre lo que falta por hacer en el tema de la desaparici\u00f3n forzada<\/p>\n","protected":false},"author":3,"featured_media":42631,"comment_status":"open","ping_status":"open","sticky":false,"template":"","format":"standard","meta":{"_monsterinsights_skip_tracking":false,"footnotes":""},"categories":[692,54],"tags":[149],"class_list":["post-42629","post","type-post","status-publish","format-standard","has-post-thumbnail","category-692","category-mujeres","tag-mujeres"],"_links":{"self":[{"href":"https:\/\/redsemlac.com\/semmexico\/wp-json\/wp\/v2\/posts\/42629","targetHints":{"allow":["GET"]}}],"collection":[{"href":"https:\/\/redsemlac.com\/semmexico\/wp-json\/wp\/v2\/posts"}],"about":[{"href":"https:\/\/redsemlac.com\/semmexico\/wp-json\/wp\/v2\/types\/post"}],"author":[{"embeddable":true,"href":"https:\/\/redsemlac.com\/semmexico\/wp-json\/wp\/v2\/users\/3"}],"replies":[{"embeddable":true,"href":"https:\/\/redsemlac.com\/semmexico\/wp-json\/wp\/v2\/comments?post=42629"}],"version-history":[{"count":0,"href":"https:\/\/redsemlac.com\/semmexico\/wp-json\/wp\/v2\/posts\/42629\/revisions"}],"wp:featuredmedia":[{"embeddable":true,"href":"https:\/\/redsemlac.com\/semmexico\/wp-json\/wp\/v2\/media\/42631"}],"wp:attachment":[{"href":"https:\/\/redsemlac.com\/semmexico\/wp-json\/wp\/v2\/media?parent=42629"}],"wp:term":[{"taxonomy":"category","embeddable":true,"href":"https:\/\/redsemlac.com\/semmexico\/wp-json\/wp\/v2\/categories?post=42629"},{"taxonomy":"post_tag","embeddable":true,"href":"https:\/\/redsemlac.com\/semmexico\/wp-json\/wp\/v2\/tags?post=42629"}],"curies":[{"name":"wp","href":"https:\/\/api.w.org\/{rel}","templated":true}]}}