{"id":42614,"date":"2021-11-25T17:03:27","date_gmt":"2021-11-25T23:03:27","guid":{"rendered":"https:\/\/redsemlac.com\/semmexico\/?p=42614"},"modified":"2023-07-21T18:52:57","modified_gmt":"2023-07-21T23:52:57","slug":"miles-de-mujeres-marchan-desde-cuatro-puntos-en-la-ciudad-de-mexico","status":"publish","type":"post","link":"https:\/\/redsemlac.com\/semmexico\/miles-de-mujeres-marchan-desde-cuatro-puntos-en-la-ciudad-de-mexico\/","title":{"rendered":"Miles de mujeres marchan desde cuatro puntos en la Ciudad de M\u00e9xico"},"content":{"rendered":"\n<p class=\"wp-block-paragraph\">El presidente de la Rep\u00fablica repiti\u00f3 su discurso: los coservadores se volvieron feministas<\/p>\n\n\n\n<p class=\"wp-block-paragraph\">Las protestas se iniciaron frente al Palacio Nacional&nbsp;<\/p>\n\n\n\n<p class=\"wp-block-paragraph\">Hugo grupos de anarquistas en los contingentes y organizaciones feministas piden justicia, pol\u00edticas desde la visi\u00f3n de g\u00e9nero y los partidos pol\u00edticos mandan pronunciamientos<\/p>\n\n\n\n<p class=\"wp-block-paragraph\">Sara Lovera<\/p>\n\n\n\n<p class=\"wp-block-paragraph\">SemM\u00e9xico, Cd. de M\u00e9xico, 25 de noviembre, 2021: 17 horas. Las marchas pueblan la ciudad, feministas piden justicia y cese a la impunidad en foros, conferencias y pronunciamientos; partidos pol\u00edticos, congresistas y hasta el Consejo Ciudadano se pronuncian por una vida sin violencia para las mujeres.<\/p>\n\n\n\n<p class=\"wp-block-paragraph\">Decenas de entrevistas de casos se multiplican en los medios \u2013radio y televisi\u00f3n-, y se multiplicaron los comentarios sobre las declaraciones del presidente Andr\u00e9s Manuel L\u00f3pez Obrador, quien dijo que gracias a \u00e9l y su gobierno las mujeres participan en la vida pol\u00edtica, sin mencionar los cambios de las sufragistas (mitad del siglo XX), y los de las feministas que lograron la paridad electoral en 2014.<\/p>\n\n\n\n<p class=\"wp-block-paragraph\">Mientras fuera del Palacio Nacional un grupo de madres que denuncian el feminicidio de sus hijas se aportaron al lado de las vallas met\u00e1licas en el Z\u00f3calo, en el marco del D\u00eda Internacional de la Eliminaci\u00f3n de la Violencia contra la Mujer, el presidente Andr\u00e9s Manuel L\u00f3pez Obrador, dice sin rubor: \u201ca lo largo de mi carrera, muchas cosas he hecho por ayudar a la mujer, nuestro compromiso es el de protegerlas, el de no dejarlas en desamparo\u201d<\/p>\n\n\n\n<p class=\"wp-block-paragraph\">Luego agreg\u00f3, \u201cnuestras convicciones son las de siempre, porque durante mucho tiempo hemos dedicado nuestro trabajo a proteger, a defender a los humildes, a los despose\u00eddos, a las mujeres, a las viudas, hu\u00e9rfanos\u201d.<\/p>\n\n\n\n<p class=\"wp-block-paragraph\">Mientras hablaba el jefe del ejecutivo, se terminaban de \u201cproteger\u201d los monumentos en la ciudad y el grupo de mujeres que se manifestaron en las inmediaciones de Palacio Naci\u00f3n, seg\u00fan inform\u00f3 el Consejo de la Ciudadan\u00eda del Gobierno de la capital de la Rep\u00fablica, esperaban respuestas.&nbsp;&nbsp;<\/p>\n\n\n\n<p class=\"wp-block-paragraph\">La noche anterior en el centro de la ciudad se instalaron, como empieza a ser tradici\u00f3n, un cerco de vallas met\u00e1licas ante el anuncio de 4 movilizaciones de feministas con motivo del 25N. Se blindaron monumentos, comercios, edificios gubernamentales y toda la explanada de Bellas Artes.<\/p>\n\n\n\n<p class=\"wp-block-paragraph\">Las marchas que, hasta las 17 horas, con algunos connatos de enfrentamiento con el grupo de polic\u00edas Mujeres Maravilla, unas 2 mil 500, \u201cpara contenci\u00f3n\u201d, dijo la jefa de gobierno. Se anunci\u00f3 muy temprano que&nbsp;Consejo Ciudadano para la Seguridad y la Justicia, estar\u00e1 como \u201cobservador\u201d y declar\u00f3 VA CONSEJO CIUDADANO COMO OBSERVADOR A MARCHA POR #25N. \u201cRespalda exigencia por una vida libre de violencia para ni\u00f1as, adolescentes, mujeres y adultas mayores<\/p>\n\n\n\n<p class=\"wp-block-paragraph\">entre los contingentes. Se calculaba a las 16 horas que ya hab\u00eda en la calle miles de mujeres.<\/p>\n\n\n\n<p class=\"wp-block-paragraph\">La jefa de Gobierno envi\u00f3 un comunicado a los comerciantes.<\/p>\n\n\n\n<figure class=\"wp-block-image\"><img decoding=\"async\" src=\"blob:https:\/\/redsemlac.com\/semmexico\/ddc0302c-fadb-4962-ac0e-916c6b90ca51\" alt=\"\"\/><\/figure>\n\n\n\n<p class=\"wp-block-paragraph\">A las 4 de la tarde empezaron a marchar las mujeres desde distintos puntos de la ciudad.&nbsp;&nbsp;El llamado, -lo contamos- es de m\u00e1s de 60 organizaciones en la Ciudad de M\u00e9xico-&nbsp;&nbsp;Ser reunieron temprano en el Monumento a la Revoluci\u00f3n. Eran feministas, pero mujeres buscadoras, quienes como madres han perdido a sus hijas o por desaparici\u00f3n forzada o por feminicidio; estudiantes en algunas alcald\u00edas de la ciudad; mujeres mayores, abuelas. La avenida paseo de la Reforma se pobl\u00f3 hasta la hora del cierre de esta informaci\u00f3n, todo transcurre sin problemas. Algunas polic\u00edas fueron agredidas por las j\u00f3venes de negro; los medios destacaron que son pocas las que aparecieron con martillos y piedras.<\/p>\n\n\n\n<p class=\"wp-block-paragraph\">Anoche se pintaron con luces naranjas en la C\u00e1mara de Senadores, la rector\u00eda de la UNAM y otras instituciones como la Secretar\u00eda de Relaciones Exteriores.<\/p>\n\n\n\n<p class=\"wp-block-paragraph\">Desde ayer en la noche, en los noticiarios de radio y televisi\u00f3n, periodistas, hombres y mujeres dan cuenta de las cifras \u2013con frecuencia diferentes- sobre el feminicidio \u2013 10, 12, 20 mujeres al d\u00eda- e hicieron esfuerzos por dilucidar el origen y las consecuencias de la violencia contra las mujeres. No s\u00f3lo. Hubo informes sobre las desigualdades en materia laboral, empresarial. Tambi\u00e9n transmitieron testimonios de mujeres violentadas, en algunos casos recordaron casos emblem\u00e1ticos y reiteraron que, ante los cr\u00edmenes contra las mujeres, lo general es la impunidad y la pobreza, el abandono de las \u201cm\u00e1s humildes\u201d a las que se refiri\u00f3 el presidente.<\/p>\n\n\n\n<p class=\"wp-block-paragraph\">No obstante, las primeras cr\u00f3nicas de las marchas, algunos periodistas se preguntan si las chicas \u201cdiamantinas\u201d o con martillo en manos van a ser o no detenidas.&nbsp;<\/p>\n\n\n\n<p class=\"wp-block-paragraph\">Y a pesar de una larga difusi\u00f3n de la condici\u00f3n de las mujeres, tambi\u00e9n hay reporteras \u201casustadas\u201d por las acciones directas de las anarquistas. \u201cDice Ruiz Hili\u201d, est\u00e1n enojadas, pero no entiende, dijo, la \u201cincongruencia\u201d de la jefa de Gobierno, que mand\u00f3 mujeres al cerco y no a polic\u00edas hombres. Critic\u00f3 la actitud de \u201cno reprimir\u201d. Los resultados de este acontecimiento lo sabremos mucho m\u00e1s tarde.<\/p>\n\n\n\n<p class=\"wp-block-paragraph\">Este d\u00eda menudearon los pronunciamientos pol\u00edticos, de partidos y organizaciones, L\u00f3pez Obrador, dijo \u201ctengo muchos testimonios de apoyo a mujeres\u2026\u201d&nbsp;&nbsp;Y record\u00f3 \u201chace mucho tiempo, cuando no estaba la CNDH, una mujer de Tabasco emprendi\u00f3 sola una lucha porque a su hermano lo hab\u00edan detenido y lo hab\u00edan llevado a las costas del Golfo, lo hab\u00edan ahogado, polic\u00edas judiciales, y lo enterraron de manera clandestina y le extrajeron todos sus \u00f3rganos para que no quedara evidencia\u201d Fue en 1989, \u201cen ese entonces nos enfrentamos al gobierno y se demostr\u00f3 que hab\u00eda sido torturado y eso llev\u00f3 a que renunciara el procurador.\u201d&nbsp;<\/p>\n\n\n\n<p class=\"wp-block-paragraph\">Luego repiti\u00f3, su catilinaria de hace tres a\u00f1os como jefe del ejecutivo. Las mujeres son las que m\u00e1s se benefician de los programas de bienestar, \u201chechos no palabras.\u201d Se adjudic\u00f3, el ascenso de las mujeres a las posiciones de poder (de las mujeres del Grupo Plural hace m\u00e1s de una d\u00e9cada) y dijo \u201choy hay igualdad en el congreso\u201d y tambi\u00e9n dijo que \u00e9l fue el primer gobernante en donde la mayor\u00eda en su gabinete eran mujeres, \u201ccuando fui Jefe de la Ciudad de M\u00e9xico muchas eran mujeres y ahora lo mismo.\u201d Y cerr\u00f3: \u201cSe seguir\u00e1 enfrentando y combatiendo el feminicidio por convicci\u00f3n, no por moda.\u201d La \u201cmoda\u201d la atribuy\u00f3 a \u201clos conservadores\u201d, ahora puntualiz\u00f3 \u201cresulta que se han vuelto feministas\u201d<\/p>\n\n\n\n<figure class=\"wp-block-image\"><img decoding=\"async\" src=\"blob:https:\/\/redsemlac.com\/semmexico\/8129889d-3af4-4fe4-9052-938f65fe62b3\" alt=\"Secretar\u00eda Nacional de Igualdad de G\u00e9neros CEN PRD (@SNIgualdadPRD) |  Twitter\"\/><\/figure>\n\n\n\n<figure class=\"wp-block-image\"><img decoding=\"async\" src=\"blob:https:\/\/redsemlac.com\/semmexico\/8536a2e9-2e8c-4120-8115-62b66c73ecc1\" alt=\"Transparencia | PRD CDMX\"\/><\/figure>\n\n\n\n<p class=\"wp-block-paragraph\">Secretar\u00eda de Igualdad de G\u00e9neros, Partido de la Revoluci\u00f3n Democr\u00e1tica<\/p>\n\n\n\n<p class=\"wp-block-paragraph\">Ante los retrocesos de un gobierno que desestima las leg\u00edtimas demandas de las mexicanas, el PRD ratifica su pol\u00edtica de defensa de los derechos humanos de todas las mujeres, de todas las edades y circunstancias. La lucha por la igualdad, la no discriminaci\u00f3n y el acceso de las mujeres a una vida libre de violencia, son un punto central de nuestro compromiso por los derechos humanos de las mujeres, sobre todo, ante el aumento de los feminicidios en todo el territorio, as\u00ed como el desinter\u00e9s de aumentar el presupuesto del pr\u00f3ximo a\u00f1o y aprobar el Anexo 13, sin perspectiva de g\u00e9nero en detrimento de las mexicanas.&nbsp;<\/p>\n\n\n\n<p class=\"wp-block-paragraph\">Nos encontramos aqu\u00ed, con la convicci\u00f3n de destruir el sistema patriarcal en aras de una sociedad justa, equitativa e incluyente, en donde la igualdad sustantiva sea una realidad, a partir del reconocimiento de la marginaci\u00f3n, discriminaci\u00f3n y violencia que sufren las mujeres, no s\u00f3lo por el g\u00e9nero, sino tambi\u00e9n por situaciones relativas a la etnia, la orientaci\u00f3n sexual, la edad, la diversidad funcional, etc\u00e9tera.&nbsp;<\/p>\n\n\n\n<p class=\"wp-block-paragraph\">Somos un partido feminista, que ha asumido la iniciativa 3 de 3 contra la violencia de g\u00e9nero; el lenguaje inclusivo y no sexista; la paridad vertical, horizontal y transversal en todos los \u00f3rganos de nuestra estructura, as\u00ed como la alternancia en la misma; un nuevo Protocolo para Prevenir, Atender, Sancionar y Erradicar la Violencia Pol\u00edtica en raz\u00f3n de G\u00e9nero; la creaci\u00f3n de la Unidad de Atenci\u00f3n de Violencia de G\u00e9nero con presupuesto propio entre otras acciones.<\/p>\n\n\n\n<p class=\"wp-block-paragraph\">&nbsp;Todo con perspectiva de g\u00e9nero, interseccionalidad, inclusi\u00f3n, sororidad y affidamento. Es tiempo de resaltar la importancia de la promoci\u00f3n, defensa y progresividad de los derechos humanos de las mujeres, partiendo del desarrollo transversal e intercultural de las mujeres todas: personas mayores, ind\u00edgenas, migrantes, mujeres lesbianas, trans y bisexuales, de la diversidad, las juventudes, afro mexicanas, con discapacidad, las mujeres diversas. Hacemos nuestra la Agenda 2030 Por la Igualdad de G\u00e9nero, y nos pronunciamos con sororidad en \u00e9ste, el D\u00eda Internacional para la Eliminaci\u00f3n de la Violencia contra la Mujer, en favor de las de miles de mujeres que exigimos una vida libre de violencia.&nbsp;<\/p>\n\n\n\n<p class=\"wp-block-paragraph\">A la emergencia sanitaria se suma la violencia persistente en M\u00e9xico, pues de acuerdo a datos oficiales, en 2020 se registraron 975 feminicidios, y considerando el informe enero a septiembre 2021 del Secretariado Ejecutivo del Sistema Nacional de Seguridad P\u00fablica, resulta una tendencia a superar la cifra del a\u00f1o pasado con 842 casos actuales. Esto confirma que cada d\u00eda en el pa\u00eds son v\u00edctimas de feminicidios, de 10 a 11 mujeres. Tan s\u00f3lo de enero a septiembre de este a\u00f1o, se registran un total de 1, 522,759 delitos, en donde, el total de v\u00edctimas han sido 255,313 mujeres, que, independientemente de la clasificaci\u00f3n que se les da oficialmente, arroja un total 80, 933 v\u00edctimas, todas como resultado de delitos que atentan contra la vida y la integridad corporal y v\u00edctimas de feminicidio, de cr\u00edmenes de odio (transfobia y lesbofobia).&nbsp;<\/p>\n\n\n\n<p class=\"wp-block-paragraph\">Desde que el Sr. L\u00f3pez Obrador, lleg\u00f3 a la presidencia, se han reportado m\u00e1s de 23,864 personas desaparecidas en M\u00e9xico, de las cuales, 3 de cada diez, son mujeres, seg\u00fan datos de la Secretar\u00eda de Gobernaci\u00f3n.&nbsp;<\/p>\n\n\n\n<p class=\"wp-block-paragraph\">Sumamos nuestra voz y fuerza a las familias de v\u00edctimas de feminicidio y de desaparecidas que protestan en todo el pa\u00eds para exigir justicia por las miles de mujeres violentadas y asesinadas en el pa\u00eds. Por ello, celebramos la presencia de la misi\u00f3n del Comit\u00e9 contra la Desaparici\u00f3n Forzosa de la ONU en M\u00e9xico para conocer de este problema que afecta tambi\u00e9n a las mujeres.<\/p>\n\n\n\n<p class=\"wp-block-paragraph\">M\u00e9xico afronta una crisis de violencia machista con el asesinato de m\u00e1s de 10 mujeres al d\u00eda, de acuerdo con ONU Mujeres y organizaciones civiles, ya sea por homicidios dolosos y feminicidios, el crimen de dar muerte de una mujer por razones de g\u00e9nero.&nbsp;<\/p>\n\n\n\n<p class=\"wp-block-paragraph\">Seg\u00fan datos oficiales m\u00e1s recientes, entre enero y septiembre de 2021 se registraron un total de 762 asesinatos de mujeres clasificados como feminicidios. Estamos aqu\u00ed para evidenciar que este gobierno machista y mis\u00f3gino, patriarcal a todas luces, ignora a las mujeres.&nbsp;<\/p>\n\n\n\n<p class=\"wp-block-paragraph\">Estamos aqu\u00ed, porque somos voz de las que ya no est\u00e1n.&nbsp;<\/p>\n\n\n\n<p class=\"wp-block-paragraph\">Estamos aqu\u00ed para visibilizar la cruenta situaci\u00f3n de violencia que vivimos las mexicanas, por las v\u00edctimas de feminicidio e impunidad, por las desaparecidas, por todas las ausentes y contra la estigmatizaci\u00f3n de la protesta feminista. Estamos aqu\u00ed, porque tenemos el convencimiento de que es posible cambiar esta situaci\u00f3n, porque queremos una vida en democracia con justicia social, porque anhelamos una paz real, en donde cada mujer, cada joven y cada ni\u00f1a, pueda desarrollarse en libertad, libre de todo tipo de violencia.<\/p>\n\n\n\n<p class=\"wp-block-paragraph\">Estamos aqu\u00ed, convencidas de que, este d\u00eda, no es una fecha m\u00e1s, es el marco de los 16 d\u00edas de activismo contra la violencia de g\u00e9nero. Estamos aqu\u00ed, porque somos mujeres militantes, sororarias y solidarias con la causa justa de las mujeres.&nbsp;<\/p>\n\n\n\n<p class=\"wp-block-paragraph\"><strong>\u201cDemocracia Ya, Patria Para Todas y Todos\u201d<\/strong><\/p>\n\n\n\n<p class=\"wp-block-paragraph\"><strong>#MesNaranjaContraLaViolencia #SeguridadEnLasCalles #SeguridadEnLasCasas<\/strong><\/p>\n\n\n\n<p class=\"wp-block-paragraph\"><strong>#RespetoALaVida #NoM\u00e1sViolencia #NiUnaMenos<\/strong><\/p>\n\n\n\n<figure class=\"wp-block-image\"><img decoding=\"async\" src=\"blob:https:\/\/redsemlac.com\/semmexico\/12153cb3-09dd-4eb5-95d2-77635dc52d93\" alt=\"Debe garantizarse el aborto legal, seguro y gratuito: GESMujer | Dialogos  Oaxaca\"\/><\/figure>\n\n\n\n<p class=\"wp-block-paragraph\"><strong>Oaxaca de Ju\u00e1rez, 25 de noviembre de 2021<\/strong><\/p>\n\n\n\n<p class=\"wp-block-paragraph\"><strong>A nuestras hermanas y compa\u00f1eras<\/strong><\/p>\n\n\n\n<p class=\"wp-block-paragraph\"><strong>A la sociedad oaxaque\u00f1a en general<\/strong><\/p>\n\n\n\n<p class=\"wp-block-paragraph\"><strong>A los medios de comunicaci\u00f3n, locales, nacionales e internacionales<\/strong><\/p>\n\n\n\n<p class=\"wp-block-paragraph\">Hoy 25 de noviembre de 2021, una vez m\u00e1s, las mujeres oaxaque\u00f1as hemos salido al espacio p\u00fablico, a las calles para seguir haciendo historia, historia marcada por miles de feminicidios, violencia sexual y&nbsp;desapariciones de hermanas.&nbsp;<\/p>\n\n\n\n<p class=\"wp-block-paragraph\">Unimos fuerzas y esperanza codo a codo, hombro a hombro, no nos soltaremos jam\u00e1s, pues esta lucha es constante, pues diariamente habitamos un pa\u00eds sumergido en la violencia, generada por el patriarcado, el racismo y la discriminaci\u00f3n. \u00a1Existimos y resistimos ante todo obst\u00e1culo! \u00a1Nos armamos contra el olvido!<\/p>\n\n\n\n<figure class=\"wp-block-image\"><img decoding=\"async\" src=\"blob:https:\/\/redsemlac.com\/semmexico\/f8f604fe-51b7-4a3b-9ec2-046c379f7c37\" alt=\"Consorcio Oaxaca - Defensores Ambientales M\u00e9xico\"\/><\/figure>\n\n\n\n<p class=\"wp-block-paragraph\">Ante la impunidad, nosotras estamos construyendo nuestras maneras de cuidarnos, sanarnos y acompa\u00f1arnos ante la p\u00e9rdida de nuestras hermanas asesinadas, ante la ausencia de nuestras hermanas desaparecidas, ante las violencias cotidianas. Transformamos el dolor en dignidad, la tristeza en rebeld\u00eda y la impotencia en esperanza.<\/p>\n\n\n\n<p class=\"wp-block-paragraph\">Denunciamos la omisi\u00f3n e impunidad del Estado, durante el gobierno de Alejandro Murat Hinojosa, se dict\u00f3 una alerta de g\u00e9nero en s\u00f3lo&nbsp; 40 municipios del estado desde agosto del 2018, la cual ha sido implementada mediante la simulaci\u00f3n de ah\u00ed que actualmente tenemos 574 feminicidios en casi 5 a\u00f1os de su sexenio, de los cuales, en la mayor\u00eda de los casos&nbsp; las v\u00edctimas no han encontrado justicia y verdad, pues el mismo sistema encargado de procurar e impartirla ha fallado, no tomando las denuncias, no dictando o no ejecutando las detenciones y m\u00e1s tr\u00e1gico a\u00fan, no dictando sentencias condenatorias.&nbsp;<\/p>\n\n\n\n<p class=\"wp-block-paragraph\">En lo que va del sexenio tenemos registradas 1,484 compa\u00f1eras desaparecidas, de las que no hay avances en las investigaciones ni un mecanismo eficiente de b\u00fasqueda, que deje de encubrir criminales. Por ello el d\u00eda de hoy se\u00f1alamos la ineptitud de los funcionarios de gobierno y sus instituciones:<\/p>\n\n\n\n<p class=\"wp-block-paragraph\">\u25cf&nbsp;&nbsp;&nbsp;&nbsp;&nbsp;&nbsp;Alejandro Murat Hinojosa, Gobernador del Estado de Oaxaca.<\/p>\n\n\n\n<p class=\"wp-block-paragraph\">\u25cf&nbsp;&nbsp;&nbsp;&nbsp;&nbsp;&nbsp;Arturo de Jes\u00fas Peimbert Calvo, Fiscal General del estado de Oaxaca.<\/p>\n\n\n\n<p class=\"wp-block-paragraph\">\u25cf&nbsp;&nbsp;&nbsp;&nbsp;&nbsp;&nbsp;Juan Carlos M\u00e1rquez Heine, Director General de los Servicios de Salud de Oaxaca.<\/p>\n\n\n\n<p class=\"wp-block-paragraph\">\u25cf&nbsp;&nbsp;&nbsp;&nbsp;&nbsp;&nbsp;Ana V\u00e1zquez Colmenares, titular de la Secretar\u00eda de la Mujer Oaxaque\u00f1a.<\/p>\n\n\n\n<p class=\"wp-block-paragraph\">\u25cf&nbsp;&nbsp;&nbsp;&nbsp;&nbsp;&nbsp;Oswaldo Garc\u00eda Jarqu\u00edn, Presidente municipal de Oaxaca de Ju\u00e1rez.<\/p>\n\n\n\n<p class=\"wp-block-paragraph\">\u25cf&nbsp;&nbsp;&nbsp;&nbsp;&nbsp;&nbsp;Nallely Hern\u00e1ndez Garc\u00eda, titular de la Secretar\u00eda de los Pueblos Ind\u00edgenas y Afromexicanos.<\/p>\n\n\n\n<p class=\"wp-block-paragraph\">\u25cf&nbsp;&nbsp;&nbsp;&nbsp;&nbsp;&nbsp;Al Congreso del Estado<\/p>\n\n\n\n<p class=\"wp-block-paragraph\">Hoy 25N, nos reunimos para nombrar a las mujeres que ya no est\u00e1n con nosotras, debido a un patriarcado letal que se manifiesta en la omisi\u00f3n, desprecio a los derechos de las mujeres que caracterizan al gobierno, actualmente encabezado por Alejandro Murat y al resto de su inoperante aparato burocr\u00e1tico; uno que no ha hecho absolutamente nada por modificar las condiciones que reproducen la violencia desmedida e imparable que las mujeres sufren en las ocho regiones de nuestro estado.<\/p>\n\n\n\n<p class=\"wp-block-paragraph\">Desde que se emiti\u00f3 la Alerta de Violencia de G\u00e9nero (AVG), en el estado, en agosto 2018, los diferentes tipos de violencia machista dirigidas a los cuerpos y a la integridad de las mujeres no han hecho sino aumentar en su incidencia y envilecimiento. Estas mujeres que hoy nombramos han sido asesinadas, en condiciones deplorables, violadas, amagadas, mutiladas, desmembradas, violentando no solo sus cuerpos sino sus almas y&nbsp; esp\u00edritus; sin que hasta la fecha las instancias de procuraci\u00f3n de justicia hayan sancionado a los responsables ni reparado da\u00f1os, pues act\u00faan fuera del marco de los derechos humanos, carecen de perspectiva de g\u00e9nero y olvidan que nos encontramos en un estado pluricultural en el que los diversos tipos de violencia alcanzan tambi\u00e9n a nuestros pueblos y comunidades.&nbsp; Las estrategias y mecanismos que establecen para atender, prevenir y disminuir los casos de violencia hacia las mujeres en la AVG, no han sido implementadas, m\u00e1s bien han venido improvisando supuestas capacitaciones y eventos para justificar los millonarios recursos que utilizan para su propio beneficio.<\/p>\n\n\n\n<p class=\"wp-block-paragraph\">Defensoras del territorio han sido criminalizadas, violentadas, desaparecidas y asesinadas por cuidar la tierra donde habitan, por impedir que proyectos extractivistas se impongan en sus comunidades. Oaxaca ocupa el cuarto lugar a nivel nacional por abuso sexual infantil, perpetrado principalmente por abuelos, padrastros, tios, padres biol\u00f3gicos y primos, situaci\u00f3n que se ha agravado a ra\u00edz de la pandemia originada por el covid-19, porque el hogar se ha convertido en el lugar m\u00e1s inseguro para ni\u00f1as y mujeres. La violencia sexual representa un problema legal, pero tambi\u00e9n visibiliza una violencia sist\u00e9mica, institucional y simb\u00f3lica.&nbsp;<\/p>\n\n\n\n<p class=\"wp-block-paragraph\">Frente a la grave situaci\u00f3n diversas colectivas, mujeres aut\u00f3nomas, madres de v\u00edctimas de feminicidio&nbsp; y sociedad civil hemos generado acciones frente a un Estado al que NO le importan la vida y&nbsp; la seguridad de las mujeres, de ah\u00ed que&nbsp; hoy estamos develando la&nbsp;<strong>MONUMENTA<a><\/a><a href=\"https:\/\/mail.google.com\/mail\/u\/1\/#m_334216649282732119__ftn1\"><sup>[1]<\/sup><\/a>&nbsp;CONTRA EL FEMINICIDIO Y VIOLENCIA FEMINICIDA EN OAXACA,<\/strong>&nbsp;como una forma de visibilizar que en Oaxaca nos est\u00e1n matando y las autoridades son c\u00f3mplices por su simulaci\u00f3n y no accionar con debida diligencia. No queremos m\u00e1s mujeres violadas, acosadas, desaparecidas ni asesinadas.&nbsp;<\/p>\n\n\n\n<p class=\"wp-block-paragraph\">Esta monumenta es un grito que lanzamos a quienes no han querido escucharnos.<\/p>\n\n\n\n<p class=\"wp-block-paragraph\"><strong>\u00a1Ni una menos! \u00a1Acordamos vivir!<\/strong><\/p>\n\n\n\n<p class=\"wp-block-paragraph\">Les exigimos a las autoridades no da\u00f1ar ni menoscabar el s\u00edmbolo de expresi\u00f3n de repudio a la violencia feminicida y feminicidio en Oaxaca.<\/p>\n\n\n\n<p class=\"wp-block-paragraph\">Exigimos la presentaci\u00f3n con vida de nuestras hermanas desaparecidas. Exigimos justicia y no m\u00e1s impunidad ante los feminicidios.<\/p>\n\n\n\n<p class=\"wp-block-paragraph\">No nos cansaremos hasta que todas las mujeres y ni\u00f1as del estado tengamos una vida libre de violencia. \u00a1Por nuestra dignidad y justicia!<\/p>\n\n\n\n<p class=\"wp-block-paragraph\"><strong>\u201cTen\u00edamos dos opciones: estar calladas y morir o hablar y morir.\u201d<\/strong><\/p>\n\n\n\n<p class=\"wp-block-paragraph\"><strong>Decidimos hablar\u201d \u00a1Y nadie nos callar\u00e1!<\/strong><\/p>\n\n\n\n<p class=\"wp-block-paragraph\"><strong>Malala Yousafzai<\/strong><\/p>\n\n\n\n<p class=\"wp-block-paragraph\"><strong>\u00a1Sobre las ruinas del patriarcado,&nbsp;<\/strong><\/p>\n\n\n\n<p class=\"wp-block-paragraph\"><strong>nosotras construimos esperanza!<\/strong><\/p>\n\n\n\n<p class=\"wp-block-paragraph\"><strong>Consorcio Oaxaca<\/strong><\/p>\n\n\n\n<p class=\"wp-block-paragraph\"><strong>#25N, #NosQueremos vivas y libres, no m\u00e1s violentadores en las calles con sus defensores en el gobierno: Jessica Ortega de Movimiento Ciudadano<\/strong><\/p>\n\n\n\n<p class=\"wp-block-paragraph\"><em>:<\/em><\/p>\n\n\n\n<p class=\"wp-block-paragraph\"><strong>&#8211; \u00a1Este es el M\u00e9xico en el que las ni\u00f1as juegan con beb\u00e9s de verdad y no puede ser el M\u00e9xico que queramos heredar!<\/strong><\/p>\n\n\n\n<p class=\"wp-block-paragraph\"><strong>Firmado por:<\/strong><strong>&nbsp;Mujeres Aut\u00f3nomas Madres de V\u00edctimas de Feminicidio, Colectiva Chicatanas, Consorcio para el Di\u00e1logo Parlamentario y la Equidad Oaxaca, GESMujer Rosario Castellanos, Fundaci\u00f3n Marie Stopes M\u00e9xico<\/strong><\/p>\n\n\n\n<p class=\"wp-block-paragraph\"><strong>Grupo de Mujeres Sabinas A. C. Maestras en Resistencia de la Secci\u00f3n XXII<\/strong><\/p>\n\n\n\n<p class=\"wp-block-paragraph\"><strong>Unitierra&nbsp;<\/strong><\/p>\n\n\n\n<figure class=\"wp-block-image\"><img decoding=\"async\" src=\"blob:https:\/\/redsemlac.com\/semmexico\/512cbe4f-dd3d-4491-b018-c72a62c7fb3c\" alt=\"Movimiento Ciudadano, el partido pol\u00edtico que public\u00f3 la lista nominal en  un servidor de Amazon\"\/><\/figure>\n\n\n\n<p class=\"wp-block-paragraph\"><em>En el marco de la conmemoraci\u00f3n del #25N, la diputada federal Jessica Ortega de la Cruz, integrante de la Bancada Naranja, present\u00f3 en la tribuna del Congreso de la Uni\u00f3n, un posicionamiento<strong><\/strong><\/em><\/p>\n\n\n\n<p class=\"wp-block-paragraph\">Estamos conmemorando el d\u00eda Internacional por la Erradicaci\u00f3n de las Violencias en contra de las Mujeres, porque, aunque parezca un absurdo, seguimos buscando como erradicar este mal hist\u00f3rico que nos tiene en deuda como representantes de esta soberan\u00eda, con cada una de las 66 millones de ni\u00f1as, adolescentes y mujeres de este pa\u00eds. En la bancada naranja sabemos el papel que nos toca jugar en la historia, y hoy, alzamos la voz con fuerza por las miles de mujeres mexicanas que est\u00e1n desaparecidas, por las familias que sufren la p\u00e9rdida irreparable de una hija, hermana o madre, y por quienes hoy ya no est\u00e1n a causa de la violencia feminicida.<\/p>\n\n\n\n<p class=\"wp-block-paragraph\">En un pa\u00eds como M\u00e9xico, al que dolorosamente tenemos que etiquetar como feminicida, ser mujer es un peligro latente. 11 mujeres son asesinadas todos los d\u00edas al abrigo de la indolencia y la impunidad que el sistema patriarcal construy\u00f3 para que nuestras vidas valieran poco menos que nada, lo mismo que nuestras voces.<\/p>\n\n\n\n<p class=\"wp-block-paragraph\">\u00bfC\u00f3mo podemos estar hoy aqu\u00ed, abogando por una sociedad justa e igualitaria si cuando nos toca contribuir para que se materialice, anteponemos la ceguera pol\u00edtica, las ambiciones partidistas y hasta los dogmas en los discursos que damos en esta tribuna?, y mientras tanto, mientras hoy pronunciamos discursos, hay mujeres siendo violentadas.<\/p>\n\n\n\n<p class=\"wp-block-paragraph\">Poner fin a las violencias en contra de las mujeres debe ser una prioridad de esta legislatura, debe ser la causa de nuestro trabajo pol\u00edtico, porque lo dijimos antes y lo sostenemos ahora, \u00a1Sin recurso es discurso! Y la demagogia con la que se habl\u00f3 de perspectiva de g\u00e9nero en el proyecto de egresos 2022 lo confirma.&nbsp;<\/p>\n\n\n\n<p class=\"wp-block-paragraph\">\u00a1No podemos taparnos los ojos frente a la realidad que vivimos las mujeres en este r\u00e9gimen con violentadores en las calles y con sus defensores en el gobierno! Con discursos feministas y presupuestos machistas<\/p>\n\n\n\n<p class=\"wp-block-paragraph\">La realidad que enfrentamos desde 2020 con la pandemia, demuestra que las mujeres estamos m\u00e1s cerca de nuestros agresores, y lastimosamente esa realidad se refleja en las m\u00e1s de 153 mil ni\u00f1as entre 12 y 14 a\u00f1os que fueron abusadas en los 2 \u00faltimos a\u00f1os y que hoy son madres a\u00fan en contra de su voluntad. \u00a1Este es el M\u00e9xico en el que las ni\u00f1as juegan con beb\u00e9s de verdad y no puede ser el M\u00e9xico que queramos heredarles! La dignidad de las ni\u00f1as no puede justificarse en \u201cla tradici\u00f3n\u201d y que se escuche y entienda hasta palacio nacional no son usos y costumbres, son ni\u00f1as a las que se les est\u00e1 la inocencia, \u00a1y esa es la m\u00e1s cruel de todas las violencias!&nbsp;<\/p>\n\n\n\n<p class=\"wp-block-paragraph\">Aqu\u00ed est\u00e1 la bancada naranja para frenar las intentonas patriarcales del r\u00e9gimen, aqu\u00ed vamos a dar la batalla hasta las \u00faltimas consecuencias para que ninguna mujer se quede atr\u00e1s<\/p>\n\n\n\n<p class=\"wp-block-paragraph\">Porque hay que decirlo fuerte y claro, las ni\u00f1as de M\u00e9xico viven en la desprotecci\u00f3n del sistema que m\u00e1s tarde tambi\u00e9n las abandonar\u00e1 cuando se conviertan en mujeres. \u00a1Los derechos humanos de las mujeres en este pa\u00eds siguen todav\u00eda muy lejos de garantizarse y nuestro trabajo debe responder a la exigencia hist\u00f3rica de libertad y dignidad para todas!<\/p>\n\n\n\n<p class=\"wp-block-paragraph\">Desde la Bancada Naranja estamos comprometidas y comprometidos con la agenda para la protecci\u00f3n de los derechos humanos de las mujeres, porque creemos firmemente que se puede construir un pa\u00eds en el que ser mujer no tenga que ser motivo de miedo.&nbsp;<\/p>\n\n\n\n<p class=\"wp-block-paragraph\"><strong><em>Demandamos libertades y derechos. &nbsp;En Movimiento Ciudadano nos queremos, \u00a1nos queremos vivas, libres y sin miedo!<\/em><\/strong><\/p>\n\n\n\n<p class=\"wp-block-paragraph\">Se tiene previsto que los contingentes salgan del Monumento a la Revoluci\u00f3n y del \u00c1ngel de la Independencia para realizar una marcha rumbo al Z\u00f3calo CDMX<\/p>\n\n\n\n<p class=\"wp-block-paragraph\">DIVERSAS COLECTIVAS FEMINISTAS.&nbsp;<\/p>\n\n\n\n<p class=\"wp-block-paragraph\">Puntos de concentraci\u00f3n:&nbsp;<\/p>\n\n\n\n<p class=\"wp-block-paragraph\">Hora: 13:30 hrs.<\/p>\n\n\n\n<p class=\"wp-block-paragraph\">1) Lugar: Monumento a la Revoluci\u00f3n.<\/p>\n\n\n\n<p class=\"wp-block-paragraph\">Ubicaci\u00f3n: Plaza de la Rep\u00fablica s\/n., colonia Tabacalera, alcald\u00eda Cuauht\u00e9moc.<\/p>\n\n\n\n<p class=\"wp-block-paragraph\">Hora: 15:00 hrs.<\/p>\n\n\n\n<p class=\"wp-block-paragraph\">2) Ubicaci\u00f3n: R\u00edo T\u00edber y Paseo de la Reforma, colonia Cuauht\u00e9moc, alcald\u00eda Cuauht\u00e9moc.<\/p>\n\n\n\n<p class=\"wp-block-paragraph\">Hora: 16:00 hrs.<\/p>\n\n\n\n<p class=\"wp-block-paragraph\">3) Lugar: \u00c1ngel de la Independencia.<\/p>\n\n\n\n<p class=\"wp-block-paragraph\">Ubicaci\u00f3n: Avenida Paseo de la Reforma y Florencia s\/n., colonia Ju\u00e1rez, alcald\u00eda Cuauht\u00e9moc.<\/p>\n\n\n\n<p class=\"wp-block-paragraph\">Punto de arribo: Z\u00f3calo de la Ciudad de M\u00e9xico.&nbsp;<\/p>\n\n\n\n<p class=\"wp-block-paragraph\">Ubicaci\u00f3n: Plaza de la Constituci\u00f3n s\/n., colonia Centro Hist\u00f3rico, alcald\u00eda Cuauht\u00e9moc.<\/p>\n\n\n\n<p class=\"wp-block-paragraph\">Motivo: Conmemoraci\u00f3n de el \u201cD\u00eda Internacional de la Eliminaci\u00f3n de la Violencia contra la Mujer\u201d, por el derecho a decidir, contra las violencias machistas, los feminicidios, la precariedad laboral y la criminalizaci\u00f3n al movimiento de mujeres.<\/p>\n\n\n\n<p class=\"wp-block-paragraph\">1) Posible ruta: Plaza de la Rep\u00fablica \u2013 Avenida Paseo de la Reforma \u2013 Avenida Ju\u00e1rez \u2013 Eje Central L\u00e1zaro C\u00e1rdenas \u2013 5 de mayo \u2013 Plaza de la Constituci\u00f3n.<\/p>\n\n\n\n<p class=\"wp-block-paragraph\">2) y 3) Posible ruta: Avenida Paseo de la Reforma \u2013 Avenida Ju\u00e1rez \u2013 Eje Central L\u00e1zaro C\u00e1rdenas \u2013 5 de mayo \u2013 Plaza de la Constituci\u00f3n.<\/p>\n\n\n\n<p class=\"wp-block-paragraph\">Organizaciones en apoyo: Coordinaci\u00f3n 8M, Amnist\u00eda Internacional M\u00e9xico, Sindicato de Estudiantes Mx., Libres y Combativas, Polit\u00e9cnicas al Grito de Guerra, Movimiento Universitario de V\u00edctimas de Violencia de G\u00e9nero # UNAM Resuelve Ya, Pan y Rosas M\u00e9xico, Observatorio Ciudadano Nacional del Feminicidio (OCNF), Liga De Mujeres Revolucionarias, Sindicato Mexicano de Electricistas y Nueva Central de Trabajadores.<\/p>\n\n\n\n<p class=\"wp-block-paragraph\">NO ES UNA SOMOS TODAS.&nbsp;<\/p>\n\n\n\n<p class=\"wp-block-paragraph\">Hora: 15:00 hrs.<\/p>\n\n\n\n<p class=\"wp-block-paragraph\">Lugar: Torre del Caballito.<\/p>\n\n\n\n<p class=\"wp-block-paragraph\">Ubicaci\u00f3n: Avenida Paseo de la Reforma # 10, colonia Tabacalera, alcald\u00eda Cuauht\u00e9moc.<\/p>\n\n\n\n<p class=\"wp-block-paragraph\">Rumbo por definir.<\/p>\n\n\n\n<p class=\"wp-block-paragraph\">Motivo: Marcha \u201c25 N. En los restaurantes acosan y nadie hace nada\u201d, para visibilizar el acoso y violencia que viven las mujeres en la industria restaurantera<\/p>\n\n\n\n<p class=\"wp-block-paragraph\">Observaciones: No se descarta se sumen en apoyo otras colectivas feministas, organizaciones sociales en defensa de los derechos de las mujeres y grupos subversivos; as\u00ed como que realicen pintas y actos vand\u00e1licos durante el recorrido.<\/p>\n\n\n\n<p class=\"wp-block-paragraph\">RODADA:&nbsp;<\/p>\n\n\n\n<p class=\"wp-block-paragraph\">ALCALD\u00cdA TL\u00c1HUAC.&nbsp;<\/p>\n\n\n\n<p class=\"wp-block-paragraph\">Hora: 18:30 hrs.<\/p>\n\n\n\n<p class=\"wp-block-paragraph\">Lugar: Explanada de la Alcald\u00eda Tl\u00e1huac.&nbsp;<\/p>\n\n\n\n<p class=\"wp-block-paragraph\">Ubicaci\u00f3n: Avenida Tl\u00e1huac s\/n, esquina Nicol\u00e1s Bravo, colonia Barrio La Asunci\u00f3n, alcald\u00eda Tl\u00e1huac.<\/p>\n\n\n\n<p class=\"wp-block-paragraph\">Rumbo por confirmar.<\/p>\n\n\n\n<p class=\"wp-block-paragraph\">Motivo: \u201cRodada Ciclista por el D\u00eda Naranja\u201d, para prevenir, generar conciencia y promover acciones para erradicar la violencia contra mujeres y ni\u00f1as.<\/p>\n\n\n\n<p class=\"wp-block-paragraph\">CONCENTRACIONES:&nbsp;<\/p>\n\n\n\n<p class=\"wp-block-paragraph\">ASOCIACI\u00d3N POR LAS INFANCIAS TRANSG\u00c9NERO.<\/p>\n\n\n\n<p class=\"wp-block-paragraph\">Hora: 09:00 hrs.<\/p>\n\n\n\n<p class=\"wp-block-paragraph\">Lugar: Glorieta de las Mujeres que Luchan (Monumento a Col\u00f3n).<\/p>\n\n\n\n<p class=\"wp-block-paragraph\">Ubicaci\u00f3n: Avenida Paseo de la Reforma y Avenida Morelos, colonia Tabacalera, alcald\u00eda Cuauht\u00e9moc.<\/p>\n\n\n\n<p class=\"wp-block-paragraph\">Motivo: Tendedero \u201cYo denunci\u00e9, pero, No denunci\u00e9 porque\u201d, para exigir respeto al derecho a una vida libre de violencia y acceso a la justicia.<\/p>\n\n\n\n<p class=\"wp-block-paragraph\">Organizaciones en apoyo: Restauradoras con porpurina, Restauradoras con gliteer, Fem &#8211; Fem, Redige, Cohesi\u00f3n Comunitaria e Innovaci\u00f3n Social (CCIS), Colectiva Dignas Hijas y Balance.<\/p>\n\n\n\n<p class=\"wp-block-paragraph\">******************<\/p>\n\n\n\n<p class=\"wp-block-paragraph\">FEMINISTAS.&nbsp;<\/p>\n\n\n\n<p class=\"wp-block-paragraph\">Hora: 09:00 hrs.<\/p>\n\n\n\n<p class=\"wp-block-paragraph\">Lugar: C\u00e1mara de Diputados.&nbsp;<\/p>\n\n\n\n<p class=\"wp-block-paragraph\">Ubicaci\u00f3n: Avenida H. Congreso de la Uni\u00f3n, # 66, colonia El Parque, alcald\u00eda Venustiano Carranza.<\/p>\n\n\n\n<p class=\"wp-block-paragraph\">Motivo: Protestar\u00e1n y har\u00e1n pintas al exterior del recinto, en apoyo a las mujeres que realizan el comercio informal dentro de las instalaciones del Sistema de Transporte Colectivo Metro.<\/p>\n\n\n\n<p class=\"wp-block-paragraph\">******************<\/p>\n\n\n\n<p class=\"wp-block-paragraph\">DIVERSAS COLECTIVAS FEMINISTAS.<\/p>\n\n\n\n<p class=\"wp-block-paragraph\">Hora: 09:30 hrs.<\/p>\n\n\n\n<p class=\"wp-block-paragraph\">Lugar: Reclusorio Preventivo Varonil Oriente.&nbsp;<\/p>\n\n\n\n<p class=\"wp-block-paragraph\">Ubicaci\u00f3n: Avenida Reforma # 100, colonia Lomas de San Lorenzo, alcald\u00eda Iztapalapa.<\/p>\n\n\n\n<p class=\"wp-block-paragraph\">Motivo: Exigen se garantice el derecho a la justicia y la verdad en casos por violencia familiar.<\/p>\n\n\n\n<p class=\"wp-block-paragraph\">******************<\/p>\n\n\n\n<p class=\"wp-block-paragraph\">DIVERSAS COLECTIVAS FEMINISTAS.&nbsp;<\/p>\n\n\n\n<p class=\"wp-block-paragraph\">Hora: 09:30 hrs.<\/p>\n\n\n\n<p class=\"wp-block-paragraph\">Lugar: Congreso de la Ciudad de M\u00e9xico.&nbsp;<\/p>\n\n\n\n<p class=\"wp-block-paragraph\">Ubicaci\u00f3n: Donceles y Allende s\/n., colonia Centro Hist\u00f3rico, alcald\u00eda Cuauht\u00e9moc.<\/p>\n\n\n\n<p class=\"wp-block-paragraph\">Motivo: \u201cTendedero de deudores alimentarios\u201d, con la finalidad de exigir acceso a una vida libre y sin violencia a las infancias.<\/p>\n\n\n\n<p class=\"wp-block-paragraph\">Organizaciones en apoyo: Colectiva \u201cAmor no es violencia\u201d, Mujeres abriendo caminos y Un d\u00eda mujer.<\/p>\n\n\n\n<p class=\"wp-block-paragraph\">******************<\/p>\n\n\n\n<p class=\"wp-block-paragraph\">ALCALD\u00cdA XOCHIMILCO.<\/p>\n\n\n\n<p class=\"wp-block-paragraph\">Hora: 10:00 hrs.<\/p>\n\n\n\n<p class=\"wp-block-paragraph\">Lugar: Jard\u00edn \u201cMorelos\u201d.<\/p>\n\n\n\n<p class=\"wp-block-paragraph\">Ubicaci\u00f3n: Avenida Jos\u00e9 Mar\u00eda Morelos s\/n. y Pino, colonia El Rosario, alcald\u00eda Xochimilco.<\/p>\n\n\n\n<p class=\"wp-block-paragraph\">Motivo: \u201cMercado Violeta\u201d, en el marco del D\u00eda Internacional de la Eliminaci\u00f3n de la Violencia contra la Mujer.<\/p>\n\n\n\n<p class=\"wp-block-paragraph\">******************<\/p>\n\n\n\n<p class=\"wp-block-paragraph\">MOVIMIENTO UNIVERSITARIO DE V\u00cdCTIMAS DE VIOLENCIA DE G\u00c9NERO # UNAM RESUELVE YA.<\/p>\n\n\n\n<p class=\"wp-block-paragraph\">Hora: 11:00 hrs.<\/p>\n\n\n\n<p class=\"wp-block-paragraph\">Lugar: Rector\u00eda de la Universidad Nacional Aut\u00f3noma de M\u00e9xico (UNAM).&nbsp;<\/p>\n\n\n\n<p class=\"wp-block-paragraph\">Ubicaci\u00f3n: Avenida Insurgentes Sur s\/n. Ciudad Universitaria, alcald\u00eda Coyoac\u00e1n.<\/p>\n\n\n\n<p class=\"wp-block-paragraph\">Motivo: \u201cTendedero\u201d de denuncia contra la violencia machista e institucional.<\/p>\n\n\n\n<p class=\"wp-block-paragraph\">Observaciones: Al termino de sus actividades se sumar\u00e1n a la Marcha que partir\u00e1 a las 16:00 hrs. del \u00c1ngel de la Independencia rumbo al Z\u00f3calo de la CDMX<\/p>\n\n\n\n<p class=\"wp-block-paragraph\">* OKUPA CHIAPAS.<\/p>\n\n\n\n<p class=\"wp-block-paragraph\">Hora: 11:00 hrs.<\/p>\n\n\n\n<p class=\"wp-block-paragraph\">Lugar: Casa de Representaci\u00f3n del Estado de Chiapas.<\/p>\n\n\n\n<p class=\"wp-block-paragraph\">Ubicaci\u00f3n: Toledo #22, colonia Ju\u00e1rez, alcald\u00eda Cuauht\u00e9moc.<\/p>\n\n\n\n<p class=\"wp-block-paragraph\">Motivo: Evento pol\u00edtico cultural contra la violencia hacia las mujeres \u201cJuntas Somos M\u00e1s Fuertes\u00bb. Talleres, \u201cmercadita\u201d, y \u201ctendedero\u201d&nbsp;<\/p>\n\n\n\n<p class=\"wp-block-paragraph\">de denuncias.<\/p>\n\n\n\n<p class=\"wp-block-paragraph\">MATRIOSKAS EN MOVIMIENTO.<\/p>\n\n\n\n<p class=\"wp-block-paragraph\">Hora: 12:00 hrs.<\/p>\n\n\n\n<p class=\"wp-block-paragraph\">Lugar: Corredor Cultural Mujeres en el Arte.&nbsp;<\/p>\n\n\n\n<p class=\"wp-block-paragraph\">Ubicaci\u00f3n: Marconi y Donceles, colonia Centro Hist\u00f3rico, alcald\u00eda Cuauht\u00e9moc.<\/p>\n\n\n\n<p class=\"wp-block-paragraph\">Motivo: Jornada \u201c25 N\u201d en contra de la explotaci\u00f3n sexual y laboral hacia las mujeres.<\/p>\n\n\n\n<p class=\"wp-block-paragraph\">******************<\/p>\n\n\n\n<p class=\"wp-block-paragraph\">COLECTIVA LAS DEL AQUELARRE.<\/p>\n\n\n\n<p class=\"wp-block-paragraph\">Hora: 14:00 hrs.<\/p>\n\n\n\n<p class=\"wp-block-paragraph\">Lugar: Juzgados de Control y Juicio Oral del&nbsp;<\/p>\n\n\n\n<p class=\"wp-block-paragraph\">Tribunal Superior de Justicia de la Ciudad de&nbsp;<\/p>\n\n\n\n<p class=\"wp-block-paragraph\">M\u00e9xico.<\/p>\n\n\n\n<p class=\"wp-block-paragraph\">Ubicaci\u00f3n: James E. Sullivan # 133, colonia San Rafael, alcald\u00eda Cuauht\u00e9moc.<\/p>\n\n\n\n<p class=\"wp-block-paragraph\">Motivo: Exigen justicia por la muerte de un menor de edad y por las victimas de desaparici\u00f3n forzada.<\/p>\n\n\n\n<p class=\"wp-block-paragraph\">******************<\/p>\n\n\n\n<p class=\"wp-block-paragraph\">CONTINGENTE DE MADRES, FAMILIARES DE V\u00cdCTIMAS DE FEMINICIDIO Y V\u00cdCTIMAS DE VIOLENCIA MACHISTA DEL ESTADO DE M\u00c9XICO.&nbsp;???<\/p>\n\n\n\n<p class=\"wp-block-paragraph\">Hora: 15:00 hrs.<\/p>\n\n\n\n<p class=\"wp-block-paragraph\">Lugar: Monumento a la Revoluci\u00f3n.&nbsp;<\/p>\n\n\n\n<p class=\"wp-block-paragraph\">Ubicaci\u00f3n: Plaza de la Rep\u00fablica s\/n., colonia Tabacalera, alcald\u00eda Cuauht\u00e9moc.<\/p>\n\n\n\n<p class=\"wp-block-paragraph\">Motivo: Mitin \u201cPor la verdad y la justicia\u201d, contra las negligencias, abandono y corrupci\u00f3n de la justicia mexicana ante casos de violencia machista y feminicida en el Estado de M\u00e9xico.<\/p>\n\n\n\n<p class=\"wp-block-paragraph\">Organizaciones en apoyo: SomosAn\u00edmalas.<\/p>\n\n\n\n<p class=\"wp-block-paragraph\">Observaciones: No se descarta se unan a los contingentes separatistas que marcharan o que se trasladen hacia otro punto de la Ciudad&nbsp;<\/p>\n\n\n\n<p class=\"wp-block-paragraph\">de M\u00e9xico.<\/p>\n","protected":false},"excerpt":{"rendered":"<p>El presidente de la Rep\u00fablica repiti\u00f3 su discurso: los coservadores se volvieron feministas Las protestas se iniciaron frente al Palacio Nacional&nbsp; Hugo grupos de anarquistas en los contingentes y organizaciones feministas piden justicia, pol\u00edticas desde la visi\u00f3n de g\u00e9nero y los partidos pol\u00edticos mandan pronunciamientos Sara Lovera SemM\u00e9xico, Cd. de M\u00e9xico, 25 de noviembre, 2021: [&hellip;]<\/p>\n","protected":false},"author":3,"featured_media":42615,"comment_status":"open","ping_status":"open","sticky":false,"template":"","format":"standard","meta":{"_monsterinsights_skip_tracking":false,"footnotes":""},"categories":[626,692],"tags":[],"class_list":["post-42614","post","type-post","status-publish","format-standard","has-post-thumbnail","category-16-dias","category-692"],"_links":{"self":[{"href":"https:\/\/redsemlac.com\/semmexico\/wp-json\/wp\/v2\/posts\/42614","targetHints":{"allow":["GET"]}}],"collection":[{"href":"https:\/\/redsemlac.com\/semmexico\/wp-json\/wp\/v2\/posts"}],"about":[{"href":"https:\/\/redsemlac.com\/semmexico\/wp-json\/wp\/v2\/types\/post"}],"author":[{"embeddable":true,"href":"https:\/\/redsemlac.com\/semmexico\/wp-json\/wp\/v2\/users\/3"}],"replies":[{"embeddable":true,"href":"https:\/\/redsemlac.com\/semmexico\/wp-json\/wp\/v2\/comments?post=42614"}],"version-history":[{"count":0,"href":"https:\/\/redsemlac.com\/semmexico\/wp-json\/wp\/v2\/posts\/42614\/revisions"}],"wp:featuredmedia":[{"embeddable":true,"href":"https:\/\/redsemlac.com\/semmexico\/wp-json\/wp\/v2\/media\/42615"}],"wp:attachment":[{"href":"https:\/\/redsemlac.com\/semmexico\/wp-json\/wp\/v2\/media?parent=42614"}],"wp:term":[{"taxonomy":"category","embeddable":true,"href":"https:\/\/redsemlac.com\/semmexico\/wp-json\/wp\/v2\/categories?post=42614"},{"taxonomy":"post_tag","embeddable":true,"href":"https:\/\/redsemlac.com\/semmexico\/wp-json\/wp\/v2\/tags?post=42614"}],"curies":[{"name":"wp","href":"https:\/\/api.w.org\/{rel}","templated":true}]}}