{"id":42608,"date":"2021-11-25T16:40:47","date_gmt":"2021-11-25T22:40:47","guid":{"rendered":"https:\/\/redsemlac.com\/semmexico\/?p=42608"},"modified":"2023-07-21T18:52:57","modified_gmt":"2023-07-21T23:52:57","slug":"instalan-feministas-monumenta-en-oaxaca-ni-una-menos-acordamos-vivir","status":"publish","type":"post","link":"https:\/\/redsemlac.com\/semmexico\/instalan-feministas-monumenta-en-oaxaca-ni-una-menos-acordamos-vivir\/","title":{"rendered":"Instalan feministas Monumenta en Oaxaca: \u00a1Ni una menos! \u00a1Acordamos vivir!"},"content":{"rendered":"\n<p class=\"wp-block-paragraph\">*&nbsp;Habitamos un pa\u00eds sumergido en la violencia, generada por el patriarcado, el racismo y la discriminaci\u00f3n, dicen las j\u00f3venes<\/p>\n\n\n\n<p class=\"wp-block-paragraph\">*&nbsp;Durante tres noches y sus d\u00edas se encendieron 575 veladoras, una por cada mujer asesinada en los \u00faltimos cinco a\u00f1os<\/p>\n\n\n\n<p class=\"wp-block-paragraph\">Soledad Jarqu\u00edn Edgar<\/p>\n\n\n\n<p class=\"wp-block-paragraph\">SemM\u00e9xico, Oaxaca de Ju\u00e1rez , 25 de noviembre, 2021.- Una Monumenta contra el Feminicidio y Violencia Feminicida en Oaxaca, la s\u00e9ptima en el pa\u00eds, fue develada hoy en esta ciudad para visibilizar \u201cque nos est\u00e1n matando y las autoridades son c\u00f3mplices por su simulaci\u00f3n y no accionar con debida diligencia. No queremos m\u00e1s mujeres violadas, acosadas, desaparecidas ni asesinadas\u201d.<\/p>\n\n\n\n<p class=\"wp-block-paragraph\">A pesar de las malas noticias, las cifras de feminicidios 575 y desaparici\u00f3n de mujeres mil 480, la denuncia de ineptitud de seis funcionarios p\u00fablicos, incluido el gobernador las y los 42 diputados del Congreso local, la develaci\u00f3n de la Monumenta es un grito que lanzamos a quienes no han querido escucharnos:&nbsp;\u00a1Ni una menos! \u00a1Acordamos vivir!<\/p>\n\n\n\n<figure class=\"wp-block-image size-full\"><a href=\"https:\/\/redsemlac.com\/semmexico\/wp-content\/uploads\/2021\/11\/Captura-de-Pantalla-2021-11-25-a-las-16.42.24.png\"><img loading=\"lazy\" decoding=\"async\" width=\"822\" height=\"958\" src=\"https:\/\/redsemlac.com\/semmexico\/wp-content\/uploads\/2021\/11\/Captura-de-Pantalla-2021-11-25-a-las-16.42.24.png\" alt=\"\" class=\"wp-image-42609\"\/><\/a><\/figure>\n\n\n\n<p class=\"wp-block-paragraph\">Predomin\u00f3 el negro y el morado en la vestimenta de las mujeres, en tanto un hilo de emociones fue tejiendo el ambiente, que pas\u00f3 entre la indignaci\u00f3n, el coraje, la rabia de las m\u00e1s j\u00f3venes, la admiraci\u00f3n y el apoyo de la vieja guardia feminista, l\u00e1grimas por las que nos arrebataron y la esperanza de \u00a1justicia!<\/p>\n\n\n\n<p class=\"wp-block-paragraph\">Enfrente las fot\u00f3grafas y fot\u00f3grafos quer\u00edan atrapar cada momento, se lo quer\u00edan llevar todo y a todas, esas mujeres que enlazadas cantaron a capela Canci\u00f3n Sin Miedo de Vivir Quintana:&nbsp;<\/p>\n\n\n\n<p class=\"wp-block-paragraph\">\u201c\u2026hoy a las mujeres nos quitan la calma, nos sembraron miedo, nos crecieron alas\u2026cantamos sin miedo, pedimos justicia, gritamos por cada desaparecida, que resuene fuerte nos queremos vivas, que caiga con fuerza el feminicida\u2026si tocan a una respondemos todas\u2026soy Claudia, soy Esther y soy Teresa, soy Ingrid, soy Fabiola y soy Valeria, soy la ni\u00f1a que subiste por la fuerza, soy la madre que ahora llora por sus muertas y soy esa que te har\u00e1 pagar las cuentas&#8230; \u00a1Justicia, justicia!\u201d<\/p>\n\n\n\n<p class=\"wp-block-paragraph\">Abrazos que sustituyeron las palabras, palabras que se volvieron gotas de lluvia de los ojos heridos que recibieron confianza frente a la incerteza, \u201cnadie se dobla, nadie flaquea, que el coraje sea nuestra coraza\u201d, dice Pilar Muriedas al o\u00eddo de la madre que quiere justicia y una joven vestida de negro la abraza y le dice ah\u00ed est\u00e1 que no est\u00e1 sola. Ya para entonces a nadie le importaban los rayos de sol sobre la piel.<\/p>\n\n\n\n<p class=\"wp-block-paragraph\">Desde las ventanas del viejo hospital general Dr. Aurelio Valdivieso y de oficinas cercanas las personas miraban el momento, ese en el que apareci\u00f3 la Monumenta, un esfuerzo planeado durante meses, de las que tomaron el lugar desde hace d\u00edas y sus noches para que esta madrugada \u201capareciera\u201d, no fue un acto de magia, las complicidades feministas dieron resultado, detr\u00e1s las&nbsp;Mujeres Aut\u00f3nomas&nbsp;, Madres de v\u00edctimas de Feminicidio, Familiares de v\u00edctimas de Feminicidio, Colectiva Chicatanas, Colectiva Mujer Nueva, Consorcio para el Di\u00e1logo Parlamentario y la Equidad Oaxaca, GesMujer Rosario Castellanos, Fundaci\u00f3n Marie Stopes M\u00e9xico, Grupo de Mujeres Sabinas, Maestras en Resistencia de la Secci\u00f3n XXII y Unitierra&nbsp;Oaxaca.<\/p>\n\n\n\n<p class=\"wp-block-paragraph\">Tres noches y sus d\u00edas donde se encendieron 575 veladoras, una por cada mujer asesinada en un altar peque\u00f1o ante el inmenso dolor que su ausencia representa, ofrenda de luz, flores y productos de la tierra, s\u00edmbolo de los rituales ancestrales que llevaron al lugar las herederas de sus abuelas sabias, las que curan. As\u00ed para curar se dijeron cada uno de sus nombres, se dijeron para no olvidarlas.<\/p>\n\n\n\n<figure class=\"wp-block-image size-large\"><a href=\"https:\/\/redsemlac.com\/semmexico\/wp-content\/uploads\/2021\/11\/Captura-de-Pantalla-2021-11-25-a-las-16.42.29.png\"><img decoding=\"async\" src=\"https:\/\/redsemlac.com\/semmexico\/wp-content\/uploads\/2021\/11\/Captura-de-Pantalla-2021-11-25-a-las-16.42.29-785x1024.png\" alt=\"\" class=\"wp-image-42610\"\/><\/a><\/figure>\n\n\n\n<p class=\"wp-block-paragraph\">Detr\u00e1s del escenario del pronunciamiento, las estatuas elaboradas por una emblem\u00e1tica artista mexicana, la escultora indigenista Carmen Carrillo Ant\u00fanez, mujeres de cada regi\u00f3n y un danzante de la Pluma (1956, con excepci\u00f3n de la mujer de la sierra sur incorporada en 2010), luc\u00edan colgados sobre sus pechos bandas moradas y el n\u00famero de feminicidios ocurridos en la mixteca, la costa, las sierras sur y norte, la cuenca, la ca\u00f1ada, valles centrales e istmo. Desde ah\u00ed, las j\u00f3venes exigieron a las autoridades&nbsp;no da\u00f1ar ni menoscabar el s\u00edmbolo de expresi\u00f3n de repudio a la violencia feminicida y feminicidio en Oaxaca.&nbsp;<\/p>\n\n\n\n<p class=\"wp-block-paragraph\">En el pronunciamiento 25N, le\u00eddo por cuatro de las j\u00f3venes que acompa\u00f1adas por organizaciones feministas hicieron realidad la Monumenta, reafirmaron que seguir\u00e1n luchando \u201ccodo a codo, hombro a hombro,&nbsp;no nos soltaremos jam\u00e1s, pues esta lucha es constante, diariamente habitamos un pa\u00eds sumergido en la violencia, generada por el patriarcado, el racismo y la discriminaci\u00f3n\u201d.<\/p>\n\n\n\n<p class=\"wp-block-paragraph\">\u00a1Existimos y resistimos ante todo obst\u00e1culo! \u00a1Nos armamos contra el olvido! Transformando el dolor en dignidad, la tristeza en rebeld\u00eda y la impotencia en esperanza, afirmaron minutos antes de la develaci\u00f3n de la Monumenta de tres metros de altura en color rosa y morado.<\/p>\n\n\n\n<p class=\"wp-block-paragraph\">Las j\u00f3venes cuestionaron y denunciaron la simulaci\u00f3n con la que ha actuado el gobierno estatal, la falta de resultados con la alerta de g\u00e9nero dictada por la Secretar\u00eda de Gobernaci\u00f3n en solo 40 de los 570 municipios del estado, desde agosto de 2018.<\/p>\n\n\n\n<p class=\"wp-block-paragraph\">Tenemos 575 feminicidios en casi cinco a\u00f1os del sexenio de Alejandro Murat, de los cuales, en la mayor\u00eda de los casos las v\u00edctimas no han encontrado justicia y verdad, el mismo sistema encargado de procurar e impartirla ha fallado, no tomando las denuncias, no dictando o no ejecutando las detenciones y m\u00e1s tr\u00e1gico a\u00fan, no dictando sentencias condenatorias.&nbsp;<\/p>\n\n\n\n<p class=\"wp-block-paragraph\">En este mismo sexenio se registran mil 484 mujeres desaparecidas, donde tampoco hay avances de las investigaciones ni mecanismos eficientes de b\u00fasqueda, que deje de encubrir criminales.&nbsp;<\/p>\n\n\n\n<p class=\"wp-block-paragraph\">Se\u00f1alaron de ineptos a los funcionarios, empezando por Murat Hinojosa; al fiscal Arturo Peimbert Calvo; a Juan Carlos M\u00e1rquez Heine, director general de los Servicios de Salud de Oaxaca; a la titular de la Secretar\u00eda de la Mujer Oaxaque\u00f1a, Ana V\u00e1zquez Colmenares; al presidente municipal de Oaxaca de Ju\u00e1rez, Oswaldo Garc\u00eda Jarqu\u00edn; a Nallely Hern\u00e1ndez Garc\u00eda, titular de la Secretar\u00eda de los Pueblos Ind\u00edgenas y Afromexicanos y a los diputadas y diputados del Congreso del Estado. Un gobierno cuestionado por no cambiar nada las condiciones que reproducen la violencia.<\/p>\n\n\n\n<p class=\"wp-block-paragraph\">Tambi\u00e9n recordaron a las defensoras del territorio criminalizadas, violentadas, desaparecidas y asesinadas por cuidar la tierra donde habitan, por impedir que proyectos extractivistas se impongan en sus comunidades.&nbsp;<\/p>\n\n\n\n<p class=\"wp-block-paragraph\">Dijeron que Oaxaca ocupa el cuarto lugar a nivel nacional por abuso sexual infantil, perpetrado principalmente por hombres de la propia familia y apuntaron que esta situaci\u00f3n se agrav\u00f3 a ra\u00edz de la pandemia de Covid-19.<\/p>\n\n\n\n<p class=\"wp-block-paragraph\">\u00a1Sobre las ruinas del patriarcado,&nbsp;nosotras construimos esperanza! Fueron las palabras con las que se cerr\u00f3 el pronunciamiento 25N.<\/p>\n\n\n\n<p class=\"wp-block-paragraph\">SEM\/sj<\/p>\n","protected":false},"excerpt":{"rendered":"<p>*&nbsp;Habitamos un pa\u00eds sumergido en la violencia, generada por el patriarcado, el racismo y la discriminaci\u00f3n, dicen las j\u00f3venes *&nbsp;Durante tres noches y sus d\u00edas se encendieron 575 veladoras, una por cada mujer asesinada en los \u00faltimos cinco a\u00f1os Soledad Jarqu\u00edn Edgar SemM\u00e9xico, Oaxaca de Ju\u00e1rez , 25 de noviembre, 2021.- Una Monumenta contra el [&hellip;]<\/p>\n","protected":false},"author":3,"featured_media":42611,"comment_status":"open","ping_status":"open","sticky":false,"template":"","format":"standard","meta":{"_monsterinsights_skip_tracking":false,"footnotes":""},"categories":[626,692],"tags":[],"class_list":["post-42608","post","type-post","status-publish","format-standard","has-post-thumbnail","category-16-dias","category-692"],"_links":{"self":[{"href":"https:\/\/redsemlac.com\/semmexico\/wp-json\/wp\/v2\/posts\/42608","targetHints":{"allow":["GET"]}}],"collection":[{"href":"https:\/\/redsemlac.com\/semmexico\/wp-json\/wp\/v2\/posts"}],"about":[{"href":"https:\/\/redsemlac.com\/semmexico\/wp-json\/wp\/v2\/types\/post"}],"author":[{"embeddable":true,"href":"https:\/\/redsemlac.com\/semmexico\/wp-json\/wp\/v2\/users\/3"}],"replies":[{"embeddable":true,"href":"https:\/\/redsemlac.com\/semmexico\/wp-json\/wp\/v2\/comments?post=42608"}],"version-history":[{"count":0,"href":"https:\/\/redsemlac.com\/semmexico\/wp-json\/wp\/v2\/posts\/42608\/revisions"}],"wp:featuredmedia":[{"embeddable":true,"href":"https:\/\/redsemlac.com\/semmexico\/wp-json\/wp\/v2\/media\/42611"}],"wp:attachment":[{"href":"https:\/\/redsemlac.com\/semmexico\/wp-json\/wp\/v2\/media?parent=42608"}],"wp:term":[{"taxonomy":"category","embeddable":true,"href":"https:\/\/redsemlac.com\/semmexico\/wp-json\/wp\/v2\/categories?post=42608"},{"taxonomy":"post_tag","embeddable":true,"href":"https:\/\/redsemlac.com\/semmexico\/wp-json\/wp\/v2\/tags?post=42608"}],"curies":[{"name":"wp","href":"https:\/\/api.w.org\/{rel}","templated":true}]}}