{"id":42602,"date":"2021-11-25T15:45:35","date_gmt":"2021-11-25T21:45:35","guid":{"rendered":"https:\/\/redsemlac.com\/semmexico\/?p=42602"},"modified":"2023-07-21T18:52:57","modified_gmt":"2023-07-21T23:52:57","slug":"pide-diputado-de-morena-no-mas-funcionarios-delincuentes-en-oaxaca","status":"publish","type":"post","link":"https:\/\/redsemlac.com\/semmexico\/pide-diputado-de-morena-no-mas-funcionarios-delincuentes-en-oaxaca\/","title":{"rendered":"Pide diputado de Morena: no m\u00e1s funcionarios delincuentes en Oaxaca"},"content":{"rendered":"\n<ul class=\"wp-block-list\"><li><strong> C\u00e9sar Mateos Ben\u00edtez pide al Fiscal de Oaxaca investigar a quienes han obstaculizado la justicia para Mar\u00eda del Sol<\/strong><\/li><\/ul>\n\n\n\n<ul class=\"wp-block-list\"><li><strong> Recuerda las detenciones y acusaciones falsas contra 149 personas, incluyendo ni\u00f1os y ni\u00f1as durante el 2006<\/strong><\/li><\/ul>\n\n\n\n<p class=\"wp-block-paragraph\"><strong>Redacci\u00f3n<\/strong><\/p>\n\n\n\n<p class=\"wp-block-paragraph\">SemM\u00e9xico, Oaxaca, 25 de noviembre, 2021.- El diputado de Morena, C\u00e9sar Mateos Ben\u00edtez, solicit\u00f3 desde la tribuna al fiscal de Oaxaca, Arturo de Jes\u00fas Peimbert Calvo, \u201ciniciar de oficio las investigaciones contra quienes resulten responsables de los delitos contra la administraci\u00f3n de justicia cometidos por servidores p\u00fablicos o en su caso por el ejercicio il\u00edcito de servidores o servidor p\u00fablico, por las conductas que van desde la falta de cuidado y conservaci\u00f3n de las pruebas hasta la fabricaci\u00f3n de testigos que han impedido la justicia en el caso del asesinato de Mar\u00eda del Sol Cruz Jarqu\u00edn.<\/p>\n\n\n\n<p class=\"wp-block-paragraph\">En la Sesi\u00f3n Ordinaria de la LXV Legislatura local, a escasas horas de la conmemoraci\u00f3n del 25 de noviembre, D\u00eda Internacional de la Eliminaci\u00f3n de la Violencia contra la Mujer, record\u00f3 la falta de justicia para el caso de Mar\u00eda del Sol Cruz Jarqu\u00edn y de Pamela Itzamaray Ter\u00e1n Pineda, asesinadas en Juchit\u00e1n de Zaragoza el 2 de junio de 2018.<\/p>\n\n\n\n<p class=\"wp-block-paragraph\">Por ello, enf\u00e1tico se\u00f1al\u00f3:<\/p>\n\n\n\n<p class=\"wp-block-paragraph\">\u201cYa no podemos seguir permitiendo m\u00e1s corrupci\u00f3n en el servicio p\u00fablico, ya no podemos permitir que la impunidad siga reinando en Oaxaca, no m\u00e1s funcionarios delincuentes\u201d.<\/p>\n\n\n\n<p class=\"wp-block-paragraph\">Mateos Ben\u00edtez expuso que el pasado lunes 22 de noviembre, la periodista Soledad Jarqu\u00edn Edgar denunci\u00f3 la corrupci\u00f3n que llev\u00f3 a la Fiscal\u00eda General del Estado a solicitar ante el Tribunal de Enjuiciamiento el sobreseimiento parcial de la causa penal del triple asesinato.<\/p>\n\n\n\n<p class=\"wp-block-paragraph\">Dijo que desde que ocurrieron los hechos, la periodista y madre de Mar\u00eda del Sol ha se\u00f1alado dilaciones, corrupci\u00f3n y ocultamiento de informaci\u00f3n que han obstaculizado la justicia de Mar\u00eda del Sol y las otras v\u00edctimas.<\/p>\n\n\n\n<p class=\"wp-block-paragraph\">Tambi\u00e9n se refiri\u00f3 a los hechos ocurridos el 25 de noviembre de 2006 cuando 149 personas fueron detenidos, incluyendo ni\u00f1as y ni\u00f1os a quienes se les amenaz\u00f3 con descuartizar a sus madres y padres, acusados de delitos como secuestro, lesiones y robo, entre muchas falsas acusaciones.<\/p>\n\n\n\n<p class=\"wp-block-paragraph\">Las acusaciones obedecieron a la intenci\u00f3n de desactivar una rebeli\u00f3n popular encabezada por la Asamblea Popular de los Pueblos de Oaxaca cuyas demandas centrales fueron siempre en torno a la democratizaci\u00f3n a la vida p\u00fablica del estado.<\/p>\n\n\n\n<p class=\"wp-block-paragraph\">No vamos a olvidar el 25 de noviembre, porque en Oaxaca contin\u00faa la injusticia. Oaxaca es y ha sido hist\u00f3ricamente un estado convulso derivado de la injusticia generalizada contra el pueblo y los gobiernos han respondido siempre con m\u00e1s injusticia.<\/p>\n\n\n\n<p class=\"wp-block-paragraph\">Es hora de dar la vuelta a la mesa, es hora de que haya justicia, porque no habr\u00e1 paz sin justicia, concluy\u00f3 el diputado de Morena.<\/p>\n","protected":false},"excerpt":{"rendered":"<p> Recuerda las detenciones y acusaciones falsas contra 149 personas, incluyendo ni\u00f1os y ni\u00f1as durante el 2006<\/p>\n","protected":false},"author":3,"featured_media":42603,"comment_status":"open","ping_status":"open","sticky":false,"template":"","format":"standard","meta":{"_monsterinsights_skip_tracking":false,"footnotes":""},"categories":[692,50],"tags":[],"class_list":["post-42602","post","type-post","status-publish","format-standard","has-post-thumbnail","category-692","category-congreso"],"_links":{"self":[{"href":"https:\/\/redsemlac.com\/semmexico\/wp-json\/wp\/v2\/posts\/42602","targetHints":{"allow":["GET"]}}],"collection":[{"href":"https:\/\/redsemlac.com\/semmexico\/wp-json\/wp\/v2\/posts"}],"about":[{"href":"https:\/\/redsemlac.com\/semmexico\/wp-json\/wp\/v2\/types\/post"}],"author":[{"embeddable":true,"href":"https:\/\/redsemlac.com\/semmexico\/wp-json\/wp\/v2\/users\/3"}],"replies":[{"embeddable":true,"href":"https:\/\/redsemlac.com\/semmexico\/wp-json\/wp\/v2\/comments?post=42602"}],"version-history":[{"count":0,"href":"https:\/\/redsemlac.com\/semmexico\/wp-json\/wp\/v2\/posts\/42602\/revisions"}],"wp:featuredmedia":[{"embeddable":true,"href":"https:\/\/redsemlac.com\/semmexico\/wp-json\/wp\/v2\/media\/42603"}],"wp:attachment":[{"href":"https:\/\/redsemlac.com\/semmexico\/wp-json\/wp\/v2\/media?parent=42602"}],"wp:term":[{"taxonomy":"category","embeddable":true,"href":"https:\/\/redsemlac.com\/semmexico\/wp-json\/wp\/v2\/categories?post=42602"},{"taxonomy":"post_tag","embeddable":true,"href":"https:\/\/redsemlac.com\/semmexico\/wp-json\/wp\/v2\/tags?post=42602"}],"curies":[{"name":"wp","href":"https:\/\/api.w.org\/{rel}","templated":true}]}}