{"id":42572,"date":"2021-11-25T11:46:12","date_gmt":"2021-11-25T17:46:12","guid":{"rendered":"https:\/\/redsemlac.com\/semmexico\/?p=42572"},"modified":"2023-07-21T18:52:58","modified_gmt":"2023-07-21T23:52:58","slug":"el-racismo-y-la-discriminacion-no-se-van-a-resolver-por-decreto-compania-nacional-de-teatro","status":"publish","type":"post","link":"https:\/\/redsemlac.com\/semmexico\/el-racismo-y-la-discriminacion-no-se-van-a-resolver-por-decreto-compania-nacional-de-teatro\/","title":{"rendered":"El racismo y la discriminaci\u00f3n no se van a resolver por decreto: Compa\u00f1\u00eda Nacional de Teatro"},"content":{"rendered":"\n<p class=\"wp-block-paragraph\">Contra la imposici\u00f3n a&nbsp;&nbsp;una biopol\u00edtica particular en una disciplina art\u00edstica: la discriminaci\u00f3n no alude solo al color de la piel, sino tambi\u00e9n a otras formas corporales<\/p>\n\n\n\n<p class=\"wp-block-paragraph\">Posicionamiento ante el punto de acuerdo para implementar la selecci\u00f3n de sus elencos con base en el proyecto PERLA<\/p>\n\n\n\n<p class=\"wp-block-paragraph\">Redacci\u00f3n<\/p>\n\n\n\n<p class=\"wp-block-paragraph\">SemM\u00e9xico, Cd. de M\u00e9xico, 25 de noviembre, 2021.- La Compa\u00f1\u00eda Nacional de Teatro&nbsp;&nbsp;CNT circul\u00f3 ayer un posicionamiento a la \u201cpretensi\u00f3n de introducir criterios raciales y de fenotipo en la selecci\u00f3n de los actores y las actrices del elenco.<\/p>\n\n\n\n<p class=\"wp-block-paragraph\">Explican en un comunicado que en d\u00edas recientes, un diario de circulaci\u00f3n nacional dio a conocer la pretensi\u00f3n de diputadas del Congreso de la Ciudad de M\u00e9xico, X\u00f3chitl Bravo Espinosa, Indal\u00ed Pardillo Cadena y Ana Francis L\u00f3pez Baughen Pati\u00f1o, de presentar un punto de acuerdo para que la CNT&nbsp;&nbsp;de Bellas Artes y Literatura (INBAL) incluya en su pr\u00f3xima convocatoria la aplicaci\u00f3n de la paleta de color creada por una investigaci\u00f3n denominada&nbsp;<em>Proyecto sobre Etnicidad y Raza en Am\u00e9rica Latina&nbsp;<\/em>( PERLA),&nbsp;por sus siglas en ingl\u00e9s.&nbsp;&nbsp;<\/p>\n\n\n\n<p class=\"wp-block-paragraph\">Afirma su posicionamiento que m\u00e1s all\u00e1 de que se apruebe o no en el Congreso de car\u00e1cter local una recomendaci\u00f3n a un organismo que pertenece al gobierno federal, su propuesta merece una reflexi\u00f3n mucho m\u00e1s all\u00e1 de la buena intenci\u00f3n y debe analizarse con cuidado y responsabilidad, debido a que el racismo y la discriminaci\u00f3n no se van a resolver por decreto.&nbsp;<\/p>\n\n\n\n<p class=\"wp-block-paragraph\">Y declara: La Compa\u00f1\u00eda Nacional de Teatro celebra que las diputadas tengan inter\u00e9s por combatir el racismo y la discriminaci\u00f3n que hist\u00f3ricamente ha existido y sigue existiendo en M\u00e9xico, no solo en el teatro, sino, como se\u00f1ala la nota de prensa, especialmente en la televisi\u00f3n y la industria audiovisual, que influyen de manera frontal en los imaginarios sociales desde una est\u00e9tica en la cual la mayor\u00eda de quienes salen a cuadro son hombres y mujeres, blancos, esbeltos, altos, donde el cuerpo de la mujer se vuelve objeto de publicidad y en el cual se es moreno o prieto, solo cuando se alude a la pobreza o la vulnerabilidad.&nbsp;&nbsp;&nbsp;&nbsp;<\/p>\n\n\n\n<p class=\"wp-block-paragraph\">\u201cCompartimos el hecho de que el racismo en M\u00e9xico es insostenible, estamos conscientes que las condiciones de una parte importante de nuestra poblaci\u00f3n, la cual vive en una situaci\u00f3n de exclusi\u00f3n y discriminaci\u00f3n, es inadmisible y nos corresponde como sociedad en su conjunto resolverlo, sabemos que debe haber pol\u00edtica p\u00fablica al respecto.&nbsp;<\/p>\n\n\n\n<p class=\"wp-block-paragraph\">\u201cEn la CNT nunca se ha rechazado a alguien que cumpla con las exigencias art\u00edsticas por su color de piel, su procedencia, identidad sexual, postura pol\u00edtica o creencia religiosa.&nbsp;<\/p>\n\n\n\n<p class=\"wp-block-paragraph\">\u201cLa CNT ha manifestado en diferentes momentos su apoyo a las mejores causas de diversidad, no discriminaci\u00f3n e igualdad de g\u00e9nero, mismas que ahora el INBAL -instituci\u00f3n de la Secretar\u00eda de Cultura del Gobierno de M\u00e9xico-, entidad a la que pertenecemos, ha establecido como ejes transversales.<\/p>\n\n\n\n<p class=\"wp-block-paragraph\">\u201c La CNT ha llevado a la escena obras como&nbsp;<em>DeSaz\u00f3n, Zoot suit, La panader\u00eda, Latir, Horas de gracia, Soles en la sombra<\/em>&nbsp;y otras m\u00e1s que hablan de la discriminaci\u00f3n de diferentes tipos. La equidad de g\u00e9nero en la Compa\u00f1\u00eda es una realidad indiscutible, la CNT est\u00e1 integrada por un total de 52 mujeres y 47 hombres divididos de la siguiente manera: Elenco estable 27 mujeres y 25 hombres. En el \u00e1rea t\u00e9cnica trabajan 8 mujeres y 7 hombres. En las coordinaciones escenot\u00e9cnicas participan 4 mujeres y 2 hombres. Y en el equipo administrativo colaboran 13 mujeres y 10 hombres. Sabemos que eso no es suficiente, por lo que tambi\u00e9n hemos asumido un impulso a las directoras y a la dramaturgia de mujeres. Desde 2019 se han presentado 21 obras, 9 de ellas de teatro breve, escritas por mujeres. Seguiremos haci\u00e9ndolo.&nbsp;&nbsp;<\/p>\n\n\n\n<p class=\"wp-block-paragraph\">\u201cLa CNT tiene car\u00e1cter y act\u00faa a nivel nacional, no es de la Ciudad de M\u00e9xico. De 55 integrantes del elenco, 27 proceden de Chiapas, Chihuahua, Durango, Jalisco, Michoac\u00e1n, Morelos, Puebla, Sinaloa, Sonora, Veracruz y Yucat\u00e1n. Tambi\u00e9n incluye a personas inmigrantes de otros pa\u00edses que se han nacionalizado mexicanas\u201d&nbsp;<\/p>\n\n\n\n<p class=\"wp-block-paragraph\">Sostiene el posicionamiento que pretender que desde la legislaci\u00f3n se imponga una biopol\u00edtica particular a una disciplina art\u00edstica, as\u00ed como intentar legislar los tonos de color de piel es riesgoso.&nbsp;<\/p>\n\n\n\n<p class=\"wp-block-paragraph\">La discriminaci\u00f3n no alude solo al color de la piel, sino tambi\u00e9n a otras formas corporales, discapacidades, lengua, g\u00e9nero, identidad, gustos est\u00e9ticos, entre otras m\u00e1s.&nbsp;<\/p>\n\n\n\n<p class=\"wp-block-paragraph\">El PERLA es un estudio serio, realizado en Brasil, Colombia, M\u00e9xico y Per\u00fa, aunque en M\u00e9xico se concentr\u00f3 en la poblaci\u00f3n afrodescendiente e ind\u00edgena. Tambi\u00e9n es controvertido como cualquier otra investigaci\u00f3n en torno de la identificaci\u00f3n de la relaci\u00f3n entre los factores etnoraciales y las desigualdades, particularmente educativas.&nbsp;&nbsp;&nbsp;<\/p>\n\n\n\n<p class=\"wp-block-paragraph\">Por ello, aun cuando la iniciativa de las diputadas se entiende como una pol\u00edtica afirmativa, positiva, es fundamental acudir a la pregunta m\u00e1s importante:&nbsp;\u00bfqu\u00e9 es lo que hace posible la discriminaci\u00f3n? \u00bfse deben buscar cuotas de color de piel basadas en una investigaci\u00f3n acad\u00e9mica loable y todav\u00eda en ciernes? \u00bfc\u00f3mo se&nbsp;mejoran las condiciones de acceso a la formaci\u00f3n actoral que prevalecen en el pa\u00eds y especialmente a los que no tienen acceso? \u00bfc\u00f3mo llega la educaci\u00f3n art\u00edstica a los pueblos originarios y las comunidades afrodescendientes?&nbsp;<\/p>\n\n\n\n<p class=\"wp-block-paragraph\">La CNT es un organismo vivo, siempre en proceso de cambio, dispuesta a configurarse para estar a la altura de los tiempos que vive nuestro pa\u00eds.&nbsp;&nbsp;&nbsp;<\/p>\n\n\n\n<p class=\"wp-block-paragraph\">La Compa\u00f1\u00eda Nacional de Teatro est\u00e1 comprometida con la no discriminaci\u00f3n y con una pol\u00edtica de cero tolerancia a la violencia de g\u00e9nero. Nos preparamos tambi\u00e9n para trabajar con personas que viven con capacidades diferentes. Al transitar hacia una nueva configuraci\u00f3n como parte del Programa de Residencias Art\u00edsticas de Grupos Estables del INBAL (PRAGEI) nuestras convocatorias siempre est\u00e1n en constante revisi\u00f3n para fortalecer la inclusi\u00f3n y la diversidad.&nbsp;&nbsp;<\/p>\n\n\n\n<p class=\"wp-block-paragraph\">\u201cQuienes integramos la CNT tenemos disposici\u00f3n de colaborar con cualquier conjunto legislativo, campa\u00f1a institucional o de la sociedad civil que se proponga influir en el cambio de la est\u00e9tica de esos medios masivos para que contribuyan a desestructurar la hegemon\u00eda eurocentrista, blanca y machista en que se finca la discriminaci\u00f3n y los prejuicios que estigmatizan las identidades, los tonos de piel y la complexi\u00f3n de quienes proceden de culturas originarias, pueblos afromexicanos y muchas otras identidades y subjetividades que no se corresponden con el estereotipo hegem\u00f3nico.\u201d&nbsp;<\/p>\n\n\n\n<p class=\"wp-block-paragraph\">FIRMAN: Anabel Altamirano, Marta Aura, Arturo Beristain, Fernando Bueno, Eduardo Cand\u00e1s,&nbsp; Karla Camarillo, Rodrigo Caravantes, Sergio Carre\u00f3n, Miguel Cooper, Tania Currilla, \u00c9rika de la Llave, Paloma de la Riva, Julieta Egurrola, Berenice Esquivel, Sonia Franco, Liliana Figueroa Vizzuett, Ana Ligia Garc\u00eda, Mariana Gim\u00e9nez, Erando Gonz\u00e1lez, Mireya Gonz\u00e1lez, Zaide Silvia Guti\u00e9rrez, Mart\u00edn Hern\u00e1ndez, Sergio Hern\u00e1ndez, Olaff Herrera, Fernando Huerta Zamacona, Luisa Huertas, Judith Inda, Mar\u00eda Adriana Lara, Jorge Le\u00f3n, Ana Paola Loaiza, Miguel \u00c1ngel L\u00f3pez, David Lynn, Jessica Macuixtle, Dulce Mariel, Mauricio Martag\u00f3n, Carlos Matus, Jessy Mej\u00eda, Gast\u00f3n Melo, Jefferly Montes, Ana Ofelia Murgu\u00eda, Mar\u00eda del Mar N\u00e1der, \u00d3scar Narv\u00e1ez, Gabriela N\u00fa\u00f1ez, Christian N\u00fa\u00f1ez, Carlos Ord\u00f3\u00f1ez, Laura Padilla, Luis Eduardo Palacios, Francis Palomares, Ioz\u00e9 Pe\u00f1aloza, Ana Karen Peraza, Kay P\u00e9rez, Luis R\u00e1bago, Pablo Ram\u00edrez, Rold\u00e1n Ram\u00edrez, Cecilia Ram\u00edrez Romo, Alejandro Rangel, Karina River\u00f3n, Javier Rodr\u00edguez,&nbsp; Jos\u00e9 Carlos Rodr\u00edguez, Antonio Rojas, Osana Sandoval, Fernando Santiago, Gustavo Schaar, Gabriela Schiav\u00f3n, Amanda Schmelz, Enrique Singer, Roberto Soto, Perla Tinoco, Mariana Torres, Edwin Tovar, Alan Uribe Villarruel, Mariana Villase\u00f1or, Litzaxaya Vald\u00e9s,&nbsp; Melissa Var\u00efsh, C\u00e9sar Alejandro V\u00e1zquez Hern\u00e1ndez, Rodrigo V\u00e1zquez, Ana Gabriela Villasana y Andr\u00e9s Weiss.&nbsp;<\/p>\n","protected":false},"excerpt":{"rendered":"<p>Contra la imposici\u00f3n a&nbsp;&nbsp;una biopol\u00edtica particular en una disciplina art\u00edstica: la discriminaci\u00f3n no alude solo al color de la piel, sino tambi\u00e9n a otras formas corporales Posicionamiento ante el punto de acuerdo para implementar la selecci\u00f3n de sus elencos con base en el proyecto PERLA Redacci\u00f3n SemM\u00e9xico, Cd. de M\u00e9xico, 25 de noviembre, 2021.- La [&hellip;]<\/p>\n","protected":false},"author":3,"featured_media":42575,"comment_status":"open","ping_status":"open","sticky":false,"template":"","format":"standard","meta":{"_monsterinsights_skip_tracking":false,"footnotes":""},"categories":[692,45],"tags":[],"class_list":["post-42572","post","type-post","status-publish","format-standard","has-post-thumbnail","category-692","category-cultura"],"_links":{"self":[{"href":"https:\/\/redsemlac.com\/semmexico\/wp-json\/wp\/v2\/posts\/42572","targetHints":{"allow":["GET"]}}],"collection":[{"href":"https:\/\/redsemlac.com\/semmexico\/wp-json\/wp\/v2\/posts"}],"about":[{"href":"https:\/\/redsemlac.com\/semmexico\/wp-json\/wp\/v2\/types\/post"}],"author":[{"embeddable":true,"href":"https:\/\/redsemlac.com\/semmexico\/wp-json\/wp\/v2\/users\/3"}],"replies":[{"embeddable":true,"href":"https:\/\/redsemlac.com\/semmexico\/wp-json\/wp\/v2\/comments?post=42572"}],"version-history":[{"count":0,"href":"https:\/\/redsemlac.com\/semmexico\/wp-json\/wp\/v2\/posts\/42572\/revisions"}],"wp:featuredmedia":[{"embeddable":true,"href":"https:\/\/redsemlac.com\/semmexico\/wp-json\/wp\/v2\/media\/42575"}],"wp:attachment":[{"href":"https:\/\/redsemlac.com\/semmexico\/wp-json\/wp\/v2\/media?parent=42572"}],"wp:term":[{"taxonomy":"category","embeddable":true,"href":"https:\/\/redsemlac.com\/semmexico\/wp-json\/wp\/v2\/categories?post=42572"},{"taxonomy":"post_tag","embeddable":true,"href":"https:\/\/redsemlac.com\/semmexico\/wp-json\/wp\/v2\/tags?post=42572"}],"curies":[{"name":"wp","href":"https:\/\/api.w.org\/{rel}","templated":true}]}}