{"id":42556,"date":"2021-11-25T11:20:25","date_gmt":"2021-11-25T17:20:25","guid":{"rendered":"https:\/\/redsemlac.com\/semmexico\/?p=42556"},"modified":"2023-07-21T18:52:58","modified_gmt":"2023-07-21T23:52:58","slug":"mujeres-migrantes-victimas-de-violencia-machista-en-espana-sobrerrepresentacion-en-las-cifras-e-infrarrepresentacion-en-los-sistemas-de-proteccion","status":"publish","type":"post","link":"https:\/\/redsemlac.com\/semmexico\/mujeres-migrantes-victimas-de-violencia-machista-en-espana-sobrerrepresentacion-en-las-cifras-e-infrarrepresentacion-en-los-sistemas-de-proteccion\/","title":{"rendered":"Mujeres migrantes v\u00edctimas de violencia machista en Espa\u00f1a: sobrerrepresentaci\u00f3n en las cifras e infrarrepresentaci\u00f3n en los sistemas de protecci\u00f3n"},"content":{"rendered":"\n<p class=\"wp-block-paragraph\">Por&nbsp;<a href=\"https:\/\/amecopress.net\/Julia-Cuesta-del-Hoyo\">Julia Cuesta del Hoyo<\/a><\/p>\n\n\n\n<p class=\"wp-block-paragraph\">SemM\u00e9xico. Madrid, 25 nov. 21. AmecoPress.-\u00a0<em>\u201cCuando yo termin\u00e9 con \u00e9l, yo era muy callada. Casi no hablaba con la gente, no ten\u00eda casi amigos, entonces, hab\u00eda ah\u00ed una amiga, To\u00f1i, que ya lleg\u00f3 y me habl\u00f3. Me dio corte, pero yo pens\u00e9 \u201cella tiene que ser mi amiga\u201d, porque claro, tu sabes, el tema del maltratador es como encerrarte y que no hables con nadie, entonces, yo era un poco callada y sola. (\u2026) Yo pensaba: \u201cyo no quiero vivir as\u00ed\u201d. Yo sola me daba \u00e1nimos: \u201c\u00bfT\u00fa no quieres vivir as\u00ed verdad? Con un hombre as\u00ed \u00bfverdad? Pues, entonces, \u00a1venga!\u201d, y me daba muchos \u00e1nimos.\u201d Este es tan solo uno de los fragmentos de la historia de vida de Cristina, una mujer colombiana que, al igual que muchas otras, fue v\u00edctima de violencia de g\u00e9nero. La historia de Cristina, en la cual fue clave el apoyo de otras mujeres, es una de las 19 historias de vida que recoge el estudio \u2018Tirar del hilo: historias de mujeres migradas supervivientes de violencia machista\u2019.<\/em><\/p>\n\n\n\n<p class=\"wp-block-paragraph\">Las mujeres migrantes en Espa\u00f1a hacen frente a una serie de circunstancias personales, administrativas, sociales y jur\u00eddicas que dificultan su situaci\u00f3n y aumentan su grado de vulnerabilidad, tanto social como frente a las violencias machistas. Un acceso al empleo muy limitado, los tres a\u00f1os en situaci\u00f3n irregular hasta poder solicitar arraigo laboral o social y la necesidad imperiosa de encontrar un empleo para poder subsistir -lo que generalmente supone trabajar en unas condiciones laborales p\u00e9simas- son algunas de las problem\u00e1ticas con las que este colectivo social lidia.<\/p>\n\n\n\n<p class=\"wp-block-paragraph\">Adem\u00e1s, en muchas ocasiones, a estas dificultades se les suma el desconocimiento del idioma y la falta de una red de apoyo en el pa\u00eds. Todas estas complicaciones acaban por desembocar en una limitaci\u00f3n de acceso a algunos derechos humanos fundamentales como es el derecho a una vida libre de violencias.<\/p>\n\n\n\n<p class=\"wp-block-paragraph\">Estas circunstancias se entrelazan en un contexto institucional que, lejos de ofrecer ayuda o facilitar el acceso a esta, reproduce prejuicios y actitudes racistas que vulneran a\u00fan m\u00e1s su postura. Los poderes p\u00fablicos de Estados de origen, paso y destino juegan un rol clave en la desprotecci\u00f3n de las personas migrantes y, m\u00e1s acentuadamente, de las mujeres.<\/p>\n\n\n\n<h3 class=\"wp-block-heading\">A esta situaci\u00f3n se suma un contexto institucional que, lejos de ofrecer ayuda o facilitar el acceso a esta, reproduce prejuicios y actitudes racistas que vulneran a\u00fan m\u00e1s su postura<\/h3>\n\n\n\n<p class=\"wp-block-paragraph\">Como fruto de todos estos condicionantes, y tal y como indican todas las fuentes disponibles, las mujeres migrantes se encuentran sobrerrepresentadas en los datos sobre violencia machista. Seg\u00fan el segundo informe presentado por AETI y la Red de Mujeres Latinoamericanas y del Caribe \u201cMujeres Migrantes V\u00edctimas de Violencia de G\u00e9nero en Espa\u00f1a\u201d, las mujeres extranjeras superan el 30% en las tasas de feminicidios, denuncias y llamadas al 016 en Espa\u00f1a, lo que se traduce en la desproporcionada representaci\u00f3n de este colectivo en los datos de violencia de g\u00e9nero.<\/p>\n\n\n\n<p class=\"wp-block-paragraph\">Si bien, cabe se\u00f1alar que esta sobrerrepresentaci\u00f3n entre las v\u00edctimas migrantes no se corresponde con una sobrerrepresentaci\u00f3n de extranjeros entre los agresores. Tan solo un 10% de los feminicidios a mujeres espa\u00f1olas entre 2003 y 2019 fue provocado por extranjeros, mientras que en el caso contrario, un 24% de los feminicidios a mujeres extranjeras entre estos mismos a\u00f1os fueron llevados a cabo por espa\u00f1oles.<\/p>\n\n\n\n<p class=\"wp-block-paragraph\">La Red de Mujeres Latinoamericanas y del Caribe junto con AIETI han elaborado recientemente dos estudios que presentan la situaci\u00f3n de las mujeres migrantes v\u00edctimas de violencia machista en Espa\u00f1a. Por un lado se encuentra el an\u00e1lisis cuantitativo ya mencionado, \u201cMujeres Migrantes V\u00edctimas de Violencia de G\u00e9nero en Espa\u00f1a\u201d, y por otro lado, tiene lugar un an\u00e1lisis cualitativo de historias de vida denominado \u201cTirar del hilo\u201d con el que se busca entender qu\u00e9 ocurre detr\u00e1s de las cifras.<\/p>\n\n\n\n<figure class=\"wp-block-image\"><a href=\"https:\/\/amecopress.net\/IMG\/jpg\/ninas-red-e1623332388631.jpg\"><img decoding=\"async\" src=\"https:\/\/amecopress.net\/local\/cache-vignettes\/L700xH577\/ninas-red-e1623332388631-b6322.jpg\" alt=\"JPEG\"\/><\/a><\/figure>\n\n\n\n<p class=\"wp-block-paragraph\">Silvina Monteros Obelar, miembro de la Red de Mujeres Latinoamericanas y del Caribe, explica c\u00f3mo y por qu\u00e9 se plante\u00f3 la elaboraci\u00f3n de estos informes. \u201cLas asociaciones de mujeres migrantes nos d\u00e1bamos cuenta de que cada vez m\u00e1s mujeres migrantes solicitaban ayuda, atenci\u00f3n o informaci\u00f3n en temas de violencia de g\u00e9nero. Esa demanda crec\u00eda y las estad\u00edsticas tambi\u00e9n lo apuntaban.\u201d Ante esta problem\u00e1tica, surge la necesidad de aunar y analizar todas las fuentes oficiales existentes en Espa\u00f1a, \u201cson muchas y complicadas de unificar y analizar en conjunto, porque recogen aspectos muy diversos de la violencia\u201d.<\/p>\n\n\n\n<p class=\"wp-block-paragraph\">Este an\u00e1lisis cuantitativo no solo confirm\u00f3 la hip\u00f3tesis de que las mujeres migrantes est\u00e1n sobrerrepresentadas en los datos de violencia machista de Espa\u00f1a, sino que adem\u00e1s reflejaba que tambi\u00e9n existe una infrarrepresentaci\u00f3n de mujeres migrantes en los sistemas de protecci\u00f3n. En cuanto a las ayudas econ\u00f3micas especificas a mujeres migrantes en esta situaci\u00f3n, la cifra desciende en comparaci\u00f3n al alto \u00edndice de violencia que existe.<\/p>\n\n\n\n<p class=\"wp-block-paragraph\">El dato de que la violencia machista afecta en mayor proporci\u00f3n a las mujeres extranjeras va estrechamente ligado a que estas se encuentren menos protegidas. Reciben menos ayudas econ\u00f3micas oficiales, existen menos programas de seguimiento telem\u00e1tico aplicados a protegerlas y adem\u00e1s esta desprotecci\u00f3n se acent\u00faa en aquellas mujeres que se encuentren en situaci\u00f3n irregular.<\/p>\n\n\n\n<p class=\"wp-block-paragraph\">A pesar de verse reflejadas de manera desproporcionada en los datos de violencia de g\u00e9nero, feminicidios y llamadas al 016, tan solo un 13,3% de las mujeres extranjeras se ha beneficiado con ayudas econ\u00f3micas.<\/p>\n\n\n\n<figure class=\"wp-block-image\"><a href=\"https:\/\/amecopress.net\/IMG\/png\/infografia_02-709x640.png\"><img decoding=\"async\" src=\"https:\/\/amecopress.net\/local\/cache-vignettes\/L709xH640\/infografia_02-709x640-287a9.png\" alt=\"PNG\"\/><\/a><\/figure>\n\n\n\n<p class=\"wp-block-paragraph\">El estudio anteriormente mencionado apunta tambi\u00e9n que un 32,7% de las denuncias registradas por violencia de g\u00e9nero est\u00e1n interpuestas por una mujer extranjera, lo que significa que 24 de cada mil mujeres extranjeras denuncian, a diferencia de las 6 de cada mil espa\u00f1olas. De los feminicidios ocurridos entre 2006 y 2016, un 24,9% de las espa\u00f1olas asesinadas hab\u00eda denunciado previamente, mientras que de las mujeres extranjeras asesinadas un 38,2% s\u00ed hab\u00eda interpuesto una denuncia.<\/p>\n\n\n\n<p class=\"wp-block-paragraph\">Es por esto que, ante la necesidad de comprender los fen\u00f3menos y motivos detr\u00e1s de esta sobrerrepresentaci\u00f3n en las cifras e infra representaci\u00f3n en los sistemas de protecci\u00f3n, AIETI y la Red plantean una nueva investigaci\u00f3n, el informe cualitativo \u201cTirar del hilo\u201d. Este informe recoge 19 historias de vida que narran c\u00f3mo los obst\u00e1culos, dificultades y necesidades espec\u00edficas de cada trayectoria son mucho m\u00e1s complejas que las concepciones prefijadas y r\u00edgidas acerca de la violencia de g\u00e9nero.<\/p>\n\n\n\n<p class=\"wp-block-paragraph\">A trav\u00e9s de estas historias se permite entender que las dificultades de acceso que tienen las mujeres migrantes v\u00edctimas de violencia machista para acceder a los sistemas de atenci\u00f3n y protecci\u00f3n son muy diversas, y entran en juego diferentes factores. Por un lado se encuentra el desconocimiento acerca de la normativa, del entorno y de los recursos.<\/p>\n\n\n\n<p class=\"wp-block-paragraph\">A esto se suma muchas veces la violencia psicol\u00f3gica ejercida por los agresores y que acaba aisl\u00e1ndola de su entorno. Esto impide a las v\u00edctimas crear una red de apoyo que podr\u00eda ayudarlas a salir de la situaci\u00f3n de violencia. Adem\u00e1s de la violencia psicol\u00f3gica, en muchos casos existe una dependencia econ\u00f3mica por parte de la mujer a su maltratador.<\/p>\n\n\n\n<p class=\"wp-block-paragraph\">Salir de esta dependencia implica convivir con trabajos muy precarios, mal pagados y con m\u00e1s dificultades para conciliar vida laboral y familiar. Esto dificulta su situaci\u00f3n enormemente si optan por denunciar su situaci\u00f3n, lo que acaba por impedir que esto ocurra y que se tenga una autonom\u00eda e independencia completa.<\/p>\n\n\n\n<p class=\"wp-block-paragraph\">El contexto de estas mujeres y su facilidad para interponer una denuncia se complican todav\u00eda m\u00e1s cuando estas se encuentran en el pa\u00eds de forma irregular. Tanto la ley de medidas de protecci\u00f3n contra la ley de violencia de g\u00e9nero como la ley de extranjer\u00eda regulan la posibilidad de obtener una autorizaci\u00f3n de residencia y trabajo temporal para las mujeres v\u00edctimas de violencia de g\u00e9nero. Esto se lleva a cabo al poner una denuncia por violencia de g\u00e9nero -es decir, aquella perpetuada por la pareja o ex pareja- , dado que se les concede una orden de protecci\u00f3n dentro del proceso judicial.<\/p>\n\n\n\n<p class=\"wp-block-paragraph\">Esta medida no solo es desconocida para la mayor\u00eda de mujeres extranjeras, sino que adem\u00e1s no est\u00e1 garantizada. Solo un 25% lo solicita y, de ellas, un 30% son denegadas. Adem\u00e1s, al interponer la denuncia y encontrarte en una situaci\u00f3n irregular se inicia un expediente de expulsi\u00f3n. Si se concede esta orden de protecci\u00f3n el expediente queda suspendido, pero si no se les concede el expediente podr\u00eda seguir adelante. En definitiva, denunciar supone un riesgo.<\/p>\n\n\n\n<blockquote class=\"wp-block-quote is-layout-flow wp-block-quote-is-layout-flow\"><p>\u201cSalir del c\u00edrculo de violencia es muy complicado\u201d<\/p><\/blockquote>\n\n\n\n<p class=\"wp-block-paragraph\">Tal y como afirma Silvina Monteros, salir del c\u00edrculo de violencia es muy complicado y muchas veces implica tener que enfrentarse a una mala praxis por parte de quienes trabajan en las instituciones implicadas. Comentarios racistas o machistas, culpabilizaci\u00f3n y responsabilizaci\u00f3n por la situaci\u00f3n en la que se encuentran, evaluaci\u00f3n constante de su condici\u00f3n de madres\u2026<\/p>\n\n\n\n<p class=\"wp-block-paragraph\">En conclusi\u00f3n, las mujeres migrantes v\u00edctimas de violencia de g\u00e9nero se ven enfrentadas a complicaciones \u201cextra\u201d que dificultan enormemente su b\u00fasqueda de ayuda y amparo por parte del sistema en el que se encuentran.<\/p>\n\n\n\n<p class=\"wp-block-paragraph\">En este contexto y en un intento por proteger a este colectivo frente a otro tipo de violencias machistas m\u00e1s all\u00e1 de la perpetrada por la pareja o expareja, el Ministerio de Igualdad contempl\u00f3 la reforma de la Ley de Extranjer\u00eda en su proyecto de Ley Org\u00e1nica de Garant\u00eda de la Libertad Sexual, tambi\u00e9n conocido como ley del \u00absolo s\u00ed es s\u00ed\u00bb.<\/p>\n\n\n\n<p class=\"wp-block-paragraph\">Esta ley tiene como contenido principal la transformaci\u00f3n del cap\u00edtulo de delitos sexuales del C\u00f3digo Penal, poniendo en el foco de la regulaci\u00f3n la existencia o no de consentimiento por parte de la v\u00edctima. Con este proyecto de ley desaparecer\u00eda el delito de abuso, convirtiendo as\u00ed todo acto sexual no consentido como agresi\u00f3n sexual y, en caso de penetraci\u00f3n, violaci\u00f3n.<\/p>\n\n\n\n<p class=\"wp-block-paragraph\">En lo referido al cambio de la Ley de Extranjer\u00eda, este consistir\u00eda en impedir que las mujeres en situaci\u00f3n administrativa irregular puedan ser expulsadas de Espa\u00f1a en el caso en el que denuncien haber sufrido violencia sexual.&nbsp;De esta forma, no se podr\u00eda iniciar un expediente administrativo sancionador a las presuntas v\u00edctimas de violencia sexual por encontrarse irregularmente en territorio espa\u00f1ol. Adem\u00e1s, la ley tambi\u00e9n establece que, en caso de ya existir un expediente sancionador previo, \u00abse suspender\u00e1 el expediente administrativo sancionador que se hubiera incoado por la comisi\u00f3n de dicha infracci\u00f3n con anterioridad a la denuncia o, en su caso, la ejecuci\u00f3n de las \u00f3rdenes de expulsi\u00f3n o de devoluci\u00f3n eventualmente acordadas\u201d.<\/p>\n\n\n\n<h3 class=\"wp-block-heading\">Aunque esta ley es un avance, todav\u00eda quedan fuera muchas otras formas de violencia machista que tambi\u00e9n deben ser tenidas en cuenta<\/h3>\n\n\n\n<p class=\"wp-block-paragraph\">Aunque esta ley es un avance, todav\u00eda quedan fuera muchas otras formas de violencia machista que tambi\u00e9n deben ser tenidas en cuenta y a las que las mujeres migrantes se ven muy expuestas, como puede ser el acoso sexual en el lugar de trabajo.<\/p>\n\n\n\n<p class=\"wp-block-paragraph\">Para la Red de Mujeres Latinoamericanas y del Caribe las reivindicaciones y la direcci\u00f3n en la que se debe trabajar son claras, y deben de pasar por aumentar los recursos, los servicios y su financiaci\u00f3n en la lucha contra la violencia de genero. Adem\u00e1s, se\u00f1alan la importancia de poner en marcha las medidas que propone el Pacto de Estado contra la Violencia de G\u00e9nero acordado en el a\u00f1o 2017. Este pacto incluye medidas que precisamente cubrir\u00edan todos los vac\u00edos anteriormente mencionados, pero muchas de ellas no han llegado a ponerse en marcha.<\/p>\n\n\n\n<p class=\"wp-block-paragraph\">Una de estas medidas clave es la de agrupar las diferentes violencias machistas como violencia de g\u00e9nero, y no solo limitarla a aquella perpetuada por la pareja o ex pareja. Esto ya lo determina el Convenio de Estambul -el cual Espa\u00f1a ha ratificado- y es necesario para que todas las v\u00edctimas de violencia machista en esos otros \u00e1mbitos puedan acogerse a las medidas de protecci\u00f3n, atenci\u00f3n y econ\u00f3micas que regula la ley.<\/p>\n\n\n\n<p class=\"wp-block-paragraph\">Por \u00faltimo, consideran que es necesario hacer un fuerte trabajo de concienciaci\u00f3n y campa\u00f1as en las que se incluya una perspectiva interseccional e intercultural, dado que en la actualidad a pesar de existir campa\u00f1as de concienciaci\u00f3n y prevenci\u00f3n, estas no van dirigidas a mujeres migrantes, y eso acaba suponiendo que ellas mismas no sean conscientes de que tambi\u00e9n pueden acceder a estos recursos.<\/p>\n","protected":false},"excerpt":{"rendered":"<p>Por&nbsp;Julia Cuesta del Hoyo SemM\u00e9xico. Madrid, 25 nov. 21. AmecoPress.-\u00a0\u201cCuando yo termin\u00e9 con \u00e9l, yo era muy callada. Casi no hablaba con la gente, no ten\u00eda casi amigos, entonces, hab\u00eda ah\u00ed una amiga, To\u00f1i, que ya lleg\u00f3 y me habl\u00f3. Me dio corte, pero yo pens\u00e9 \u201cella tiene que ser mi amiga\u201d, porque claro, tu [&hellip;]<\/p>\n","protected":false},"author":3,"featured_media":42557,"comment_status":"open","ping_status":"open","sticky":false,"template":"","format":"standard","meta":{"_monsterinsights_skip_tracking":false,"footnotes":""},"categories":[626,692],"tags":[],"class_list":["post-42556","post","type-post","status-publish","format-standard","has-post-thumbnail","category-16-dias","category-692"],"_links":{"self":[{"href":"https:\/\/redsemlac.com\/semmexico\/wp-json\/wp\/v2\/posts\/42556","targetHints":{"allow":["GET"]}}],"collection":[{"href":"https:\/\/redsemlac.com\/semmexico\/wp-json\/wp\/v2\/posts"}],"about":[{"href":"https:\/\/redsemlac.com\/semmexico\/wp-json\/wp\/v2\/types\/post"}],"author":[{"embeddable":true,"href":"https:\/\/redsemlac.com\/semmexico\/wp-json\/wp\/v2\/users\/3"}],"replies":[{"embeddable":true,"href":"https:\/\/redsemlac.com\/semmexico\/wp-json\/wp\/v2\/comments?post=42556"}],"version-history":[{"count":0,"href":"https:\/\/redsemlac.com\/semmexico\/wp-json\/wp\/v2\/posts\/42556\/revisions"}],"wp:featuredmedia":[{"embeddable":true,"href":"https:\/\/redsemlac.com\/semmexico\/wp-json\/wp\/v2\/media\/42557"}],"wp:attachment":[{"href":"https:\/\/redsemlac.com\/semmexico\/wp-json\/wp\/v2\/media?parent=42556"}],"wp:term":[{"taxonomy":"category","embeddable":true,"href":"https:\/\/redsemlac.com\/semmexico\/wp-json\/wp\/v2\/categories?post=42556"},{"taxonomy":"post_tag","embeddable":true,"href":"https:\/\/redsemlac.com\/semmexico\/wp-json\/wp\/v2\/tags?post=42556"}],"curies":[{"name":"wp","href":"https:\/\/api.w.org\/{rel}","templated":true}]}}