{"id":42540,"date":"2021-11-25T09:30:00","date_gmt":"2021-11-25T15:30:00","guid":{"rendered":"https:\/\/redsemlac.com\/semmexico\/?p=42540"},"modified":"2023-07-21T18:52:59","modified_gmt":"2023-07-21T23:52:59","slug":"un-recuento-sobre-el-tratamiento-de-la-violencia-de-genero-en-el-itam","status":"publish","type":"post","link":"https:\/\/redsemlac.com\/semmexico\/un-recuento-sobre-el-tratamiento-de-la-violencia-de-genero-en-el-itam\/","title":{"rendered":"Un recuento sobre el tratamiento de la violencia de g\u00e9nero en el ITAM"},"content":{"rendered":"\n<p class=\"wp-block-paragraph\">Feministas de la 4\u00aa. Ola contra la violencia: el caso Instituto&nbsp;Tecnol\u00f3gico Aut\u00f3nomo de M\u00e9xico<\/p>\n\n\n\n<p class=\"wp-block-paragraph\">Re encuentro No. 79 octubre 2021<\/p>\n\n\n\n<p class=\"wp-block-paragraph\">Las violen\u00adcias de g\u00e9nero en las universidades y escuelas de nivel medio y superior se producen y reproducen de mil y un maneras, como cabeza de Medusa. La violencia contra las j\u00f3venes y las mujeres est\u00e1 en los pasillos, las oficinas, los salones, las bibliotecas y los estaciona\u00admientos.<\/p>\n\n\n\n<p class=\"wp-block-paragraph\">Es por ello que esas instituciones no logran asimilar e integrar en su vida institucional como prevenirla, impedirla y sancionarla, plantea la doctora&nbsp;Janett G\u00f3ngora Soberanes&nbsp;&nbsp;directora de la revista Re encuentro de la Universidad Aut\u00f3noma Metropolitana Xochimilco.<\/p>\n\n\n\n<p class=\"wp-block-paragraph\">En la revista n\u00famero 79 de octubre de 2021 que con el t\u00edtulo tem\u00e1tico&nbsp;Violencias de g\u00e9nero en las universidades: activismos feministas y respuestas institucionales, que contiene 9 an\u00e1lisis, que explican c\u00f3mo se construy\u00f3 la protesta de la nueva ola feminista y que contornos internos, normativos y de desconocimiento est\u00e1n buscando salidas.<\/p>\n\n\n\n<p class=\"wp-block-paragraph\">\u00a0<em>Adriana Ortiz Ortega y Horacio Vives Segl, desde la academia<\/em>, escudri\u00f1an y explican este\u00a0fen\u00f3meno in\u00e9dito, el de las estudiantes feministas de la 4\u00aa. Ola, con la experiencia de hechos y sucesos en el\u00a0Instituto Tecnol\u00f3gico Aut\u00f3nomo de M\u00e9xico.<\/p>\n\n\n\n<p class=\"wp-block-paragraph\">Algunas estudiantes fueron embarazadas cuando eran adolescentes por profesores que no eran retirados de sus puestos de trabajo y continuaban como docentes. Son ellas o sus amigas viviendo experiencias de acoso, que encontraron en grupos estudiantiles feministas una alternativa para enfrentar los hechos y donde se atrev\u00edan a denunciar. C\u00f3mo se unieron a las marchas y a las colectivas.<\/p>\n\n\n\n<p class=\"wp-block-paragraph\">En este art\u00edculo ella y \u00e9l narran como las estudiantes del ITAM buscaron diversas v\u00edas para hacerse escuchar por las autoridades, c\u00f3mo participaron en di\u00e1logos y, sin dejar de expresarse en el espacio fuera del escolar, busca un cambio institucional.\u00a0\u00a0<\/p>\n\n\n\n<p class=\"wp-block-paragraph\">Aqu\u00ed el texto.<\/p>\n\n\n\n<p class=\"wp-block-paragraph\">\u00a0<strong>Un recuento sobre el tratamiento de la violencia de g\u00e9nero en el itam\u00a0<\/strong><\/p>\n\n\n\n<p class=\"wp-block-paragraph\"><em>Adriana Ortiz Ortega y Horacio Vives Segl*<\/em><\/p>\n\n\n\n<div data-wp-interactive=\"core\/file\" class=\"wp-block-file\"><object data-wp-bind--hidden=\"!state.hasPdfPreview\" hidden class=\"wp-block-file__embed\" data=\"https:\/\/redsemlac.com\/semmexico\/wp-content\/uploads\/2021\/11\/encuentros-6-1045-Texto-del-articulo-1374-1-10-20211117.pdf\" type=\"application\/pdf\" style=\"width:100%;height:600px\" aria-label=\"Incrustado de Incrustado de encuentros-6-1045-Texto-del-articulo-1374-1-10-20211117..\"><\/object><a href=\"https:\/\/redsemlac.com\/semmexico\/wp-content\/uploads\/2021\/11\/encuentros-6-1045-Texto-del-articulo-1374-1-10-20211117.pdf\">encuentros-6-1045-Texto-del-articulo-1374-1-10-20211117<\/a><a href=\"https:\/\/redsemlac.com\/semmexico\/wp-content\/uploads\/2021\/11\/encuentros-6-1045-Texto-del-articulo-1374-1-10-20211117.pdf\" class=\"wp-block-file__button\" download>Descarga<\/a><\/div>\n","protected":false},"excerpt":{"rendered":"<p>Feministas de la 4\u00aa. Ola contra la violencia: el caso Instituto&nbsp;Tecnol\u00f3gico Aut\u00f3nomo de M\u00e9xico Re encuentro No. 79 octubre 2021 Las violen\u00adcias de g\u00e9nero en las universidades y escuelas de nivel medio y superior se producen y reproducen de mil y un maneras, como cabeza de Medusa. La violencia contra las j\u00f3venes y las mujeres [&hellip;]<\/p>\n","protected":false},"author":3,"featured_media":42542,"comment_status":"open","ping_status":"open","sticky":false,"template":"","format":"standard","meta":{"_monsterinsights_skip_tracking":false,"footnotes":""},"categories":[626,692],"tags":[],"class_list":["post-42540","post","type-post","status-publish","format-standard","has-post-thumbnail","category-16-dias","category-692"],"_links":{"self":[{"href":"https:\/\/redsemlac.com\/semmexico\/wp-json\/wp\/v2\/posts\/42540","targetHints":{"allow":["GET"]}}],"collection":[{"href":"https:\/\/redsemlac.com\/semmexico\/wp-json\/wp\/v2\/posts"}],"about":[{"href":"https:\/\/redsemlac.com\/semmexico\/wp-json\/wp\/v2\/types\/post"}],"author":[{"embeddable":true,"href":"https:\/\/redsemlac.com\/semmexico\/wp-json\/wp\/v2\/users\/3"}],"replies":[{"embeddable":true,"href":"https:\/\/redsemlac.com\/semmexico\/wp-json\/wp\/v2\/comments?post=42540"}],"version-history":[{"count":0,"href":"https:\/\/redsemlac.com\/semmexico\/wp-json\/wp\/v2\/posts\/42540\/revisions"}],"wp:featuredmedia":[{"embeddable":true,"href":"https:\/\/redsemlac.com\/semmexico\/wp-json\/wp\/v2\/media\/42542"}],"wp:attachment":[{"href":"https:\/\/redsemlac.com\/semmexico\/wp-json\/wp\/v2\/media?parent=42540"}],"wp:term":[{"taxonomy":"category","embeddable":true,"href":"https:\/\/redsemlac.com\/semmexico\/wp-json\/wp\/v2\/categories?post=42540"},{"taxonomy":"post_tag","embeddable":true,"href":"https:\/\/redsemlac.com\/semmexico\/wp-json\/wp\/v2\/tags?post=42540"}],"curies":[{"name":"wp","href":"https:\/\/api.w.org\/{rel}","templated":true}]}}