{"id":42528,"date":"2021-11-25T08:50:00","date_gmt":"2021-11-25T14:50:00","guid":{"rendered":"https:\/\/redsemlac.com\/semmexico\/?p=42528"},"modified":"2023-07-21T18:52:59","modified_gmt":"2023-07-21T23:52:59","slug":"onu-mexico-pongamos-fin-a-la-violencia-contra-las-mujeres-ya","status":"publish","type":"post","link":"https:\/\/redsemlac.com\/semmexico\/onu-mexico-pongamos-fin-a-la-violencia-contra-las-mujeres-ya\/","title":{"rendered":"ONU M\u00c9XICO: \u00a1Pongamos fin a la violencia contra las mujeres YA!"},"content":{"rendered":"\n<p class=\"wp-block-paragraph\"><em>La eliminaci\u00f3n de la violencia contra las mujeres, las adolescentes y las ni\u00f1as no puede esperar m\u00e1s. No podremos recuperarnos de la crisis generada por COVID-19, ni construir sociedades igualitarias, si m\u00e1s de la mitad de la humanidad sigue sufriendo las devastadoras consecuencias de otra pandemia: la de la violencia contra las mujeres.<\/em><\/p>\n\n\n\n<p class=\"wp-block-paragraph\"><strong><em>Ciudad de M\u00e9xico a 25 de noviembre de 20<\/em><\/strong><strong><em>21<\/em><\/strong><em>.-<\/em>&nbsp;La violencia contra las mujeres, las adolescentes y las ni\u00f1as es una de las violaciones a los derechos humanos m\u00e1s graves, extendidas, arraigadas y toleradas en el mundo. Se manifiesta de m\u00faltiples formas y en diversos \u00e1mbitos \u2013p\u00fablicos, privados e incluye los espacios digitales- y trasciende todas las fronteras.&nbsp;&nbsp;&nbsp;&nbsp;<\/p>\n\n\n\n<p class=\"wp-block-paragraph\">A nivel mundial, una de cada tres mujeres ha sufrido violencia en alg\u00fan momento de su vida, y en M\u00e9xico, dos de cada tres. En situaciones de crisis, estas cifras aumentan. Como hemos visto durante la pandemia por COVID-19, en algunos pa\u00edses el n\u00famero de llamadas a las l\u00edneas telef\u00f3nicas de asistencia se quintuplic\u00f3 como consecuencia del incremento de la violencia por parte de su pareja<a href=\"applewebdata:\/\/A18A3DED-7A35-44BA-A3C6-D4D8BD8B6C4A#_ftn1\"><sup>[1]<\/sup><\/a>, y M\u00e9xico no fue la excepci\u00f3n: seg\u00fan datos oficiales, tan solo en el primer mes de decretarse la emergencia sanitaria, el 911 recibi\u00f3 aproximadamente 155 llamadas por hora debido a situaciones de violencia contra las mujeres<a href=\"applewebdata:\/\/A18A3DED-7A35-44BA-A3C6-D4D8BD8B6C4A#_ftn2\"><sup>[2]<\/sup><\/a>, representando un aumento de 22.3% respecto a febrero de 2020.<\/p>\n\n\n\n<p class=\"wp-block-paragraph\">La pandemia mundial por la COVID-19&nbsp;ha impactado enormemente la vida de las mujeres, las adolescentes y las ni\u00f1as: ha incrementado los factores de riesgo ante la violencia, ha obstaculizado el ejercicio de sus derechos humanos, as\u00ed como el acceso a servicios integrales de salud; ha generado la p\u00e9rdida de millones de empleos e inestabilidad econ\u00f3mica; ha&nbsp;evidenciado la crisis global de los cuidados, y ha mostrado el impacto de una emergencia clim\u00e1tica acelerada.&nbsp;<strong>Esta situaci\u00f3n amenaza con borrar d\u00e9cadas de progreso para mujeres y ni\u00f1as.&nbsp;<\/strong><\/p>\n\n\n\n<p class=\"wp-block-paragraph\">Por lo anterior, este 25 de noviembre,&nbsp;<em>D\u00eda Internacional de la Eliminaci\u00f3n de la Violencia contra la Mujer y la Ni\u00f1a<\/em>, que da inicio a los 16 D\u00edas de Activismo contra la Violencia de G\u00e9nero, el Sistema de las Naciones Unidas en M\u00e9xico une su voz a la de&nbsp;las mujeres y ni\u00f1as, en toda su diversidad, para que sean escuchadas y se realicen cambios trasformadores para prevenir y eliminar toda forma de violencia en su contra.&nbsp;El cambio es impostergable,&nbsp;requerimos actuar de manera conjunta y urgente para ponerle fin ya a la otra pandemia, la de la violencia contra mujeres, adolescentes y ni\u00f1as.&nbsp;<\/p>\n\n\n\n<p class=\"wp-block-paragraph\"><strong>A&nbsp;<\/strong><strong>pesar de ser generalizada, la violencia contra las mujeres, adolescentes y ni\u00f1as puede evitarse y debe prevenirse y sancionarse.&nbsp;<\/strong><\/p>\n\n\n\n<p class=\"wp-block-paragraph\">El origen de la violencia que sufren mujeres y ni\u00f1as en todo el mundo es la discriminaci\u00f3n y la desigualdad por razones de g\u00e9nero. \u00c9sta afecta en mayor medida a&nbsp;grupos&nbsp;hist\u00f3ricamente vulnerables o en situaci\u00f3n de marginaci\u00f3n, como pueden ser las mujeres y las ni\u00f1as de minor\u00edas \u00e9tnicas o de comunidades ind\u00edgenas, migrantes, refugiadas, desplazadas o solicitantes de asilo, mujeres rurales, adultas mayores,&nbsp;con discapacidad, de la diversidad sexual, mujeres sin hogar y\/o v\u00edctimas de trata de personas o de comercio il\u00edcito de \u00f3rganos, entre otras. De ah\u00ed la necesidad de escuchar todas sus voces y desarrollar respuestas hol\u00edsticas.&nbsp;&nbsp;<\/p>\n\n\n\n<p class=\"wp-block-paragraph\">El papel y liderazgo de las organizaciones de sociedad civil y los movimientos de mujeres ha sido fundamental para visibilizar y responder a la violencia contra mujeres, adolescentes y ni\u00f1as, especialmente en el contexto de pandemia. Los esfuerzos que ha emprendido el Estado mexicano en la prevenci\u00f3n y eliminaci\u00f3n de la violencia son clave, tales como el fortalecimiento de sus marcos normativos, la generaci\u00f3n de alianzas interinstitucionales y multisectoriales, el robusto trabajo en materia de datos y estad\u00edsticas que den cuenta de la magnitud de la violencia y la creaci\u00f3n de una amplia red de centros de justicia para las mujeres.&nbsp;&nbsp;No obstante, falta mucho por hacer. La violencia contra las mujeres, adolescentes y ni\u00f1as debe ser tratada como la emergencia que es: con recursos, leyes y voluntad pol\u00edtica.&nbsp;<\/p>\n\n\n\n<p class=\"wp-block-paragraph\">Terminar con la violencia implica creer a v\u00edctimas y a sobrevivientes; educar en la diversidad y en el respeto, garantizar que las escuelas sean espacios libres de violencia, adoptar soluciones integrales que atiendan las causas estructurales de las desigualdades de g\u00e9nero; transformar las normas sociales da\u00f1inas, incluyendo las pr\u00e1cticas nocivas de g\u00e9nero, que perpet\u00faan la violencia y discriminaci\u00f3n, y empoderar a las mujeres, adolescentes y a las ni\u00f1as, sin dejar a nadie atr\u00e1s.&nbsp;&nbsp;<\/p>\n\n\n\n<p class=\"wp-block-paragraph\">Este a\u00f1o<strong>, a trav\u00e9s de la campa\u00f1a \u00daNETE y&nbsp;<\/strong><strong>bajo el lema&nbsp;<\/strong><strong>\u00a1Pongamos fin a la violencia contra las mujeres YA!,<\/strong>&nbsp;el Sistema de Naciones Unidas en M\u00e9xico pone \u00e9nfasis en la urgencia de avanzar hacia una recuperaci\u00f3n socioecon\u00f3mica sostenible e incluyente tras la pandemia por COVID-19. Es indispensable que las mujeres, las adolescentes y las ni\u00f1as est\u00e9n en el centro de todas las medidas que se emprendan, incluyendo su participaci\u00f3n en espacios de toma de decisi\u00f3n; es urgente garantizar&nbsp;su&nbsp;derecho de acceder a la justicia, as\u00ed como&nbsp;involucrar a hombres como agentes de cambio para influenciar el comportamiento de otros hombres y contribuir significativamente a la eliminaci\u00f3n de todas las formas de violencia contra mujeres, adolescentes y ni\u00f1as.<\/p>\n\n\n\n<p class=\"wp-block-paragraph\">Desde Naciones Unidas&nbsp;hacemos un llamado urgente&nbsp;para que todos los sectores alcemos la voz y emprendamos acciones sin precedentes para poner fin a todas las formas de violencia contra mujeres, adolescentes y ni\u00f1as.&nbsp;&nbsp;Asumamos en conjunto esta responsabilidad desde los organismos internacionales, las instituciones del Estado, la sociedad civil, los centros educativos, el sector privado, los medios de comunicaci\u00f3n, y \u00a1Hag\u00e1moslo YA!&nbsp;&nbsp;<\/p>\n\n\n\n<p class=\"wp-block-paragraph\">Tal como expres\u00f3 el Secretario General de la ONU Ant\u00f3nio Guterres en su mensaje con motivo de este d\u00eda, \u201c<em>la violencia contra las mujeres no es inevitable. Se pueden lograr resultados con las pol\u00edticas y los programas adecuados. Ello incluye estrategias integrales y a largo plazo que aborden las causas profundas de la violencia, protejan los derechos de las mujeres y las ni\u00f1as y promuevan movimientos firmes y aut\u00f3nomos en pro de los derechos de las mujeres. Lograr un cambio es posible, y ahora es el momento de redoblar nuestros esfuerzos para, juntos, eliminar la violencia contra las mujeres, adolescentes y ni\u00f1as para 2030<\/em>.\u201d&nbsp;&nbsp;Naciones Unidas reitera su compromiso y disposici\u00f3n para acompa\u00f1ar a M\u00e9xico en esta impostergable tarea.<\/p>\n\n\n\n<hr class=\"wp-block-separator\"\/>\n\n\n\n<p class=\"wp-block-paragraph\"><a href=\"applewebdata:\/\/A18A3DED-7A35-44BA-A3C6-D4D8BD8B6C4A#_ftnref1\"><sup>[1]<\/sup><\/a>&nbsp;ONU Mujeres (2020). Intensificaci\u00f3n de los esfuerzos para eliminar todas las formas de violencia contra las mujeres y las ni\u00f1as: Informe del Secretario General (2020), p\u00e1g. 4.<\/p>\n\n\n\n<p class=\"wp-block-paragraph\"><a href=\"applewebdata:\/\/A18A3DED-7A35-44BA-A3C6-D4D8BD8B6C4A#_ftnref2\"><sup>[2]<\/sup><\/a>&nbsp;SESNSP (2020) Informaci\u00f3n sobre violencia contra las mujeres (Incidencia delictiva y llamadas de emergencia 911), abril 2020.<\/p>\n","protected":false},"excerpt":{"rendered":"<p>La eliminaci\u00f3n de la violencia contra las mujeres, las adolescentes y las ni\u00f1as no puede esperar m\u00e1s. No podremos recuperarnos de la crisis generada por COVID-19, ni construir sociedades igualitarias, si m\u00e1s de la mitad de la humanidad sigue sufriendo las devastadoras consecuencias de otra pandemia: la de la violencia contra las mujeres. Ciudad de [&hellip;]<\/p>\n","protected":false},"author":3,"featured_media":42529,"comment_status":"open","ping_status":"open","sticky":false,"template":"","format":"standard","meta":{"_monsterinsights_skip_tracking":false,"footnotes":""},"categories":[626,692],"tags":[],"class_list":["post-42528","post","type-post","status-publish","format-standard","has-post-thumbnail","category-16-dias","category-692"],"_links":{"self":[{"href":"https:\/\/redsemlac.com\/semmexico\/wp-json\/wp\/v2\/posts\/42528","targetHints":{"allow":["GET"]}}],"collection":[{"href":"https:\/\/redsemlac.com\/semmexico\/wp-json\/wp\/v2\/posts"}],"about":[{"href":"https:\/\/redsemlac.com\/semmexico\/wp-json\/wp\/v2\/types\/post"}],"author":[{"embeddable":true,"href":"https:\/\/redsemlac.com\/semmexico\/wp-json\/wp\/v2\/users\/3"}],"replies":[{"embeddable":true,"href":"https:\/\/redsemlac.com\/semmexico\/wp-json\/wp\/v2\/comments?post=42528"}],"version-history":[{"count":0,"href":"https:\/\/redsemlac.com\/semmexico\/wp-json\/wp\/v2\/posts\/42528\/revisions"}],"wp:featuredmedia":[{"embeddable":true,"href":"https:\/\/redsemlac.com\/semmexico\/wp-json\/wp\/v2\/media\/42529"}],"wp:attachment":[{"href":"https:\/\/redsemlac.com\/semmexico\/wp-json\/wp\/v2\/media?parent=42528"}],"wp:term":[{"taxonomy":"category","embeddable":true,"href":"https:\/\/redsemlac.com\/semmexico\/wp-json\/wp\/v2\/categories?post=42528"},{"taxonomy":"post_tag","embeddable":true,"href":"https:\/\/redsemlac.com\/semmexico\/wp-json\/wp\/v2\/tags?post=42528"}],"curies":[{"name":"wp","href":"https:\/\/api.w.org\/{rel}","templated":true}]}}