{"id":42523,"date":"2021-11-24T16:48:49","date_gmt":"2021-11-24T22:48:49","guid":{"rendered":"https:\/\/redsemlac.com\/semmexico\/?p=42523"},"modified":"2023-07-21T18:52:59","modified_gmt":"2023-07-21T23:52:59","slug":"las-brechas-de-genero-deben-romper-el-silencio-estadistico-alicia-barcena","status":"publish","type":"post","link":"https:\/\/redsemlac.com\/semmexico\/las-brechas-de-genero-deben-romper-el-silencio-estadistico-alicia-barcena\/","title":{"rendered":"Las brechas de g\u00e9nero deben romper el silencio estad\u00edstico, Alicia B\u00e1rcena"},"content":{"rendered":"\n<ul class=\"wp-block-list\"><li><strong>11 Reuni\u00f3n de la Conferencia Estad\u00edstica de las Am\u00e9ricas<\/strong><\/li><\/ul>\n\n\n\n<p class=\"wp-block-paragraph\"><strong>Micaela M\u00e1rquez<\/strong><\/p>\n\n\n\n<p class=\"wp-block-paragraph\">SemM\u00e9xico, Cd. de M\u00e9xico, 24 de noviembre 2021.- La urgencia de medir las brechas de g\u00e9nero se puso de manifiesto en la Und\u00e9cima Reuni\u00f3n de la Comisi\u00f3n de la Conferencia Estad\u00edstica de las Am\u00e9ricas (CEA) que fue inaugurada por Alicia B\u00e1rcena, Secretaria Ejecutiva de la Comisi\u00f3n Econ\u00f3mica para Am\u00e9rica Latina y el Caribe (CEPAL).&nbsp; &nbsp;<\/p>\n\n\n\n<p class=\"wp-block-paragraph\">Alicia B\u00e1rcena subrayo que la transversalizaci\u00f3n de la perspectiva de g\u00e9nero es un elemento central del programa de trabajo de la Conferencia Estad\u00edstica de las Am\u00e9ricas y advirti\u00f3 que \u201clas brechas entre hombres y mujeres no deben ser un tema m\u00e1s. Debemos romper el silencio estad\u00edstico en materia de igualdad de g\u00e9nero\u201d. \u201cPorque lo que no se mide no cuenta\u201d, dijo.<\/p>\n\n\n\n<p class=\"wp-block-paragraph\">Agrego que es importante contabilizar la p\u00e9rdida de capital natural y de bienestar, as\u00ed como consolidar la institucionalidad estad\u00edstica para una recuperaci\u00f3n pospandemia de COVID-19 que ponga la igualdad y la sostenibilidad en el centro.<\/p>\n\n\n\n<p class=\"wp-block-paragraph\">\u201cNuestros pa\u00edses quieren atraer inversi\u00f3n extranjera, pero no cualquiera. Necesitamos ver qu\u00e9 les conviene para tener una verdadera recuperaci\u00f3n econ\u00f3mica, que genere empleo, transfiera tecnolog\u00eda y que cuide nuestro medio ambiente\u201d acoto.<\/p>\n\n\n\n<p class=\"wp-block-paragraph\">Destac\u00f3 el lanzamiento de la nueva versi\u00f3n del portal de datos&nbsp;&nbsp; CEPALSAT plataforma de estad\u00edsticas regionales comparables para Am\u00e9rica Latina y el Caribe que incorpora las tendencias y est\u00e1ndares internacionales de difusi\u00f3n de estad\u00edsticas en l\u00ednea, formatos de datos abiertos y la completa integraci\u00f3n de la informaci\u00f3n geoespacial al banco de datos estad\u00edsticos mediante soluciones de visualizaci\u00f3n din\u00e1micas y de f\u00e1cil navegaci\u00f3n.&nbsp;<\/p>\n\n\n\n<p class=\"wp-block-paragraph\">Refiri\u00f3 como un gran desaf\u00edo incorporar las nuevas fuentes de datos a las estad\u00edsticas oficiales. \u201cInformaci\u00f3n proveniente de sat\u00e9lites, redes sociales, el uso de los tel\u00e9fonos m\u00f3viles, y el uso de algoritmos de aprendizaje de m\u00e1quinas e inteligencia artificial son utilizadas extensivamente por las empresas privadas y por investigadores, pero no ha sido f\u00e1cil integrar estos datos en los procesos de producci\u00f3n de estad\u00edsticas oficiales. La colaboraci\u00f3n entre pa\u00edses es esencial en este \u00e1mbito\u201d.<\/p>\n\n\n\n<p class=\"wp-block-paragraph\">Detallo que \u201clas dificultades que nos ha impuesto la pandemia no han sido un impedimento para que el trabajo colaborativo regional haya rendido importantes frutos en estos dos a\u00f1os. El bienio 2020-2021 cierra con un total de 10 documentos finalizados, que re\u00fanen recomendaciones y recopilaciones de buenas pr\u00e1cticas para fortalecer la producci\u00f3n de estad\u00edsticas en diversas \u00e1reas tem\u00e1ticas, y que ponemos a disposici\u00f3n de toda la comunidad estad\u00edstica regional\u201d.<\/p>\n\n\n\n<p class=\"wp-block-paragraph\">Subray\u00f3 la urgencia de avanzar en la generaci\u00f3n de las cuentas de ecosistemas y destac\u00f3 que la regi\u00f3n se encuentra en un momento decisivo para conseguir resultados considerables y sostenibles con la adopci\u00f3n de la Agenda 2030 para el Desarrollo Sostenible.<\/p>\n\n\n\n<p class=\"wp-block-paragraph\">Autoridades y representantes de las oficinas de estad\u00edstica de los pa\u00edses de Am\u00e9rica Latina y el Caribe se reunieron en el encuentro intergubernamental en el que participan 34 Estados miembros de la CEPAL y 7 miembros asociados.<\/p>\n\n\n\n<p class=\"wp-block-paragraph\">Juan Daniel Oviedo, Director del DANE de Colombia y en su calidad de presidente de la CEA expres\u00f3 un reconocimiento especial a Alicia B\u00e1rcena por resaltar la importancia de las estad\u00edsticas oficiales en el contexto de la pandemia de COVID-19.<\/p>\n\n\n\n<p class=\"wp-block-paragraph\">\u201cLa pandemia ha generado oportunidades para las oficinas de estad\u00edsticas, sobre todo para responder a nuevas necesidades de los usuarios, como indicadores de bienestar real y subjetivo, as\u00ed como medir y definir nuevos elementos para los planes de reconstrucci\u00f3n\u201d.<\/p>\n\n\n\n<p class=\"wp-block-paragraph\">Stefan Schweinfest, Director de la Divisi\u00f3n de Estad\u00edstica de las Naciones Unidas, destac\u00f3 el trabajo realizado por la Conferencia Estad\u00edstica de las Am\u00e9ricas de la CEPAL que ha desarrollado muchas herramientas y recomendaciones que han fortalecido a los organismos estad\u00edsticos de Am\u00e9rica Latina y el Caribe\u201d.<\/p>\n\n\n\n<p class=\"wp-block-paragraph\">Durante la Und\u00e9cima reuni\u00f3n de la Conferencia Estad\u00edstica de las Am\u00e9ricas de la CEPAL las autoridades analizar\u00e1n los avances y desaf\u00edos para la consolidaci\u00f3n de la institucionalidad estad\u00edstica y las perspectivas regionales sobre el uso de nuevas metodolog\u00edas y fuentes de datos.<\/p>\n","protected":false},"excerpt":{"rendered":"<p>11 Reuni\u00f3n de la Conferencia Estad\u00edstica de las Am\u00e9ricas<\/p>\n","protected":false},"author":3,"featured_media":42524,"comment_status":"open","ping_status":"open","sticky":false,"template":"","format":"standard","meta":{"_monsterinsights_skip_tracking":false,"footnotes":""},"categories":[692,53],"tags":[],"class_list":["post-42523","post","type-post","status-publish","format-standard","has-post-thumbnail","category-692","category-internacional"],"_links":{"self":[{"href":"https:\/\/redsemlac.com\/semmexico\/wp-json\/wp\/v2\/posts\/42523","targetHints":{"allow":["GET"]}}],"collection":[{"href":"https:\/\/redsemlac.com\/semmexico\/wp-json\/wp\/v2\/posts"}],"about":[{"href":"https:\/\/redsemlac.com\/semmexico\/wp-json\/wp\/v2\/types\/post"}],"author":[{"embeddable":true,"href":"https:\/\/redsemlac.com\/semmexico\/wp-json\/wp\/v2\/users\/3"}],"replies":[{"embeddable":true,"href":"https:\/\/redsemlac.com\/semmexico\/wp-json\/wp\/v2\/comments?post=42523"}],"version-history":[{"count":0,"href":"https:\/\/redsemlac.com\/semmexico\/wp-json\/wp\/v2\/posts\/42523\/revisions"}],"wp:featuredmedia":[{"embeddable":true,"href":"https:\/\/redsemlac.com\/semmexico\/wp-json\/wp\/v2\/media\/42524"}],"wp:attachment":[{"href":"https:\/\/redsemlac.com\/semmexico\/wp-json\/wp\/v2\/media?parent=42523"}],"wp:term":[{"taxonomy":"category","embeddable":true,"href":"https:\/\/redsemlac.com\/semmexico\/wp-json\/wp\/v2\/categories?post=42523"},{"taxonomy":"post_tag","embeddable":true,"href":"https:\/\/redsemlac.com\/semmexico\/wp-json\/wp\/v2\/tags?post=42523"}],"curies":[{"name":"wp","href":"https:\/\/api.w.org\/{rel}","templated":true}]}}