{"id":42512,"date":"2021-11-24T16:31:21","date_gmt":"2021-11-24T22:31:21","guid":{"rendered":"https:\/\/redsemlac.com\/semmexico\/?p=42512"},"modified":"2023-07-21T18:52:08","modified_gmt":"2023-07-21T23:52:08","slug":"macromachismos-nuestras-abuelas-son-revolucionarias","status":"publish","type":"post","link":"https:\/\/redsemlac.com\/semmexico\/macromachismos-nuestras-abuelas-son-revolucionarias\/","title":{"rendered":"Macromachismos| Nuestras abuelas son revolucionarias"},"content":{"rendered":"\n<p class=\"wp-block-paragraph\"><strong>Lorena Piedad<\/strong><\/p>\n\n\n\n<p class=\"wp-block-paragraph\"><strong><em>Para Piedad y Concepci\u00f3n<\/em><\/strong><\/p>\n\n\n\n<p class=\"wp-block-paragraph\">SemM\u00e9xico, Pachuca, Hidalgo, 24 de noviembre, 2021.- Hace unos d\u00edas vi la pel\u00edcula <em>Cosas imposibles<\/em>, dirigida por Ernesto Contreras, pero escrita por Fanie Soto, una mujer que con su guion da voz a las miles de historias que permanecen en el silencio sobre el maltrato en el matrimonio. Me impact\u00f3 la manera en la que el personaje principal Matilde (interpretado por la gran Nora Vel\u00e1zquez) representa la soledad, el miedo, la tristeza, la desesperaci\u00f3n y la frustraci\u00f3n generadas por vivir 46 a\u00f1os bajo la violencia f\u00edsica y psicol\u00f3gica.<\/p>\n\n\n\n<p class=\"wp-block-paragraph\">Una mujer adulta mayor que tras la muerte de su abusador (conocido coloquialmente como el esposo) padece los estragos de la violencia ejercida debido a que cree que todav\u00eda la acompa\u00f1a a donde quiera que vaya para recordarle que es una in\u00fatil, una torpe, que no es nadie sin \u00e9l. Inevitablemente frente a la pantalla me pregunt\u00e9: \u00bfCu\u00e1nto abuso vivieron nuestras abuelas?<\/p>\n\n\n\n<div class=\"wp-block-image\"><figure class=\"alignleft size-full is-resized\"><a href=\"https:\/\/redsemlac.com\/semmexico\/wp-content\/uploads\/2021\/11\/macromachismos.jpg\"><img loading=\"lazy\" decoding=\"async\" src=\"https:\/\/redsemlac.com\/semmexico\/wp-content\/uploads\/2021\/11\/macromachismos.jpg\" alt=\"\" class=\"wp-image-42513\" width=\"251\" height=\"307\"\/><\/a><\/figure><\/div>\n\n\n\n<p class=\"wp-block-paragraph\">Fanie Soto visibiliza a toda una generaci\u00f3n de mujeres, que hoy son nuestras abuelas, donde la violencia en el matrimonio fue normalizado porque \u201cas\u00ed era la vida, as\u00ed eran los hombres y porque as\u00ed les toc\u00f3 vivir\u201d. \u00bfC\u00f3mo habr\u00edan sido sus vidas si no se hubieran casado a los 15, 16, 17 a\u00f1os? \u00bfSi no hubieran sido madres a esa edad? Ni\u00f1as criando beb\u00e9s. Ni\u00f1as a cargo de una casa y de una relaci\u00f3n donde jam\u00e1s ten\u00edan el poder. El poder ser.<\/p>\n\n\n\n<p class=\"wp-block-paragraph\">Hoy posiblemente esas mujeres nos dir\u00e1n que no se arrepienten, que ese matrimonio, que esa esclavitud romantizada es lo mejor que les pas\u00f3 en sus vidas. \u00bfSaben por qu\u00e9? Porque tienen que expresarlo de esa manera o ser\u00edan juzgadas porque despu\u00e9s de cumplir su rol de esposa\/madre sumisa y abnegada ahora deben (porque la sociedad se los exige) ser abuelas amorosas, libres de sus maridos, hijos e hijas, pero prisioneras de sus nietas y nietos.<\/p>\n\n\n\n<p class=\"wp-block-paragraph\">A veces esas mujeres son juzgadas o menospreciadas por su devoci\u00f3n a la religi\u00f3n, por su creencias en sus santos, por su devoci\u00f3n a sus distintos dioses, pero alg\u00fan d\u00eda les hemos preguntado por qu\u00e9. \u00bfY si la religi\u00f3n fue un refugio para su soledad, una fuga para sus frustraciones? \u00bfY si era posible para ellas soportar el abuso solo por la promesa de que alg\u00fan d\u00eda un dios compasivo las salvar\u00eda de aquello?&nbsp;&nbsp;<\/p>\n\n\n\n<p class=\"wp-block-paragraph\">\u201cNuestras abuelas eran fuertes y aguantaron mucho\u201d. No. Nuestras abuelas no ten\u00edan con quien hablar, con quien expresarse con libertad y la soluci\u00f3n era resistir. Nuestras abuelas fueron el frente que limpi\u00f3 el camino para nosotras. Nuestras abuelas son revolucionarias. Fueron la resistencia.<\/p>\n\n\n\n<h2 class=\"wp-block-heading\"><strong>El D\u00eda Naranja<\/strong><\/h2>\n\n\n\n<p class=\"wp-block-paragraph\">Ma\u00f1ana jueves es el D\u00eda Internacional de la Eliminaci\u00f3n de la Violencia contra la Mujer en el que a\u00f1o con a\u00f1o, la Organizaci\u00f3n de las Naciones Unidas (ONU) busca sensibilizar sobre esta pandemia en la que diariamente 137 mujeres son asesinadas por miembros de su propia familia, en la que 1 de cada 3 mujeres ha sufrido abusos a lo largo de su vida.<\/p>\n\n\n\n<p class=\"wp-block-paragraph\">Este a\u00f1o, la ONU dicta que \u201caunque todas las mujeres, en todas partes del mundo, pueden sufrir violencia de g\u00e9nero, algunas mujeres y ni\u00f1as son particularmente vulnerables, ejemplo de ellas son las ni\u00f1as y las mujeres m\u00e1s mayores, las mujeres que se identifican como lesbianas, bisexuales, transg\u00e9nero o intersex, las migrantes y refugiadas, las de pueblos ind\u00edgenas o minor\u00edas \u00e9tnicas, o mujeres y ni\u00f1as que viven con el VIH y discapacidades, y aquellas en crisis humanitarias.<\/p>\n\n\n\n<p class=\"wp-block-paragraph\">\u201cLos efectos psicol\u00f3gicos adversos de la violencia contra las mujeres y ni\u00f1as, al igual que las consecuencias negativas para su salud sexual y reproductiva, afectan a las mujeres en toda etapa de sus vidas\u201d.<\/p>\n\n\n\n<p class=\"wp-block-paragraph\">La lucha por la eliminaci\u00f3n de la violencia contra las ni\u00f1as y mujeres es asunto de todas y todos. \u00bfC\u00f3mo podemos aportar al cambio?<\/p>\n\n\n\n<p class=\"wp-block-paragraph\">1. Conoce los indicios del maltrato porque dejan secuelas f\u00edsicas y emocionales. Si crees que una mujer es v\u00edctima de violencia aprende c\u00f3mo puedes ayudarla. Si eres t\u00fa, busca ayuda. Ya no estamos solas.*<\/p>\n\n\n\n<p class=\"wp-block-paragraph\">2. Escucha y cree a las sobrevivientes porque cuando una mujer cuenta su historia de violencia da el primer paso para romper el ciclo del maltrato. Dile: \u201cTe creo, estoy contigo\u201d.<\/p>\n\n\n\n<p class=\"wp-block-paragraph\">3. Deja de apoyar la cultura de la violaci\u00f3n donde es normalizada y justificada la violencia sexual e inicia con frases como \u201cestaba borracha\u201d, \u201cla mujer llega hasta donde el hombre quiere\u201d, \u201ciba vestida como puta, eso ped\u00eda\u201d, por mencionar solo algunas.*<\/p>\n\n\n\n<p class=\"wp-block-paragraph\">Este 2021 el lema es \u201cPinta el mundo de naranja: \u00a1Pongamos fin a la violencia contra las mujeres YA!\u201d. Recuerdo todav\u00eda cuando los gobiernos emitieron su d\u00eda naranja (cada 25 de mes) y un funcionario vest\u00eda aquel d\u00eda su playera de ese color y proclam\u00f3 discursos con estrategias de erradicaci\u00f3n, pero al llegar a casa golpe\u00f3 a su compa\u00f1era. Qu\u00e9 iron\u00eda. No es suficiente vestirse de naranja y queda un largo camino por recorrer.<\/p>\n\n\n\n<p class=\"wp-block-paragraph\">De tarea: Ver la pel\u00edcula mexicana <em>Cosas imposibles<\/em> \/ Abraza a tu abuela (si todav\u00eda tienes ese privilegio) convi\u00e9rtete en un apoyo emocional para ella, en una confidente. Preg\u00fantale: \u00bfQu\u00e9 te hubiera gustado hacer en la vida? Quiz\u00e1 la respuesta te sorprenda \/ \u00danete a las actividades del 25N.&nbsp;&nbsp;<\/p>\n\n\n\n<p class=\"wp-block-paragraph\">*<a href=\"https:\/\/www.unwomen.org\/es\/what-we-do\/ending-violence-against-women\/faqs\/signs-of-abuse\">https:\/\/www.unwomen.org\/es\/what-we-do\/ending-violence-against-women\/faqs\/signs-of-abuse<\/a> indicios del maltrato<\/p>\n\n\n\n<p class=\"wp-block-paragraph\">*<a href=\"https:\/\/www.unwomen.org\/es\/news\/stories\/2019\/11\/compilation-ways-you-can-stand-against-rape-culture\">https:\/\/www.unwomen.org\/es\/news\/stories\/2019\/11\/compilation-ways-you-can-stand-against-rape-culture<\/a> cultura de la violaci\u00f3n<\/p>\n","protected":false},"excerpt":{"rendered":"<p>Nuestras abuelas eran fuertes y aguantaron mucho\u201d. No. Nuestras abuelas no ten\u00edan con quien hablar, con quien expresarse con libertad y la soluci\u00f3n era resistir. <\/p>\n","protected":false},"author":3,"featured_media":41373,"comment_status":"open","ping_status":"open","sticky":false,"template":"","format":"standard","meta":{"_monsterinsights_skip_tracking":false,"footnotes":""},"categories":[692,625,624,35],"tags":[459],"class_list":["post-42512","post","type-post","status-publish","format-standard","has-post-thumbnail","category-692","category-lorena-piedad","category-macromachismos","category-opinion","tag-opinion"],"_links":{"self":[{"href":"https:\/\/redsemlac.com\/semmexico\/wp-json\/wp\/v2\/posts\/42512","targetHints":{"allow":["GET"]}}],"collection":[{"href":"https:\/\/redsemlac.com\/semmexico\/wp-json\/wp\/v2\/posts"}],"about":[{"href":"https:\/\/redsemlac.com\/semmexico\/wp-json\/wp\/v2\/types\/post"}],"author":[{"embeddable":true,"href":"https:\/\/redsemlac.com\/semmexico\/wp-json\/wp\/v2\/users\/3"}],"replies":[{"embeddable":true,"href":"https:\/\/redsemlac.com\/semmexico\/wp-json\/wp\/v2\/comments?post=42512"}],"version-history":[{"count":0,"href":"https:\/\/redsemlac.com\/semmexico\/wp-json\/wp\/v2\/posts\/42512\/revisions"}],"wp:featuredmedia":[{"embeddable":true,"href":"https:\/\/redsemlac.com\/semmexico\/wp-json\/wp\/v2\/media\/41373"}],"wp:attachment":[{"href":"https:\/\/redsemlac.com\/semmexico\/wp-json\/wp\/v2\/media?parent=42512"}],"wp:term":[{"taxonomy":"category","embeddable":true,"href":"https:\/\/redsemlac.com\/semmexico\/wp-json\/wp\/v2\/categories?post=42512"},{"taxonomy":"post_tag","embeddable":true,"href":"https:\/\/redsemlac.com\/semmexico\/wp-json\/wp\/v2\/tags?post=42512"}],"curies":[{"name":"wp","href":"https:\/\/api.w.org\/{rel}","templated":true}]}}