{"id":4250,"date":"2017-06-05T20:45:03","date_gmt":"2017-06-05T20:45:03","guid":{"rendered":"https:\/\/redsemlac.com\/semmexico\/?p=4250"},"modified":"2023-07-21T14:24:07","modified_gmt":"2023-07-21T19:24:07","slug":"censura-nada-personal","status":"publish","type":"post","link":"https:\/\/redsemlac.com\/semmexico\/censura-nada-personal\/","title":{"rendered":"Censura. Nada personal"},"content":{"rendered":"\n<p class=\"wp-block-paragraph\">Mujeres y Pol\u00edtica<\/p>\n\n\n\n<h5 class=\"wp-block-heading\"> Asesinar periodistas es la forma m\u00e1s dram\u00e1tica, pero en M\u00e9xico ha existido la otra censura, la que se ejecuta con una \u201corden\u201d desde el poder municipal<\/h5>\n\n\n\n<p class=\"wp-block-paragraph\"><a href=\"https:\/\/semmexico.com\/gallery-post.php?id=1987#\">Soledad Jarqu\u00edn Edgar<\/a><\/p>\n\n\n\n<p class=\"wp-block-paragraph\">Soledad Jarqu\u00edn Edgar<br>SemM\u00e9xico, 5 junio 2017.- Ser periodista es un privilegio, cierto, pero tambi\u00e9n es un riesgo, ciert\u00edsimo. Y cuando digo que es un privilegio no me refiero a las canonj\u00edas que conlleva, no, es un privilegio en la transmisi\u00f3n de los hechos y las repercusiones que provoca. El privilegio de informar y servir a la gente y no a los gobiernos. Un privilegio que se pierde, cada vez hay m\u00e1s del lado oficial y menos periodistas no dispuestos a tomar dictado.<br>En los pr\u00f3ximos d\u00edas, fieles a la costumbre, como desde hace 66 a\u00f1os, se reunir\u00e1 el poder pol\u00edtico con la prensa, con los editores, los due\u00f1os y con alguna parte de esa tropa que camina en busca de la noticia. Habr\u00e1 sendos desayunos, comidas y cenas. Y como se hizo aquella primera vez cuando fue instituido el D\u00eda de la Libertad de Expresi\u00f3n, con Miguel Alem\u00e1n Valdez, presidente mexicano (1946-1953) en 1951, se refrendar\u00e1n compromisos para garantizar ese derecho humano, tan com\u00fanmente vulnerado en M\u00e9xico, el segundo pa\u00eds m\u00e1s peligroso para el ejercicio period\u00edstico.<br>Los datos sobre la cantidad de periodistas, mujeres y hombres, asesinados y\/o desaparecidos en M\u00e9xico, en los primeros 17 a\u00f1os del nuevo siglo es la muestra fehaciente de la vulnerabilidad en que se desarrolla la tarea de informar hechos concretos o de opinar.&nbsp;<br>Sin duda es la forma m\u00e1s dr\u00e1stica de herir a las familias de esas y esos periodistas que cumplen con su trabajo; de hacer que guarden silencio, que nunca m\u00e1s sus plumas escriban ciertas verdades, pero, sobre todo, es la forma de lesionar la libertad de expresi\u00f3n, derecho que le pertenece a todas las personas, y una forma de advertir que esa es la condici\u00f3n del periodismo mexicano que se desarrolla bajo amenazas sutiles o manifiestas, de ah\u00ed que exista ese silogismo que dice: No se mata la verdad matando periodistas.<br>Asesinar periodistas es la forma m\u00e1s dram\u00e1tica, pero en M\u00e9xico ha existido la otra censura, la que se ejecuta con una \u201corden\u201d desde el poder municipal, estatal o federal, desde las iglesias, desde un cacique de pueblo, desde un liderazgo, para que se d\u00e9 por terminada la relaci\u00f3n entre una empresa period\u00edstica y un informador o informadora sin que tenga que mediar explicaci\u00f3n alguna de por medio.<br>Esta es una experiencia que revela cuan solos est\u00e1n las y los periodistas, cuyos medios no los respaldan, porque suponen que lo que se afecta son los intereses econ\u00f3micos de las empresas period\u00edsticas, por ello, como se ha dicho ya, sin duda las nuevas tecnolog\u00edas de la comunicaci\u00f3n-informaci\u00f3n se han convertido en una alternativa real para la transmisi\u00f3n de hechos concretos, de opiniones que molestan al poder o de verdades frente a las mentiras. Y, claro, del ejercicio de un derecho humano consagrado en el Art\u00edculo 19 de la Declaraci\u00f3n de los Derechos Humanos de la Organizaci\u00f3n de las Naciones Unidas: Toda persona tiene derecho a la libertad de opini\u00f3n y de expresi\u00f3n; este derecho incluye el de no ser molestado a causa de sus opiniones, el de investigar y recibir informaciones y opiniones, y el de difundirlas, sin limitaci\u00f3n de fronteras, por cualquier medio de expresi\u00f3n.<br>Un derecho vulnerado permanentemente por el poder pol\u00edtico y los poderes facticos de los que tantas veces se ha hablado. Recientemente escrib\u00ed en esta misma columna: Fraguas miente. En esa columna se demostraba c\u00f3mo el presidente municipal de Oaxaca de Ju\u00e1rez sosten\u00eda que el refugio para mujeres maltratadas no hab\u00eda sido dado en comodato, que estaba en proceso, seg\u00fan sus dichos en la m\u00e1xima tribuna de un gobierno municipal: el Cabildo.&nbsp;<br>Pero, pronto qued\u00f3 al descubierto que en realidad hac\u00eda m\u00e1s de 40 d\u00edas que hab\u00edan dado en comodato el refugio a una organizaci\u00f3n pol\u00edtica que, entro otras cosas peores, nada ten\u00edan que ver con la defensa de los derechos de las mujeres. De ah\u00ed el t\u00edtulo de la columna.&nbsp;<br>Sin duda, se accionaron las alarmas, el mun\u00edcipe me dedic\u00f3 unos 10 minutos en la sesi\u00f3n de Cabildo, se\u00f1alando c\u00f3mo deb\u00eda yo haber empezado a escribir aquella denuncia, porque asegur\u00f3 que soy asesora de la regidora de Igualdad de G\u00e9nero, lo cual no es un secreto para nadie y existe adem\u00e1s entre la regidora y yo, un acuerdo de trabajo, donde se establece que no es una cosa por la otra y por supuesto no es un pecado mortal ni falta a la \u00e9tica. \u00c9l mismo, el presidente, tiene de asesores a varios periodistas y mantiene el viejo criterio de pago para que no pegues con infinidad de medios, la finalidad es que se refleje el Oaxaca feliz y multicolor, como ya he dicho, y no la realidad gris y la violencia que vive la capital.<br>Lo cierto es que la mencionada columna tuvo recepci\u00f3n entre el p\u00fablico de lectoras, principalmente, a trav\u00e9s de la plataforma informativa digital SemM\u00e9xico y tambi\u00e9n a trav\u00e9s del diario local donde desde hac\u00eda 18 a\u00f1os publicaba mi columna. Pero oper\u00f3 la censura. Al siguiente domingo no se public\u00f3 mi columna en el impreso, yo he decidido dejar que las aguas retomen su cauce, pero a prop\u00f3sito de la libertad de expresi\u00f3n me parec\u00eda imposible dejar pasar este hecho, porque lo que s\u00ed urge al gremio period\u00edstico de Oaxaca es analizar hacia d\u00f3nde vamos y qu\u00e9 clase de periodismo le estamos ofreciendo a la sociedad, quien demanda un ejercicio real de la libertad de expresi\u00f3n.<br><br>Violencia y m\u00e1s violencia<br>El mundillo ocupado en las elecciones de las cuales solo las personas optimistas esperaban mejores resultados y \u00bfc\u00f3mo? Si la pol\u00edtica est\u00e1 en manos de las mismas personas de siempre y los preceptos no cambian: jugar con el miedo y la pobreza de la gente. As\u00ed de simple.<br>Y mientras eso pasa, la violencia contra las mujeres se recrudece, esta vez originado presuntamente un conflicto agrario como sucedi\u00f3 en San Juan Mixtepec y la tormenta tropical Beatriz azota las comunidades casualmente m\u00e1s pobres, marginadas y olvidadas. Hasta donde llega la rapi\u00f1a de la asistencia social y el partidismo para arrebatarse las despensas para favorecer a unos y dejar a la deriva a los otros, yo dir\u00eda a las otras. Lo cierto es que eso que dicen ser \u201casesinatos violentos contra mujeres\u201d sumo en las \u00faltimas 72 horas un total de nueve. Pienso que cualquier gobernante estar\u00eda preocupado y sobre todo ocupado, el de Oaxaca no.<br>As\u00ed son las cosas. Lo reprobable es que el gobernador Alejandro Murat sigue en esa especie de campa\u00f1a medi\u00e1tica, qui\u00e9n sabe con qu\u00e9 intenci\u00f3n, protagonizando lo que yo llamar\u00eda una serie de videos, una especie de telenovela con principio dram\u00e1tico y final feliz, tipo los churros que recetan cada d\u00eda por la televisi\u00f3n comercial, que revelan, eso s\u00ed que Murat es buen actor, y que lo otro, lo que nos importa, es decir, el buen gobierno de resultados todav\u00eda est\u00e1 en veremos.<br><\/p>\n","protected":false},"excerpt":{"rendered":"<p>Mujeres y Pol\u00edtica Asesinar periodistas es la forma m\u00e1s dram\u00e1tica, pero en M\u00e9xico ha existido la otra censura, la que se ejecuta con una \u201corden\u201d desde el poder municipal Soledad Jarqu\u00edn Edgar Soledad Jarqu\u00edn EdgarSemM\u00e9xico, 5 junio 2017.- Ser periodista es un privilegio, cierto, pero tambi\u00e9n es un riesgo, ciert\u00edsimo. Y cuando digo que es [&hellip;]<\/p>\n","protected":false},"author":3,"featured_media":4088,"comment_status":"open","ping_status":"open","sticky":false,"template":"","format":"standard","meta":{"_monsterinsights_skip_tracking":false,"footnotes":""},"categories":[687,75,1],"tags":[],"class_list":["post-4250","post","type-post","status-publish","format-standard","has-post-thumbnail","category-687","category-soledad-jarquin-edgar","category-uncategorized"],"_links":{"self":[{"href":"https:\/\/redsemlac.com\/semmexico\/wp-json\/wp\/v2\/posts\/4250","targetHints":{"allow":["GET"]}}],"collection":[{"href":"https:\/\/redsemlac.com\/semmexico\/wp-json\/wp\/v2\/posts"}],"about":[{"href":"https:\/\/redsemlac.com\/semmexico\/wp-json\/wp\/v2\/types\/post"}],"author":[{"embeddable":true,"href":"https:\/\/redsemlac.com\/semmexico\/wp-json\/wp\/v2\/users\/3"}],"replies":[{"embeddable":true,"href":"https:\/\/redsemlac.com\/semmexico\/wp-json\/wp\/v2\/comments?post=4250"}],"version-history":[{"count":0,"href":"https:\/\/redsemlac.com\/semmexico\/wp-json\/wp\/v2\/posts\/4250\/revisions"}],"wp:featuredmedia":[{"embeddable":true,"href":"https:\/\/redsemlac.com\/semmexico\/wp-json\/wp\/v2\/media\/4088"}],"wp:attachment":[{"href":"https:\/\/redsemlac.com\/semmexico\/wp-json\/wp\/v2\/media?parent=4250"}],"wp:term":[{"taxonomy":"category","embeddable":true,"href":"https:\/\/redsemlac.com\/semmexico\/wp-json\/wp\/v2\/categories?post=4250"},{"taxonomy":"post_tag","embeddable":true,"href":"https:\/\/redsemlac.com\/semmexico\/wp-json\/wp\/v2\/tags?post=4250"}],"curies":[{"name":"wp","href":"https:\/\/api.w.org\/{rel}","templated":true}]}}