{"id":42498,"date":"2021-11-24T16:21:52","date_gmt":"2021-11-24T22:21:52","guid":{"rendered":"https:\/\/redsemlac.com\/semmexico\/?p=42498"},"modified":"2023-07-21T18:52:08","modified_gmt":"2023-07-21T23:52:08","slug":"ana-maria-portugal-speedie-reconocida-por-su-trabajo-feminista-y-periodistico","status":"publish","type":"post","link":"https:\/\/redsemlac.com\/semmexico\/ana-maria-portugal-speedie-reconocida-por-su-trabajo-feminista-y-periodistico\/","title":{"rendered":"Ana Mar\u00eda Portugal Speedie reconocida por su trabajo feminista y period\u00edstico"},"content":{"rendered":"\n<ul class=\"wp-block-list\"><li><strong>Colab<\/strong><\/li><\/ul>\n\n\n\n<ul class=\"wp-block-list\"><li><strong>Colaboradora por m\u00e1s de una d\u00e9cada en iniciativas mexicanas diversas y de SemM\u00e9xico<\/strong><\/li><li><strong>Su tenacidad y rigor le han permitido ser la autora de numerosas historias de mujeres<\/strong><\/li><\/ul>\n\n\n\n<p class=\"wp-block-paragraph\"><strong>Libertad L\u00f3pez<\/strong><\/p>\n\n\n\n<p class=\"wp-block-paragraph\">SemM\u00e9xico, Arequipa, Per\u00fa, 24 de noviembre, 2021.- Este viernes 26 de noviembre, a las 11 de la ma\u00f1ana la Municipalidad Provincial de Arequipa, otorgar\u00e1 el t\u00edtulo \u00fanico de Arequipe\u00f1a del Bicentenario a Ana Mar\u00eda Portugal Speedie.<\/p>\n\n\n\n<p class=\"wp-block-paragraph\">Este reconocimiento forma parte de las celebraciones por los 200 a\u00f1os del nacimiento de la&nbsp;Rep\u00fablica. Se ha entregado a 200 personas. Tambi\u00e9n lo recibi\u00f3 Jos\u00e9 Antonio Portugal Speedie por su trayectoria como \u00abmaestro del documental peruano\u00bb.&nbsp;<\/p>\n\n\n\n<p class=\"wp-block-paragraph\">La ceremonia solemne donde recibir\u00e1 un diploma y una placa, se realizar\u00e1 en su casa, que presidir\u00e1 Mario Rommel Arce Espinoza, director de la Biblioteca Municipal de Arequipa.<\/p>\n\n\n\n<p class=\"wp-block-paragraph\">En la ceremonia estar\u00e1n feministas, su familia y otros personajes. Anita, como todo mundo le dice, dar\u00e1 un breve discurso.<\/p>\n\n\n\n<p class=\"wp-block-paragraph\">Ha sido una permanente colaboradora de SemM\u00e9xico y otros proyectos. De una pluma impecable, y un rigor hist\u00f3rico indispensable para que las nuevas generaciones conozcan y se apropien de la genealog\u00eda de las mujeres, la ha caracterizado en los \u00faltimos 40 a\u00f1os.<\/p>\n\n\n\n<p class=\"wp-block-paragraph\">De admirable car\u00e1cter, ha conseguido contagiar entusiasmos, convocar a las mexicanas, peruanas y chilenas a la larga y aleccionadora de la construcci\u00f3n te\u00f3rica y pr\u00e1ctica del feminismo latinoamericano.<\/p>\n\n\n\n<p class=\"wp-block-paragraph\">A s\u00ed misma se reconoce como una incansable lectora de diarios, revistas y libros. Algunas de sus cercanas la consideran una maestra y una gu\u00eda en la construcci\u00f3n de las experiencias y acciones de las mujeres feministas.<\/p>\n\n\n\n<p class=\"wp-block-paragraph\">Muy temprano se adhiri\u00f3 a las agendas emergentes: los derechos sexuales y reproductivos, el necesario laicismo, la documentaci\u00f3n rigurosa de las biograf\u00edas de mujeres, la lucha por mantener a flote, contingencias aparte, de la libertad de expresi\u00f3n y el derecho de las mujeres a alzar su voz. Sus contribuciones han sido sistem\u00e1ticas para el nacimiento de las redes de mujeres, dentro de una estrategia para contener el patriarcado y sus expresiones nefastas como el machismo, la exclusi\u00f3n y la discriminaci\u00f3n de las mujeres.<\/p>\n\n\n\n<p class=\"wp-block-paragraph\"><strong>Ana Mar\u00eda Portugal Speedie<\/strong>. Peruana, naci\u00f3 en Arequipa. Es periodista y feminista. Fue Integrante del primer grupo feminista peruano Acci\u00f3n para la Liberaci\u00f3n de la Mujer Peruana. 1973. El Centro Flora Trist\u00e1n que surgi\u00f3 en 1979, fue presidenta del Centro de Documentaci\u00f3n de la Mujer CENDOC Mujer.&nbsp; El Centro de la Mujer Peruana Flora Trist\u00e1n es una organizaci\u00f3n feminista&nbsp;con sede en Lima, empe\u00f1ado en la defensa de los derechos humanos de&nbsp;<strong>las mujeres<\/strong>&nbsp;y la igualdad. La organizaci\u00f3n tiene estatus consultivo ante el Consejo Econ\u00f3mico y Social de las Naciones Unidas (ECOSOC). De esta instituci\u00f3n fue responsable de la Biblioteca y la difusi\u00f3n del feminismo.<\/p>\n\n\n\n<figure class=\"wp-block-gallery columns-2 is-cropped wp-block-gallery-1 is-layout-flex wp-block-gallery-is-layout-flex\"><ul class=\"blocks-gallery-grid\"><li class=\"blocks-gallery-item\"><figure><a href=\"https:\/\/redsemlac.com\/semmexico\/wp-content\/uploads\/2021\/11\/ana-maria-portugal-8-e1637792494850.jpg\"><img decoding=\"async\" src=\"https:\/\/redsemlac.com\/semmexico\/wp-content\/uploads\/2021\/11\/ana-maria-portugal-8-e1637792494850-1024x553.jpg\" alt=\"\" data-id=\"42506\" data-full-url=\"https:\/\/redsemlac.com\/semmexico\/wp-content\/uploads\/2021\/11\/ana-maria-portugal-8-e1637792494850.jpg\" data-link=\"https:\/\/redsemlac.com\/semmexico\/ana-maria-portugal-speedie-reconocida-por-su-trabajo-feminista-y-periodistico\/ana-maria-portugal-8\/\" class=\"wp-image-42506\"\/><\/a><\/figure><\/li><li class=\"blocks-gallery-item\"><figure><a href=\"https:\/\/redsemlac.com\/semmexico\/wp-content\/uploads\/2021\/11\/ana-maria-portugal-9.jpg\"><img loading=\"lazy\" decoding=\"async\" width=\"1000\" height=\"750\" src=\"https:\/\/redsemlac.com\/semmexico\/wp-content\/uploads\/2021\/11\/ana-maria-portugal-9.jpg\" alt=\"\" data-id=\"42507\" data-full-url=\"https:\/\/redsemlac.com\/semmexico\/wp-content\/uploads\/2021\/11\/ana-maria-portugal-9.jpg\" data-link=\"https:\/\/redsemlac.com\/semmexico\/ana-maria-portugal-speedie-reconocida-por-su-trabajo-feminista-y-periodistico\/ana-maria-portugal-9\/\" class=\"wp-image-42507\"\/><\/a><\/figure><\/li><li class=\"blocks-gallery-item\"><figure><a href=\"https:\/\/redsemlac.com\/semmexico\/wp-content\/uploads\/2021\/11\/ana-maria-portugal-10-e1637792479682.jpg\"><img decoding=\"async\" src=\"https:\/\/redsemlac.com\/semmexico\/wp-content\/uploads\/2021\/11\/ana-maria-portugal-10-e1637792479682-745x1024.jpg\" alt=\"\" data-id=\"42508\" data-full-url=\"https:\/\/redsemlac.com\/semmexico\/wp-content\/uploads\/2021\/11\/ana-maria-portugal-10-e1637792479682.jpg\" data-link=\"https:\/\/redsemlac.com\/semmexico\/ana-maria-portugal-speedie-reconocida-por-su-trabajo-feminista-y-periodistico\/ana-maria-portugal-10\/\" class=\"wp-image-42508\"\/><\/a><\/figure><\/li><li class=\"blocks-gallery-item\"><figure><a href=\"https:\/\/redsemlac.com\/semmexico\/wp-content\/uploads\/2021\/11\/ana-maria-portugal-6.jpg\"><img loading=\"lazy\" decoding=\"async\" width=\"1000\" height=\"750\" src=\"https:\/\/redsemlac.com\/semmexico\/wp-content\/uploads\/2021\/11\/ana-maria-portugal-6.jpg\" alt=\"\" data-id=\"42504\" data-full-url=\"https:\/\/redsemlac.com\/semmexico\/wp-content\/uploads\/2021\/11\/ana-maria-portugal-6.jpg\" data-link=\"https:\/\/redsemlac.com\/semmexico\/ana-maria-portugal-speedie-reconocida-por-su-trabajo-feminista-y-periodistico\/ana-maria-portugal-6\/\" class=\"wp-image-42504\"\/><\/a><\/figure><\/li><li class=\"blocks-gallery-item\"><figure><a href=\"https:\/\/redsemlac.com\/semmexico\/wp-content\/uploads\/2021\/11\/ana-maria-portugal-7.jpg\"><img loading=\"lazy\" decoding=\"async\" width=\"1000\" height=\"750\" src=\"https:\/\/redsemlac.com\/semmexico\/wp-content\/uploads\/2021\/11\/ana-maria-portugal-7.jpg\" alt=\"\" data-id=\"42505\" data-full-url=\"https:\/\/redsemlac.com\/semmexico\/wp-content\/uploads\/2021\/11\/ana-maria-portugal-7.jpg\" data-link=\"https:\/\/redsemlac.com\/semmexico\/ana-maria-portugal-speedie-reconocida-por-su-trabajo-feminista-y-periodistico\/ana-maria-portugal-7\/\" class=\"wp-image-42505\"\/><\/a><\/figure><\/li><li class=\"blocks-gallery-item\"><figure><a href=\"https:\/\/redsemlac.com\/semmexico\/wp-content\/uploads\/2021\/11\/ana-maria-portugal-5.jpg\"><img loading=\"lazy\" decoding=\"async\" width=\"1000\" height=\"750\" src=\"https:\/\/redsemlac.com\/semmexico\/wp-content\/uploads\/2021\/11\/ana-maria-portugal-5.jpg\" alt=\"\" data-id=\"42503\" data-full-url=\"https:\/\/redsemlac.com\/semmexico\/wp-content\/uploads\/2021\/11\/ana-maria-portugal-5.jpg\" data-link=\"https:\/\/redsemlac.com\/semmexico\/ana-maria-portugal-speedie-reconocida-por-su-trabajo-feminista-y-periodistico\/ana-maria-portugal-5\/\" class=\"wp-image-42503\"\/><\/a><\/figure><\/li><li class=\"blocks-gallery-item\"><figure><a href=\"https:\/\/redsemlac.com\/semmexico\/wp-content\/uploads\/2021\/11\/ana-maria-portugal-4.jpg\"><img decoding=\"async\" src=\"https:\/\/redsemlac.com\/semmexico\/wp-content\/uploads\/2021\/11\/ana-maria-portugal-4-1024x576.jpg\" alt=\"\" data-id=\"42502\" data-full-url=\"https:\/\/redsemlac.com\/semmexico\/wp-content\/uploads\/2021\/11\/ana-maria-portugal-4.jpg\" data-link=\"https:\/\/redsemlac.com\/semmexico\/ana-maria-portugal-speedie-reconocida-por-su-trabajo-feminista-y-periodistico\/ana-maria-portugal-4\/\" class=\"wp-image-42502\"\/><\/a><\/figure><\/li><li class=\"blocks-gallery-item\"><figure><a href=\"https:\/\/redsemlac.com\/semmexico\/wp-content\/uploads\/2021\/11\/ana-maria-portugal-3.jpg\"><img decoding=\"async\" src=\"https:\/\/redsemlac.com\/semmexico\/wp-content\/uploads\/2021\/11\/ana-maria-portugal-3-1024x768.jpg\" alt=\"\" data-id=\"42501\" data-full-url=\"https:\/\/redsemlac.com\/semmexico\/wp-content\/uploads\/2021\/11\/ana-maria-portugal-3.jpg\" data-link=\"https:\/\/redsemlac.com\/semmexico\/ana-maria-portugal-speedie-reconocida-por-su-trabajo-feminista-y-periodistico\/ana-maria-portugal-3\/\" class=\"wp-image-42501\"\/><\/a><\/figure><\/li><\/ul><\/figure>\n\n\n\n<p class=\"wp-block-paragraph\">Portugal Speedie durante m\u00e1s de 40 a\u00f1os ha formado parte de iniciativas latinoamericanas por el laicismo, por la erradicaci\u00f3n de la violencia contra las mujeres, en la construcci\u00f3n de iniciativas para transformar el contenido de los medios de comunicaci\u00f3n.<\/p>\n\n\n\n<p class=\"wp-block-paragraph\">Es una especialista en investigaci\u00f3n de la historia de las mujeres en Am\u00e9rica Latina y el Caribe. Contribuy\u00f3 al equipo de SemM\u00e9xico durante m\u00e1s de 7 a\u00f1os, en la investigaci\u00f3n y las efem\u00e9rides plasmadas en 7 agendas hist\u00f3ricas de las mexicanas. Y al nacimiento del portal informativo, durante varios a\u00f1os elabor\u00f3 las efem\u00e9rides, contribuy\u00f3 con el an\u00e1lisis del paso por la historia de las mujeres.<\/p>\n\n\n\n<p class=\"wp-block-paragraph\">Particip\u00f3 en la construcci\u00f3n de las redes de periodistas con visi\u00f3n de g\u00e9nero entre 1993 y 2003. Ahora, desde su mesa de reflexi\u00f3n y trabajo, en su casa materna, est\u00e1 terminando un ansiado proyecto de biograf\u00edas de Mujeres.<\/p>\n\n\n\n<p class=\"wp-block-paragraph\">Vivi\u00f3 en Chile m\u00e1s de una d\u00e9cada, respondiendo a r una invitaci\u00f3n de la organizaci\u00f3n feminista Isis Internacional situada en Santiago para realizar una consultor\u00eda en la Red de Salud de las Mujeres de Am\u00e9rica Latina (1990). Ah\u00ed fue responsable de publicaciones emblem\u00e1ticas. Fue su directora general.&nbsp; A su regreso a Arequipa Durante toda la d\u00e9cada de los a\u00f1os 90, particip\u00f3 en numerosos encuentros feministas de la regi\u00f3n y en 3 de las 4 Conferencias Internacionales de la Mujer, organizadas por la ONU.<\/p>\n\n\n\n<p class=\"wp-block-paragraph\">Es autora de diversas publicaciones y coautora de una decena de libros, como Las Indispensables de SemM\u00e9xico\/ Instituto Nacional de las Mujeres, y merecedora del premio de la Municipalidad de Lima, Warmi 2012 por su trayectoria period\u00edstica y la defensa de los derechos de las mujeres.<\/p>\n","protected":false},"excerpt":{"rendered":"<p>Colaboradora por m\u00e1s de una d\u00e9cada en iniciativas mexicanas diversas y de SemM\u00e9xico<\/p>\n","protected":false},"author":3,"featured_media":42500,"comment_status":"open","ping_status":"open","sticky":false,"template":"","format":"standard","meta":{"_monsterinsights_skip_tracking":false,"footnotes":""},"categories":[692,54],"tags":[149],"class_list":["post-42498","post","type-post","status-publish","format-standard","has-post-thumbnail","category-692","category-mujeres","tag-mujeres"],"_links":{"self":[{"href":"https:\/\/redsemlac.com\/semmexico\/wp-json\/wp\/v2\/posts\/42498","targetHints":{"allow":["GET"]}}],"collection":[{"href":"https:\/\/redsemlac.com\/semmexico\/wp-json\/wp\/v2\/posts"}],"about":[{"href":"https:\/\/redsemlac.com\/semmexico\/wp-json\/wp\/v2\/types\/post"}],"author":[{"embeddable":true,"href":"https:\/\/redsemlac.com\/semmexico\/wp-json\/wp\/v2\/users\/3"}],"replies":[{"embeddable":true,"href":"https:\/\/redsemlac.com\/semmexico\/wp-json\/wp\/v2\/comments?post=42498"}],"version-history":[{"count":0,"href":"https:\/\/redsemlac.com\/semmexico\/wp-json\/wp\/v2\/posts\/42498\/revisions"}],"wp:featuredmedia":[{"embeddable":true,"href":"https:\/\/redsemlac.com\/semmexico\/wp-json\/wp\/v2\/media\/42500"}],"wp:attachment":[{"href":"https:\/\/redsemlac.com\/semmexico\/wp-json\/wp\/v2\/media?parent=42498"}],"wp:term":[{"taxonomy":"category","embeddable":true,"href":"https:\/\/redsemlac.com\/semmexico\/wp-json\/wp\/v2\/categories?post=42498"},{"taxonomy":"post_tag","embeddable":true,"href":"https:\/\/redsemlac.com\/semmexico\/wp-json\/wp\/v2\/tags?post=42498"}],"curies":[{"name":"wp","href":"https:\/\/api.w.org\/{rel}","templated":true}]}}