{"id":42456,"date":"2021-11-23T17:31:15","date_gmt":"2021-11-23T23:31:15","guid":{"rendered":"https:\/\/redsemlac.com\/semmexico\/?p=42456"},"modified":"2023-07-21T18:52:09","modified_gmt":"2023-07-21T23:52:09","slug":"red-feminista-se-une-a-propuesta-legislativa-presentada-por-diputadas-para-ile","status":"publish","type":"post","link":"https:\/\/redsemlac.com\/semmexico\/red-feminista-se-une-a-propuesta-legislativa-presentada-por-diputadas-para-ile\/","title":{"rendered":"Red Feminista se une a propuesta legislativa presentada por diputadas para ILE"},"content":{"rendered":"\n<ul class=\"wp-block-list\"><li><strong> Convocan a conferencia de prensa ma\u00f1ana mi\u00e9rcoles en Quintana Roo<\/strong><\/li><\/ul>\n\n\n\n<p class=\"wp-block-paragraph\"><strong>Redacci\u00f3n<\/strong><\/p>\n\n\n\n<p class=\"wp-block-paragraph\">SemM\u00e9xico, Canc\u00fan, 23 de noviembre, 2021.- La Red Feminista Quintanarroense va a retirar la iniciativa ciudadana presentada por la Red Feminista Quintanarroense el pasado 24 de septiembre y trabajaran la propuesta presentada por las diputadas Tyara Schleske y Ana Ellam\u00edn Pamplona el pasado 5 de octubre.<\/p>\n\n\n\n<p class=\"wp-block-paragraph\">De ello hablar\u00e1n en la pr\u00f3xima conferencia de prensa, el ma\u00f1ana mi\u00e9rcoles 24 de noviembre a las 12:30 horas en la sala de prensa al interior del Congreso del Estado.<\/p>\n\n\n\n<p class=\"wp-block-paragraph\">La Red Feminista Quintanarroense hizo un exhorto a la diputaci\u00f3n local, a las y los integrantes de las comisiones que analizan la iniciativa presentada, a que realicen con prontitud y perspectiva de DDHH el trabajo de estudio, an\u00e1lisis y dictaminaci\u00f3n correspondiente.<\/p>\n\n\n\n<p class=\"wp-block-paragraph\">De esta manera se da un paso hacia el logro de los objetivos de la Marea Verde en Quintana Roo, as\u00ed como al cumplimiento de uno de los puntos importantes de la agenda Feminista de la Red.<\/p>\n\n\n\n<p class=\"wp-block-paragraph\">SEM\/sj<\/p>\n","protected":false},"excerpt":{"rendered":"<p> Convocan a conferencia de prensa ma\u00f1ana mi\u00e9rcoles en Quintana Roo<\/p>\n","protected":false},"author":3,"featured_media":42457,"comment_status":"open","ping_status":"open","sticky":false,"template":"","format":"standard","meta":{"_monsterinsights_skip_tracking":false,"footnotes":""},"categories":[692,54],"tags":[],"class_list":["post-42456","post","type-post","status-publish","format-standard","has-post-thumbnail","category-692","category-mujeres"],"_links":{"self":[{"href":"https:\/\/redsemlac.com\/semmexico\/wp-json\/wp\/v2\/posts\/42456","targetHints":{"allow":["GET"]}}],"collection":[{"href":"https:\/\/redsemlac.com\/semmexico\/wp-json\/wp\/v2\/posts"}],"about":[{"href":"https:\/\/redsemlac.com\/semmexico\/wp-json\/wp\/v2\/types\/post"}],"author":[{"embeddable":true,"href":"https:\/\/redsemlac.com\/semmexico\/wp-json\/wp\/v2\/users\/3"}],"replies":[{"embeddable":true,"href":"https:\/\/redsemlac.com\/semmexico\/wp-json\/wp\/v2\/comments?post=42456"}],"version-history":[{"count":0,"href":"https:\/\/redsemlac.com\/semmexico\/wp-json\/wp\/v2\/posts\/42456\/revisions"}],"wp:featuredmedia":[{"embeddable":true,"href":"https:\/\/redsemlac.com\/semmexico\/wp-json\/wp\/v2\/media\/42457"}],"wp:attachment":[{"href":"https:\/\/redsemlac.com\/semmexico\/wp-json\/wp\/v2\/media?parent=42456"}],"wp:term":[{"taxonomy":"category","embeddable":true,"href":"https:\/\/redsemlac.com\/semmexico\/wp-json\/wp\/v2\/categories?post=42456"},{"taxonomy":"post_tag","embeddable":true,"href":"https:\/\/redsemlac.com\/semmexico\/wp-json\/wp\/v2\/tags?post=42456"}],"curies":[{"name":"wp","href":"https:\/\/api.w.org\/{rel}","templated":true}]}}