{"id":42439,"date":"2021-11-23T15:31:36","date_gmt":"2021-11-23T21:31:36","guid":{"rendered":"https:\/\/redsemlac.com\/semmexico\/?p=42439"},"modified":"2023-07-21T18:52:09","modified_gmt":"2023-07-21T23:52:09","slug":"pinta-el-mundo-de-naranja","status":"publish","type":"post","link":"https:\/\/redsemlac.com\/semmexico\/pinta-el-mundo-de-naranja\/","title":{"rendered":"Pinta el mundo de naranja"},"content":{"rendered":"\n<ul class=\"wp-block-list\"><li><strong>16 d\u00edas de activismo contra la violencia contra las mujeres<\/strong><\/li><\/ul>\n\n\n\n<ul class=\"wp-block-list\"><li><strong>Iniciada en 1991, por Women&#8217;s Global Leadership Institute<\/strong><\/li><\/ul>\n\n\n\n<p class=\"wp-block-paragraph\"><strong>Gabriela Ram\u00edrez<\/strong><\/p>\n\n\n\n<p class=\"wp-block-paragraph\">SemM\u00e9xico\/ElSol de M\u00e9xico, 23 de noviembre, 2021.- Los 16 D\u00edas de Activismo contra la violencia contra las mujeres y las ni\u00f1as es una campa\u00f1a internacional que se organiza cada a\u00f1o. Empieza el 25 de noviembre, el D\u00eda Internacional de la Eliminaci\u00f3n de la Violencia contra la Mujer, y sigue hasta el 10 de diciembre, el D\u00eda de los Derechos Humanos.<\/p>\n\n\n\n<p class=\"wp-block-paragraph\">Esta campa\u00f1a fue puesta en marcha por un grupo de activistas en la inauguraci\u00f3n del Women&#8217;s Global Leadership Institute en 1991 y este a\u00f1o celebra su 30 aniversario. M\u00e1s de 6 mil organizaciones de 187 pa\u00edses han participado en la campa\u00f1a desde 1991, que ha llegado a 300 millones&nbsp;de personas.<\/p>\n\n\n\n<p class=\"wp-block-paragraph\">Como apoyo a esta iniciativa de la sociedad civil, bajo el liderazgo del Secretario General de las Naciones Unidas, Ant\u00f3nio Guterres, se lanz\u00f3 en 2008 la campa\u00f1a \u201c\u00daNETE de aqu\u00ed al 2030 para poner fin a la violencia contra las mujeres\u201d. El objetivo es prevenir y eliminar la violencia contra las mujeres y las ni\u00f1as mediante medidas que impulsen esfuerzos de promoci\u00f3n y generen debate sobre los desaf\u00edos y las soluciones.<\/p>\n\n\n\n<p class=\"wp-block-paragraph\">El color naranja de esta campa\u00f1a representa un futuro m\u00e1s brillante, sin violencia contra las mujeres y las ni\u00f1as.<\/p>\n\n\n\n<h2 class=\"wp-block-heading\"><strong>Datos recientes<\/strong><\/h2>\n\n\n\n<p class=\"wp-block-paragraph\">Seg\u00fan las \u00faltimas estimaciones de la Organizaci\u00f3n Mundial de la Salud (OMS), casi 1 de cada 3 mujeres de 15 a\u00f1os o m\u00e1s en todo el mundo ha sufrido violencia f\u00edsica o sexual por parte de la pareja, otro agresor o ambos, al menos una vez en su vida, lo cual indica que los niveles de violencia contra las mujeres y las ni\u00f1as no han cambiado durante la \u00faltima d\u00e9cada.<\/p>\n\n\n\n<p class=\"wp-block-paragraph\">Estas cifras no reflejan el impacto de la pandemia de COVID-19 y todav\u00eda ser\u00edan m\u00e1s elevadas si incluyeran todo el continuo de violencia que afecta a mujeres y ni\u00f1as, lo que incluye el acoso sexual, la violencia en contextos digitales, las pr\u00e1cticas nocivas y la explotaci\u00f3n sexual.<\/p>\n\n\n\n<p class=\"wp-block-paragraph\">La COVID-19 ha exacerbado todos los factores de riesgo de la violencia contra las mujeres y las ni\u00f1as.<\/p>\n\n\n\n<p class=\"wp-block-paragraph\">La Organizaci\u00f3n de las Naciones Unidas para la Educaci\u00f3n, la Ciencia y la Cultura (UNESCO) ha estimado que posiblemente 11 millones de ni\u00f1as no retomen la escuela debido a la COVID-19, un hecho que aumenta su riesgo de caer en el matrimonio infantil.<\/p>\n\n\n\n<p class=\"wp-block-paragraph\">De acuerdo con ONU Mujeres, se espera que las consecuencias econ\u00f3micas empujen a 47 millones de mujeres y ni\u00f1as hacia la pobreza extrema en 2021, lo que supone un retroceso de d\u00e9cadas de progreso y la perpetuaci\u00f3n de desigualdades estructurales que refuerzan la violencia contra las mujeres y las ni\u00f1as.<\/p>\n\n\n\n<p class=\"wp-block-paragraph\">Adem\u00e1s, el contexto mundial de conflictos violentos y crisis humanitarias \u2014incluidos desastres relacionados con el clima\u2014 est\u00e1 afectando a m\u00e1s personas que nunca, y de manera desproporcionada a las mujeres y ni\u00f1as.<\/p>\n\n\n\n<p class=\"wp-block-paragraph\">El tema de la campa\u00f1a \u00danete en 2021<\/p>\n\n\n\n<p class=\"wp-block-paragraph\">El tema de la campa\u00f1a mundial de este a\u00f1o \u201cPinta el mundo de naranja:<\/p>\n\n\n\n<p class=\"wp-block-paragraph\">\u00a1PONGAMOS FIN A LA VIOLENCIA CONTRA LAS MUJERES YA!\u201d y buscar\u00e1 defender estrategias, programas y recursos inclusivos, integrales y a largo plazo para prevenir y eliminar la violencia contra las mujeres y las ni\u00f1as en los espacios p\u00fablicos y privados; amplificar las historias de \u00e9xito que demuestran que la violencia contra las mujeres y las ni\u00f1as se puede prevenir; y promover el liderazgo de las mujeres y las ni\u00f1as.<\/p>\n\n\n\n<p class=\"wp-block-paragraph\">Este tema no puede esperar. \u00danete, comparte, comenta, participa.<\/p>\n\n\n\n<p class=\"wp-block-paragraph\">SEM-ElSolDeM\u00e9xico\/gr<\/p>\n","protected":false},"excerpt":{"rendered":"<p>Iniciada en 1991, por Women&#8217;s Global Leadership Institute<\/p>\n","protected":false},"author":3,"featured_media":42440,"comment_status":"open","ping_status":"open","sticky":false,"template":"","format":"standard","meta":{"_monsterinsights_skip_tracking":false,"footnotes":""},"categories":[692,54],"tags":[149],"class_list":["post-42439","post","type-post","status-publish","format-standard","has-post-thumbnail","category-692","category-mujeres","tag-mujeres"],"_links":{"self":[{"href":"https:\/\/redsemlac.com\/semmexico\/wp-json\/wp\/v2\/posts\/42439","targetHints":{"allow":["GET"]}}],"collection":[{"href":"https:\/\/redsemlac.com\/semmexico\/wp-json\/wp\/v2\/posts"}],"about":[{"href":"https:\/\/redsemlac.com\/semmexico\/wp-json\/wp\/v2\/types\/post"}],"author":[{"embeddable":true,"href":"https:\/\/redsemlac.com\/semmexico\/wp-json\/wp\/v2\/users\/3"}],"replies":[{"embeddable":true,"href":"https:\/\/redsemlac.com\/semmexico\/wp-json\/wp\/v2\/comments?post=42439"}],"version-history":[{"count":0,"href":"https:\/\/redsemlac.com\/semmexico\/wp-json\/wp\/v2\/posts\/42439\/revisions"}],"wp:featuredmedia":[{"embeddable":true,"href":"https:\/\/redsemlac.com\/semmexico\/wp-json\/wp\/v2\/media\/42440"}],"wp:attachment":[{"href":"https:\/\/redsemlac.com\/semmexico\/wp-json\/wp\/v2\/media?parent=42439"}],"wp:term":[{"taxonomy":"category","embeddable":true,"href":"https:\/\/redsemlac.com\/semmexico\/wp-json\/wp\/v2\/categories?post=42439"},{"taxonomy":"post_tag","embeddable":true,"href":"https:\/\/redsemlac.com\/semmexico\/wp-json\/wp\/v2\/tags?post=42439"}],"curies":[{"name":"wp","href":"https:\/\/api.w.org\/{rel}","templated":true}]}}