{"id":42435,"date":"2021-11-23T15:27:53","date_gmt":"2021-11-23T21:27:53","guid":{"rendered":"https:\/\/redsemlac.com\/semmexico\/?p=42435"},"modified":"2023-07-21T18:52:09","modified_gmt":"2023-07-21T23:52:09","slug":"cuba-derribar-estereotipos-de-genero-para-una-vida-plena","status":"publish","type":"post","link":"https:\/\/redsemlac.com\/semmexico\/cuba-derribar-estereotipos-de-genero-para-una-vida-plena\/","title":{"rendered":"Cuba: Derribar estereotipos de g\u00e9nero para una vida plena"},"content":{"rendered":"\n<ul class=\"wp-block-list\"><li><strong>Esas ideas preconcebidas impactan en aspectos como la divisi\u00f3n sexual del trabajo<\/strong><\/li><\/ul>\n\n\n\n<ul class=\"wp-block-list\"><li><strong> Limitan a desempe\u00f1ar profesiones donde podr\u00edan explotar su potencial intelectual<\/strong><\/li><\/ul>\n\n\n\n<p class=\"wp-block-paragraph\"><strong>Redacci\u00f3n<\/strong><strong><\/strong><\/p>\n\n\n\n<p class=\"wp-block-paragraph\">SemM\u00e9xico\/SEMlac, La Habana, Cuba, 23 de noviembre 2021.- Los estereotipos de g\u00e9nero coartan el desempe\u00f1o efectivo de las personas e impactan en su vida cotidiana, coincidieron participantes en el debate del grupo psicoeducativo\u00a0<a href=\"https:\/\/t.me\/AcompaSex\" target=\"_blank\" rel=\"noreferrer noopener\">AcompaSex<\/a>, que el jueves 18 de noviembre abord\u00f3 ese tema.<\/p>\n\n\n\n<p class=\"wp-block-paragraph\"><br>Carla Padr\u00f3n Su\u00e1rez, psic\u00f3loga en el Centro Nacional de Educaci\u00f3n Sexual (Cenesex), refiri\u00f3 que&nbsp;<a href=\"http:\/\/www.redsemlac-cuba.net\/redsemlac\/diversidad-sexual\/ck77-sociedad\/los-estereotipos-son-prisiones-para-la-plenitud-humana\/\" target=\"_blank\" rel=\"noreferrer noopener\">estas construcciones socioculturales se relacionan con los prejuicios y las distintas formas de discriminaci\u00f3n<\/a>, en tanto establecen pautas de comportamiento socialmente aceptados y esperados para cada sexo biol\u00f3gico.<br><br><\/p>\n\n\n\n<p class=\"wp-block-paragraph\">\u00abMediante la construcci\u00f3n de g\u00e9nero, la sociedad clasifica, nombra y produce las ideas dominantes de lo que deben ser y c\u00f3mo deben actuar los hombres y las mujeres. Por tanto, referirse a cuestiones de g\u00e9nero es hablar de feminidad y de masculinidad\u00bb, defini\u00f3 la especialista, moderadora del espacio.<\/p>\n\n\n\n<p class=\"wp-block-paragraph\"><br>Precisamente, por esas caracter\u00edsticas, esas ideas preconcebidas impactan en aspectos como la divisi\u00f3n sexual del trabajo, de manera que se ve a los hombres como m\u00e1s apropiados para las labores instrumentales y de raciocinio, mientras que a las mujeres se les asocia con las vinculadas a la atenci\u00f3n al p\u00fablico, el cuidado de otras personas y la&nbsp;<a href=\"http:\/\/www.redsemlac-cuba.net\/redsemlac\/sociedad-y-cultura\/estereotipos-de-belleza-peldanos-en-la-escalera-de-la-violencia\/\" target=\"_blank\" rel=\"noreferrer noopener\">atenci\u00f3n de la belleza<\/a>.<\/p>\n\n\n\n<p class=\"wp-block-paragraph\">\u00abEsto provoca que muchos hombres y mujeres se limiten a desempe\u00f1arse en profesiones donde podr\u00edan explotar su potencial intelectual y realizar grandes aportes profesionales\u00bb, acot\u00f3 Padr\u00f3n Su\u00e1rez, quien explic\u00f3 que esa experiencia est\u00e1 relacionada con un fen\u00f3meno denominado \u00abla amenaza del estereotipo\u00bb.<\/p>\n\n\n\n<p class=\"wp-block-paragraph\"><br>\u00abLa persona considera que no tiene todos los recursos y condiciones para enfrentarse a un determinado puesto de trabajo m\u00e1s asociado a su sexo opuesto y, por lo tanto, se le generan estados de mucha ansiedad y angustia, debido a la inseguridad sobre su potencial, que en ocasiones conducen al fallo\u00bb, a\u00f1adi\u00f3.<br>Asimismo, dijo que entre los grandes problemas que genera la construcci\u00f3n de estereotipos de g\u00e9nero es que no se contemplan otras posibilidades de expresi\u00f3n identitaria, dejando al margen e invisibilizando a muchos grupos que no encajan en la normativa hegem\u00f3nica tradicional.<\/p>\n\n\n\n<p class=\"wp-block-paragraph\"><br>La usuaria Sam HD se\u00f1al\u00f3 que un efecto es tambi\u00e9n la llamada masculinidad hegem\u00f3nica, que hace que el estereotipo construido comience a generar conflictos, tanto para hombres como para mujeres, al ser inalcanzable en ocasiones.<\/p>\n\n\n\n<p class=\"wp-block-paragraph\"><br>Muchas veces se piensa que esas construcciones solo los afectan a ellos, pero tambi\u00e9n inciden en las mujeres, pues condicionan lo que esperan de los hombres y&nbsp;<a href=\"http:\/\/www.redsemlac-cuba.net\/redsemlac\/sociedad-y-cultura\/por-una-infancia-libre-de-estereotipos\/\" target=\"_blank\" rel=\"noreferrer noopener\">lo que ense\u00f1an a sus hijos<\/a>, agreg\u00f3.<\/p>\n\n\n\n<p class=\"wp-block-paragraph\"><br>De acuerdo con la experta del Cenesex, estas construcciones les generan angustia a ellos, al no poder expresar su verdadero yo, y en ocasiones los lleva a sentir que no tienen la libertad de ser aut\u00e9nticos y originales, debido a la presi\u00f3n social por no encajar en el molde socialmente construido.<\/p>\n\n\n\n<p class=\"wp-block-paragraph\"><br>\u00abA ellos se les exige comportarse como un seductor experto en la cama, adivino y responsable de las necesidades y el placer de su pareja; siempre dispuesto y deseoso, siempre con iniciativa y control de la situaci\u00f3n\u00bb, detall\u00f3 Padr\u00f3n Su\u00e1rez y apunt\u00f3 que, por el contrario, la mujer asume un papel mucho m\u00e1s pasivo, obediente y objeto de los deseos sexuales de su pareja, a partir de esas mismas concepciones.<\/p>\n\n\n\n<p class=\"wp-block-paragraph\"><br>Joviana, otra de las participantes, puso la mirada en el&nbsp;<a href=\"http:\/\/www.redsemlac-cuba.net\/redsemlac\/sociedad-y-cultura\/los-cuidados-cada-vez-mas-en-la-piel-de-las-mujeres\/\" target=\"_blank\" rel=\"noreferrer noopener\">rol de cuidadoras que sueles asignarse a las mujeres<\/a>. \u00abNos toca cuidar a nuestros padres viejos y los hermanos varones son los encargados de proveer. A pesar de que las mujeres hemos salido al espacio p\u00fablico y aportamos a la econom\u00eda familiar, seguimos con esa responsabilidad\u00bb, expres\u00f3.<\/p>\n\n\n\n<p class=\"wp-block-paragraph\"><br>Los hombres tambi\u00e9n tienen la capacidad de dar amor y ser afectuosos ante la vulnerabilidad de una persona dependiente de cuidados, remarc\u00f3 la moderadora y a\u00f1adi\u00f3 que la idea preconcebida de que ellos no pueden expresar sus emociones y no deben mostrarse vulnerables es una de las condicionantes para que se les perciba como m\u00e1s fr\u00edos e incapaces de cuidar.<\/p>\n\n\n\n<p class=\"wp-block-paragraph\"><br>La familia emergi\u00f3 en el debate como un eslab\u00f3n fundamental para derribar estas concepciones tan da\u00f1inas, que anteceden incluso al momento del nacimiento, pues desde que se identifica el sexo biol\u00f3gico del beb\u00e9, ya se construyen expectativas con las cuales quieren que se identifique.<\/p>\n\n\n\n<p class=\"wp-block-paragraph\"><br>Muchas veces es el hogar donde se afianzan las divisiones antag\u00f3nicas y excluyentes entre ni\u00f1os y ni\u00f1as, lo cual da lugar a relaciones dispares y de inequidad entre los g\u00e9neros, a que haya discriminaci\u00f3n y diferencias en las oportunidades para cada persona, consider\u00f3 la experta del Cenesex.<\/p>\n\n\n\n<p class=\"wp-block-paragraph\"><br>\u00abSe nos divide por el mundo rosa y el mundo azul. Las hembras y los varones, el sexo d\u00e9bil y el sexo fuerte, el emprendedor y la ama de casa, el hombre fuerte e inquebrantable y la mujer sensible y emocional. Sin embargo, son hipergeneralizaciones que dejan afuera muchos matices enriquecedores de una personalidad aut\u00e9ntica\u00bb, manifest\u00f3.<\/p>\n\n\n\n<p class=\"wp-block-paragraph\"><br>La influencia de los estereotipos en la educaci\u00f3n que se proporciona desde la primera infancia y el bombardeo cultural -desde las princesas de Disney, laboriosas y en espera del pr\u00edncipe salvador, hasta los juguetes dise\u00f1ados para uno y otro sexo biol\u00f3gico- contribuyen a entronizar estos patrones, comentaron varias de las personas participantes.<\/p>\n\n\n\n<p class=\"wp-block-paragraph\"><br>Es importante reflexionar acerca de que la sexualidad y los juguetes no tienen color o son multicolores, subray\u00f3 la especialista del Cenesex Ana Mar\u00eda Cano, quien cuestion\u00f3 la costumbre de diferenciar a ni\u00f1os y ni\u00f1as por los colores con los que visten o la de castigar a los varones que jueguen con mu\u00f1ecas, si despu\u00e9s queremos que cuiden de sus hijos.<\/p>\n\n\n\n<p class=\"wp-block-paragraph\"><br>\u00abA los ni\u00f1os hay que ense\u00f1arles a ser personas de bien, personas que ejercen sus derechos con responsabilidad, personas que respetan los l\u00edmites propios y de los dem\u00e1s; se les debe ense\u00f1ar sus derechos y sus responsabilidades como sujetos de derecho\u00bb, enfatiz\u00f3 Padr\u00f3n Su\u00e1rez.<\/p>\n\n\n\n<p class=\"wp-block-paragraph\"><br>Lo mejor es educarlos como personas con valores, capaces de defender sus criterios y emprender las tareas en todos los espacios de la vida, concord\u00f3 la forista Olga Cecilia Garc\u00eda.<\/p>\n\n\n\n<p class=\"wp-block-paragraph\"><br>La influencia de los estereotipos sexistas en la educaci\u00f3n que se proporciona desde la primera infancia y el bombardeo cultural contribuyen a entronizar estos patrones, coincidieron en las intervenciones.<\/p>\n\n\n\n<p class=\"wp-block-paragraph\">SEM-SEMlac<\/p>\n","protected":false},"excerpt":{"rendered":"<p> Limitan a desempe\u00f1ar profesiones donde podr\u00edan explotar su potencial intelectual<\/p>\n","protected":false},"author":3,"featured_media":42436,"comment_status":"open","ping_status":"open","sticky":false,"template":"","format":"standard","meta":{"_monsterinsights_skip_tracking":false,"footnotes":""},"categories":[692,53],"tags":[],"class_list":["post-42435","post","type-post","status-publish","format-standard","has-post-thumbnail","category-692","category-internacional"],"_links":{"self":[{"href":"https:\/\/redsemlac.com\/semmexico\/wp-json\/wp\/v2\/posts\/42435","targetHints":{"allow":["GET"]}}],"collection":[{"href":"https:\/\/redsemlac.com\/semmexico\/wp-json\/wp\/v2\/posts"}],"about":[{"href":"https:\/\/redsemlac.com\/semmexico\/wp-json\/wp\/v2\/types\/post"}],"author":[{"embeddable":true,"href":"https:\/\/redsemlac.com\/semmexico\/wp-json\/wp\/v2\/users\/3"}],"replies":[{"embeddable":true,"href":"https:\/\/redsemlac.com\/semmexico\/wp-json\/wp\/v2\/comments?post=42435"}],"version-history":[{"count":0,"href":"https:\/\/redsemlac.com\/semmexico\/wp-json\/wp\/v2\/posts\/42435\/revisions"}],"wp:featuredmedia":[{"embeddable":true,"href":"https:\/\/redsemlac.com\/semmexico\/wp-json\/wp\/v2\/media\/42436"}],"wp:attachment":[{"href":"https:\/\/redsemlac.com\/semmexico\/wp-json\/wp\/v2\/media?parent=42435"}],"wp:term":[{"taxonomy":"category","embeddable":true,"href":"https:\/\/redsemlac.com\/semmexico\/wp-json\/wp\/v2\/categories?post=42435"},{"taxonomy":"post_tag","embeddable":true,"href":"https:\/\/redsemlac.com\/semmexico\/wp-json\/wp\/v2\/tags?post=42435"}],"curies":[{"name":"wp","href":"https:\/\/api.w.org\/{rel}","templated":true}]}}