{"id":42347,"date":"2021-11-21T20:27:47","date_gmt":"2021-11-22T02:27:47","guid":{"rendered":"https:\/\/redsemlac.com\/semmexico\/?p=42347"},"modified":"2023-07-21T18:52:13","modified_gmt":"2023-07-21T23:52:13","slug":"deudas-del-pef-2022-con-las-mujeres-en-presupuesto-salud-cuidados-y-tierras","status":"publish","type":"post","link":"https:\/\/redsemlac.com\/semmexico\/deudas-del-pef-2022-con-las-mujeres-en-presupuesto-salud-cuidados-y-tierras\/","title":{"rendered":"Presupuesto 2022 ignora a mujeres en salud, violencia de g\u00e9nero y desaparecidas"},"content":{"rendered":"\n<figure class=\"wp-block-image size-large\"><a href=\"https:\/\/redsemlac.com\/semmexico\/2021-lo-mas-destacado\/\" target=\"_blank\" rel=\"https:\/\/redsemlac.com\/semmexico\/2021-lo-mas-destacado\/ noopener\"><img decoding=\"async\" src=\"https:\/\/redsemlac.com\/semmexico\/wp-content\/uploads\/2021\/12\/DESTACADO-BANNER-1024x164.png\" alt=\"\" class=\"wp-image-43481\"\/><\/a><\/figure>\n\n\n\n<ul class=\"wp-block-list\"><li><strong>El an\u00e1lisis de diputadas, feministas y activistas muestra c\u00f3mo se despoj\u00f3 el anexo para promover la igualdad y la no violencia<\/strong><\/li><\/ul>\n\n\n\n<p class=\"wp-block-paragraph\"><strong>&nbsp;Sara Lovera y Diana Ju\u00e1rez<\/strong><strong><\/strong><\/p>\n\n\n\n<p class=\"wp-block-paragraph\">SemM\u00e9xico\/La Silla Rota, 21 de noviembre, 2021-El Presupuesto de Egresos de la Federaci\u00f3n 2022 condena a las mexicanas a vivir en desigualdad, pobreza y violencia de g\u00e9nero en los pr\u00f3ximos 48 a\u00f1os y significa que, a pesar de las leyes, los compromisos y acuerdos internacionales, tanto como la realidad, la llamada Cuarta Transformaci\u00f3n le da la espalda a m\u00e1s de 60 millones de mujeres, de acuerdo con el an\u00e1lisis de diputadas, feministas y activistas.<\/p>\n\n\n\n<p class=\"wp-block-paragraph\">La lectura de la propuesta presidencial que aprob\u00f3 el Congreso de la Uni\u00f3n revela que el dinero para la igualdad entre hombres y mujeres en 2022 representa el 4.5 por ciento de todo el gasto de la administraci\u00f3n y de 129 programas s\u00f3lo dej\u00f3 39, o sea 38 por ciento de lo construido en 11 a\u00f1os con apenas el 0.59 por ciento de lo ganado. El PEF dej\u00f3 de considerar a la ciudadan\u00eda femenina siendo que el trabajo dom\u00e9stico y de cuidados no remunerado aporta el 22.8 por ciento del Producto Interno Bruto del pa\u00eds.<\/p>\n\n\n\n<p class=\"wp-block-paragraph\">\u201cLos programas que s\u00ed est\u00e1n orientados a tales fines tienen incrementos que apenas son equivalentes a la inflaci\u00f3n, o incluso menores\u201d, se\u00f1al\u00f3 Guillermo Rodr\u00edguez Garc\u00eda, vocero del Colectivo \u201cAliadas por la igualdad y la no violencia\u201d.<\/p>\n\n\n\n<h2 class=\"wp-block-heading\"><strong>FRACASO DE LAS POL\u00cdTICAS P\u00daBLICAS<\/strong><\/h2>\n\n\n\n<p class=\"wp-block-paragraph\">Morena entr\u00f3 en una ruta de autoreproducci\u00f3n patriarcal que desconoce la Pol\u00edtica Nacional para la Igualdad de Hombres y Mujeres, sostiene Claudia Alonso Pesado, investigadora, en un estudio del Instituto Belisario Dom\u00ednguez del Senado de la Rep\u00fablica, que documenta el fracaso de pol\u00edticas p\u00fablicas de nuestro pa\u00eds en igualdad y violencia,&nbsp; a pesar de los cambios en el marco jur\u00eddico y constitucional y los esfuerzos normativos e institucionales no han logrado&nbsp; prevenir, sancionar o erradicar la violencia.<\/p>\n\n\n\n<p class=\"wp-block-paragraph\">Ello, seg\u00fan Magdalena Garc\u00eda Hern\u00e1ndez, de la Red por la Igualdad Presupuestal entre Mujeres y Hombres, tambi\u00e9n es violencia contra las mujeres y consider\u00f3 que los programas que la oficialidad dice que son para mejorar la vida de las mujeres no contribuyen al cumplimiento de los principios de progresividad y derechos humanos.<\/p>\n\n\n\n<p class=\"wp-block-paragraph\">Adem\u00e1s, el presupuesto que aprob\u00f3 el partido oficial, despreci\u00f3 seis ejercicios de cr\u00edtica, an\u00e1lisis y propuesta que hicieron especialistas, acad\u00e9micas, organizaciones sociales, ex diputadas en las \u00faltimas semanas en que se analiz\u00f3 el presupuesto. Tambi\u00e9n desoy\u00f3 la advertencia de la Auditoria Federal de la Federaci\u00f3n que propone el redise\u00f1o de la pol\u00edtica de igualdad, hoy ausente en el Plan Nacional de Desarrollo, y se\u00f1al\u00f3 que acciones y programas, supuestamente para \u201cempoderar \u201ca las mujeres no incluyen mecanismos de transparencia, de rendici\u00f3n de cuentas y no se conoce el destino de los recursos.<\/p>\n\n\n\n<p class=\"wp-block-paragraph\">De acuerdo al estudio del Instituto Belisario Dom\u00ednguez del Senado de la Rep\u00fablica, aludiendo a los programas insignia del presidente de la Rep\u00fablica \u2013como sembrando vida- <strong>sostiene que al menos 11 no tienen claridad del problema p\u00fablico de desigualdad y violencia que pretenden atender<\/strong>, ni se apegan a los procedimientos institucionales mandatados en la Ley Federal de Presupuesto y Responsabilidad Hacendaria.<\/p>\n\n\n\n<p class=\"wp-block-paragraph\">Se viola el principio de progresividad que deb\u00eda dar cuenta del posible avance en el porcentaje de gasto etiquetado con respecto al total del gasto en cada ramo para atender la brecha de desigualdad.<\/p>\n\n\n\n<p class=\"wp-block-paragraph\">Paralelamente el Sistema Nacional de Prevenci\u00f3n, Atenci\u00f3n Sanci\u00f3n y Erradicaci\u00f3n de la Violencia contra las Mujeres SNPASEVM no hay&nbsp;&nbsp; informaci\u00f3n sobre cobertura, no existe referencia a su poblaci\u00f3n potencial, no hay indicadores desagregados por sexo en programas mixtos que no son acciones afirmativas para mujeres.<\/p>\n\n\n\n<h2 class=\"wp-block-heading\"><strong>CREACI\u00d3N DE LA SUBCOMISI\u00d3N<\/strong><\/h2>\n\n\n\n<p class=\"wp-block-paragraph\">Desde la c\u00e1mara de diputados en colaboraci\u00f3n con organizaciones sociales se realizaron seis ejercicios para analizar y proponer, con razones fundadas, reorientar el PEF en favor de la igualdad. El 11 de octubre la 3\u00aa Conferencia Nacional de Legisladoras y Organizaciones de la Sociedad Civil contra la Violencia y Por los Derechos Humanos, la diputada Mirza Flores G\u00f3mez, Secretaria de la Comisi\u00f3n de Presupuesto y Cuenta P\u00fablica, propuso la creaci\u00f3n de una Subcomisi\u00f3n de Presupuesto con Perspectiva de G\u00e9nero, aprobada en la sesi\u00f3n del 12 de octubre, pero se determin\u00f3 que la instalaci\u00f3n de dicha Subcomisi\u00f3n se llevar\u00eda a cabo despu\u00e9s de aprobado el PEF 2022.<\/p>\n\n\n\n<p class=\"wp-block-paragraph\">El 18 de octubre la Comisi\u00f3n de Igualdad de G\u00e9nero convoc\u00f3 al Foro: Presupuesto para la igualdad entre mujeres y hombres 2022, retos y perspectivas. Y finalmente, el 28 de octubre la Comisi\u00f3n de Presupuesto y Cuenta P\u00fablica realiz\u00f3 una Mesa de Di\u00e1logo en Parlamento Abierto,&nbsp; donde particip\u00f3 la Auditor\u00eda Superior de la Federaci\u00f3n ASF.&nbsp; Se invit\u00f3 a la Secretar\u00eda de Hacienda y Cr\u00e9dito P\u00fablico SHCP, para conocer criterios y la metodolog\u00eda para integrar el Anexo 13, pero no asisti\u00f3.<\/p>\n\n\n\n<p class=\"wp-block-paragraph\">Estas mesas surigieron de la propuesta de conformar un \u201ccuarto de a lado\u201d por parte de la diputada Amalia Garc\u00eda de Movimiento Ciudadano para analizar a la par el presupuesto. \u201cEl cuarto de a lado fue una propuesta que se lanz\u00f3, muchas compa\u00f1eras se sumaron pero desafortunadamente no quienes deciden en la C\u00e1mara. Ni la Junta de Coordinaci\u00f3n Pol\u00edtica ni tampoco la mesa directiva de la Comisi\u00f3n de Presupuesto, cuando se lanza la propuesta, lo que enfatiza era que m\u00e1s all\u00e1 de las subcomisiones\u2026 propon\u00eda algo diferente un equipo de trabajo que se reuniera permanentemente aportando propuestas e iniciativas constituido por mujeres de la academia, expertas en planeaci\u00f3n perspectiva de g\u00e9nero, mujeres de la organizaci\u00f3n civil&nbsp; y donde tambi\u00e9n hubiera diputados y diputadas, es decir, un tri\u00e1ngulo de hierro: sociedad civil, la academia y mujeres legisladores, se hizo pero no avanz\u00f3\u201d, dijo en entrevista.<\/p>\n\n\n\n<p class=\"wp-block-paragraph\">Las propuestas coincidieron en priorizar las necesidades m\u00e1s urgentes&nbsp; de las mujeres como en los renglones de salud sexual y reproductiva, el fortalecimiento de los Refugios para mujeres v\u00edctimas de violencia, los programas para la transversalizaci\u00f3n e de la perspectiva de g\u00e9nero, prevenci\u00f3n de embarazo en adolescentes, el presupuesto para la CONAVIM, para las Casas de Atenci\u00f3n a las Mujeres Ind\u00edgenas y Afrodescendientes y los Centros de Justicia para las Mujeres, se\u00f1ala el documento de conclusiones del Parlamento Abierto.<\/p>\n\n\n\n<h2 class=\"wp-block-heading\"><strong>SISTEMA NACIONAL DE CUIDADOS<\/strong><\/h2>\n\n\n\n<p class=\"wp-block-paragraph\">Llamaron a aterrizar el Sistema Nacional de Cuidados y la atenci\u00f3n a la salud de las mexicanas, sobre todo para c\u00e1nceres femeninos (mama, c\u00e9rvico uterino, de ovarios) y en vacuna. Plantearon como urgente destinar recursos para el Programa de Apoyos para los hijos e hijas de madres trabajadoras, recursos para todas las mujeres que fueron excluidas de los mercados laborales o que son jefas de familia. Tambi\u00e9n hubo coincidencias en asignar recursos para la reactivaci\u00f3n econ\u00f3mica y generaci\u00f3n de empleos de calidad para las mujeres.<\/p>\n\n\n\n<p class=\"wp-block-paragraph\">En cuanto a la conformaci\u00f3n de un Sistema Nacional de Cuidados Amalia Garc\u00eda se\u00f1ala que el Estado debe hacerse responsable del bienestar y garantizar derechos a las personas, \u201cuno de nuestros derechos es que el Estado se haga cargo de los cuidados, nosotras nos hacemos cargo en todo el ciclo de la vida\u201d, apunt\u00f3 Amalia Hern\u00e1ndez, diputada de Movimiento Ciudadano.<\/p>\n\n\n\n<p class=\"wp-block-paragraph\">Pero de todo lo propuesto, la mayor\u00eda parlamentaria de Morena y sus aliados no aprob\u00f3 ninguna. Entre las m\u00e1s de 2 mil reservas presentadas por las y los legisladores al proyecto de decreto del PEF 2022, muchas relativas al Anexo 13. Todas fueron desechadas.<\/p>\n\n\n\n<p class=\"wp-block-paragraph\">\u201cSe abrieron sesiones de Parlamento Abierto pero ni una de los planteamientos se tom\u00f3, de nadie, ni uno de los participantes , sociedad civil, diputadas expertos se tomaron en cuenta. Ni uno de lo planteamientos se tom\u00f3, de nadie, ni del movimiento campesino, los migrantes. No se movi\u00f3 una coma del presupuesto. Esto desalienta, pero tengo una experiencia de a\u00f1os trabajando desde la izquierda, desde la oposici\u00f3n, en condiciones muy extremas, sin posibilidades aparentemente\u2026 sin embargo, se fueron conquistando transformaciones en el pa\u00eds, a fuerza de no darse por vencido\u201d, apunt\u00f3 Amalia Garc\u00eda, quien conf\u00eda en la gesti\u00f3n de un Sistema Nacional de Cuidados.<\/p>\n\n\n\n<p class=\"wp-block-paragraph\">De esas reflexiones y ponencias, de m\u00e1s de 40 personas, se concluy\u00f3 que urg\u00eda hacer algunas modificaciones, tramitadas ante la Comisi\u00f3n de Hacienda, la asesora parlamentaria, Muriel Salinas D\u00edaz, tambi\u00e9n promotora de la Red de Mujeres Pol\u00edticas en Guerrero, dijo: \u201csimplemente las echaron a la basura\u201d.<\/p>\n\n\n\n<p class=\"wp-block-paragraph\">La ex diputada morenista, Lorena Villavicencio Ayala se lament\u00f3 de la falta de apoyos a las Jefas de Familia que perdieron su empleo durante la pandemia, como un programa temporal mientras es posible crear el Sistema Nacional de Cuidados aprobado por la c\u00e1mara. Programa que incluya guarder\u00edas infantiles para todas las mujeres que trabajan en la econom\u00eda informal que asciende a un mill\u00f3n 300 mil entre marzo de 2020 y marzo de 2021. No haberlo atendido, dijo es una forma de confinar a las mujeres a una vida precaria, sin derechos laborales plenos y a infancias sin los cuidados integrales que merecen.<\/p>\n\n\n\n<h2 class=\"wp-block-heading\"><strong>SOBRE EL ANEXO 13<\/strong><\/h2>\n\n\n\n<p class=\"wp-block-paragraph\">Todo el presupuesto, seg\u00fan las participantes en el parlamento abierto, la afirmaci\u00f3n del gran crecimiento del PEF y el Anexo 13 encubren la posibilidad de medir los impactos diferenciados del programa en mujeres y hombres.<\/p>\n\n\n\n<p class=\"wp-block-paragraph\">Adem\u00e1s, sus metas anuales que dicen \u201chay un avance\u201d no deja claro si es un avance del sexenio.<\/p>\n\n\n\n<p class=\"wp-block-paragraph\">En todas las acciones, sobre poblaciones indeterminadas \u2013mixtas- no permite advertir el cierre de brechas de desigualdad social y de g\u00e9nero.<\/p>\n\n\n\n<p class=\"wp-block-paragraph\">Por ejemplo, Vanessa S\u00e1nchez Vizcarra directora de Estudios Sociales de la Posici\u00f3n y Condici\u00f3n de las Mujeres y la Equidad de G\u00e9nero, \u00f3rgano t\u00e9cnico de la C\u00e1mara de Diputados sostuvo que los programas y acciones que contiene el PEF no son exclusivos para mujeres, es decir, no se puede visualizar, adem\u00e1s el Anexo 13 Erogaciones para la Igualdad entre Mujeres y Hombres del presupuesto, cambi\u00f3 y no existe una bolsa de recursos exclusivos 100 por ciento para mujeres.<\/p>\n\n\n\n<p class=\"wp-block-paragraph\">Magdalena Garc\u00eda Hern\u00e1ndez afirm\u00f3 que lo mejor hubiera sido decidir que los programas que no tienen perspectiva no se incluyeran en el Anexo 13 y se colocaran a donde correspondan y hacer que el PROIGUALDAD sea un programa presupuestal. Eso tendr\u00eda m\u00e1s l\u00f3gica.<\/p>\n\n\n\n<p class=\"wp-block-paragraph\">Hay 8 programas representan el 83.63 del Anexo 13,&nbsp; Bienestar Pensi\u00f3n para el Bienestar de las Personas Adultas Mayores 127 mil millones, el 73%; Programa de Becas de Educaci\u00f3n B\u00e1sica para el Bienestar Benito Ju\u00e1rez 26 mil millones, 11.38%; Beca Universal para Estudiantes de Educaci\u00f3n Media Superior Benito Ju\u00e1rez 17 mil millones, 7.42%; Trabajo y Previsi\u00f3n Social J\u00f3venes Construyendo el Futuro 10 mil millones, 4.51%;&nbsp; Bienestar Sembrando Vida 9 mil millones, 4.03%;&nbsp; Consejo Nacional de Ciencia y Tecnolog\u00eda Becas de posgrado y apoyos a la calidad 5 mil millones, 2.50%;&nbsp; Educaci\u00f3n P\u00fablica J\u00f3venes Escribiendo el Futuro 5 mil millones, 2.28% y&nbsp; Agricultura y Desarrollo Rural Producci\u00f3n para el Bienestar 4 mil millones, 1.79%. Total 205 mil millones que representa el 88.63%.<\/p>\n\n\n\n<p class=\"wp-block-paragraph\">Esto es: \u201cEl Anexo 13, fue despojado totalmente\u201d, Patricia Olamendi Torres, abogada feminista, dijo en entrevista que de esta manera las y los diputados morenistas y sus aliados, han catapultado la pol\u00edtica nacional de g\u00e9nero en apenas 36 meses, luego de que tanto instituciones como grupos de mujeres y especialistas construyeron durante 40 a\u00f1os cambios en el marco jur\u00eddico y constitucional, as\u00ed como en el dise\u00f1o de pol\u00edticas p\u00fablicas de nuestro pa\u00eds.<\/p>\n\n\n\n<p class=\"wp-block-paragraph\">Tan grave es la situaci\u00f3n, s\u00f3lo en violencia que en todo el mundo una de cada 10 mujeres sufre violencia, en M\u00e9xico tres de cada 10 la vive. Con la actual administraci\u00f3n es claro, dijo, se profundiza la desigualdad, la violencia y la pobreza.<\/p>\n\n\n\n<p class=\"wp-block-paragraph\">Hoy la violencia en contra de las mujeres se ha exacerbado y los esfuerzos normativos e institucionales no han logrado realmente prevenir, sancionar o erradicar la violencia. La situaci\u00f3n es tan err\u00e1tica que las reformas que se han hecho a la Ley General de Acceso a las Mujeres a una Vida Libre de Violencia y su Reglamento, no est\u00e1n empatadas ni guardan su unidad conceptual, y su naturaleza jur\u00eddico-normativa, se fragiliza, por lo que se propone realizar una revisi\u00f3n integral de todo el marco jur\u00eddico de la violencia y de la igualdad, como dice el pre\u00e1mbulo del estudio del Belisario Dom\u00ednguez del Senado de la Rep\u00fablica.<\/p>\n\n\n\n<h2 class=\"wp-block-heading\"><strong>CAMIS<\/strong><\/h2>\n\n\n\n<p class=\"wp-block-paragraph\">La atenci\u00f3n a v\u00edctimas y el Programa para el Bienestar Integral de los Pueblos Ind\u00edgenas, bolsa de la que salen recursos para la debilitada iniciativa de las Casas de la Mujer Ind\u00edgena y Afromexicana (CAMIS), tendr\u00edan menos recursos en t\u00e9rminos reales, advirti\u00f3 Rodr\u00edguez Garc\u00eda.<\/p>\n\n\n\n<p class=\"wp-block-paragraph\">La Red Nacional de Refugios (RNR) ha registrado en los dos \u00faltimos a\u00f1os, tres de cada cinco mujeres que se han acercado a la instituci\u00f3n hab\u00edan acudido ya previamente a instancias gubernamentales pero no se les brind\u00f3 la atenci\u00f3n. Los aumentos de los programas para Refugios Especializados para Mujeres V\u00edctimas de Violencia de G\u00e9nero tuvieron un incremento real del .04%, poco significativos en comparaci\u00f3n a la violencia que se vive en M\u00e9xico, alert\u00f3 la directora de la Red Nacional de Refugios, Wendy Figueroa.<\/p>\n\n\n\n<p class=\"wp-block-paragraph\">La violencia de g\u00e9nero ha aumentado en el caso de las ni\u00f1as. La organizaci\u00f3n World Visi\u00f3n M\u00e9xico se\u00f1ala que el feminicidio infantil ha aumentado en los \u00faltimos seis a\u00f1os m\u00e1s del 55%, de acuerdo con datos del SENSPP. Adem\u00e1s, los ataques sexuales se han concentrado en ni\u00f1as, cuatro de cada 10 delitos sexuales son sufridos por ni\u00f1as y\/adolescentes. Ante este panorama, Faviola Capetillo propuso un aumento al presupuesto.<\/p>\n\n\n\n<h2 class=\"wp-block-heading\"><strong>SALUD ENFOCADA A MUJERES<\/strong><\/h2>\n\n\n\n<p class=\"wp-block-paragraph\">Pese a que el presupuesto a la salud en 2022 subir\u00e1 un 15.2%. No se contemplan a las mujeres. Fanny Romero Moreno, directora Institucional Respirando con Valor A.C. se\u00f1ala que el proyecto de Presupuesto 2022 consider\u00f3 una reducci\u00f3n severa de hasta 68% al programa de atenci\u00f3n m\u00e9dica especializada a mujeres, en t\u00e9rminos reales.<\/p>\n\n\n\n<p class=\"wp-block-paragraph\">En cuanto al c\u00e1ncer de pulm\u00f3n hubo una reducci\u00f3n en el presupuesto del 8.1% este a\u00f1o. La importancia de visibilizar esta enfermedad es que atraviesa ciertas circunstancias donde las mujeres m\u00e1s vulnerables quedan desprotegidas. De acuerdo con cifras de la AC Respirando con Valor, 16% de las mujeres dedicadas al hogar utilizan estufas de le\u00f1a para cocinar o calentar sus hogares. La exposici\u00f3n al humo de le\u00f1a es m\u00e1s com\u00fan en mujeres de las poblaciones rurales de M\u00e9xico por lo que al contraer esta enfermedad la posibilidad de acceder a un tratamiento es limitado.<\/p>\n\n\n\n<p class=\"wp-block-paragraph\">El 54.29% de la poblaci\u00f3n atendida es analfabeta o solo cuentan con el nivel b\u00e1sico de educaci\u00f3n. El 47.89% tiene dependientes econ\u00f3micos (hijos, nietos, c\u00f3nyuges o padres).<\/p>\n\n\n\n<h2 class=\"wp-block-heading\"><strong>LAS MUJERES Y LA TIERRA<\/strong><\/h2>\n\n\n\n<p class=\"wp-block-paragraph\">Un problema que preocupa es la situaci\u00f3n de las tierras bajo la administraci\u00f3n de las mujeres. Mariana Gonz\u00e1lez Torres, Consejera del Consejo Mexicano De Desarrollo Rural Sustentable se\u00f1ala que de cada 10 personas con derechos sobre la tierra, tres son mujeres.<\/p>\n\n\n\n<p class=\"wp-block-paragraph\">\u201cAl no ser propietarias de la tierra no pueden ser beneficiarias de programas de equipamiento, infraestructura, cr\u00e9ditos o apoyos econ\u00f3micos por pagos de servicios ambientales\u201d, se\u00f1ala Gonz\u00e1lez Torres, Secretaria de Gesti\u00f3n Social de la Uni\u00f3n General De Obreros Y Campesinos De M\u00e9xico, Jacinto L\u00f3pez, Ugocm Jl.<\/p>\n\n\n\n<p class=\"wp-block-paragraph\">La Organizaci\u00f3n Internacional del Trabajo, se\u00f1ala que las mujeres tienen a su cargo el 76.2% de todas las horas del trabajo de cuidado no remunerado. El informe se\u00f1ala que el trabajo de cuidado no remunerado es el principal obst\u00e1culo que impide a las mujeres incorporarse, permanecer y progresar en la fuerza de trabajo<\/p>\n\n\n\n<h2 class=\"wp-block-heading\"><strong>MEDICI\u00d3N Y ANEXO TRASVERSAL<\/strong><\/h2>\n\n\n\n<p class=\"wp-block-paragraph\">Para la implementaci\u00f3n oportuna del presupuesto y no partir de programas generales, un grupo de organizaciones (A\u00fana M\u00e9xico, M\u00e9xico Eval\u00faa, Borde Pol\u00edtico e Integrantes de la Coalici\u00f3n por el Derecho al Cuidado Digno y Tiempo Propio de las Mujeres) han sugerido que el Instituto Nacional de Estad\u00edstica y Geograf\u00eda (Inegi) cuente con recursos suficientes para realizar encuestas de uso de tiempo y necesidades de cuidado de la poblaci\u00f3n as\u00ed para generar un diagn\u00f3stico nacional de la oferta y demanda de cuidados del pa\u00eds.<\/p>\n\n\n\n<p class=\"wp-block-paragraph\">Se exige suficiencia presupuestaria y la evaluaci\u00f3n de programas sociales que deber\u00edan adaptarse al Sistema Nacional de Cuidados, tales como como el programa de Apoyo para el Bienestar de las Ni\u00f1as y Ni\u00f1os, Hijos de Madres Trabajadores de Bienestar, las Guarder\u00edas del IMSS y las Estancias del ISSSTE.<\/p>\n\n\n\n<p class=\"wp-block-paragraph\">Adem\u00e1s, hacen un llamado a la creaci\u00f3n del Instituto de Estudios de la Hacienda P\u00fablica, el cual contar\u00e1 con autonom\u00eda t\u00e9cnica y de gesti\u00f3n para impulsar la planeaci\u00f3n, monitoreo y evaluaci\u00f3n de las finanzas p\u00fablicas.<\/p>\n\n\n\n<p class=\"wp-block-paragraph\">En una especie de ensayo, Mariana Bell\u00f3, Coordinadora T\u00e9cnica de Gobernanza MX A.C. propone&nbsp; un anexo transveral, en el caso de Quintana Roo, que permita contar con un instrumento de pol\u00edtica p\u00fablica para identificar, transparentar y dar seguimiento a los recursos destinados a las acciones en materia de igualdad sustantiva y acceso de las ni\u00f1as y mujeres a una vida libre de violencia. \u201cDime cu\u00e1nto dinero le inviertes&#8230; y te dir\u00e9 qu\u00e9 tanto te importa ese problema p\u00fablico\u201d, se\u00f1al\u00f3 Mariana Bell\u00f3.<\/p>\n\n\n\n<p class=\"wp-block-paragraph\">Respecto a la posici\u00f3n del gobierno de M\u00e9xico a las pol\u00edticas p\u00fablicas enfocadas en las mujeres organizaciones internacionales han instado al ejecutivo a atender la situaci\u00f3n de discriminaci\u00f3n y violencia contra las mujeres a trav\u00e9s del ordenamiento de su aparato estatal, algunas de ellas han sido la Corte Interamericana de Derechos Humanos, la Comisi\u00f3n Ejecutiva de Atenci\u00f3n a V\u00edctimas, la Comisi\u00f3n Nacional de Derechos Humanos, organismo aut\u00f3nomo encargado de la observancia de la pol\u00edtica de igualdad, y la instancia rectora de esta \u00faltima, el Instituto Nacional de las Mujeres.<\/p>\n\n\n\n<figure class=\"wp-block-gallery columns-2 is-cropped wp-block-gallery-1 is-layout-flex wp-block-gallery-is-layout-flex\"><ul class=\"blocks-gallery-grid\"><li class=\"blocks-gallery-item\"><figure><a href=\"https:\/\/redsemlac.com\/semmexico\/wp-content\/uploads\/2021\/11\/WhatsApp-Image-2021-11-21-at-7.15.59-PM.jpeg\"><img decoding=\"async\" src=\"https:\/\/redsemlac.com\/semmexico\/wp-content\/uploads\/2021\/11\/WhatsApp-Image-2021-11-21-at-7.15.59-PM-1024x1024.jpeg\" alt=\"\" data-id=\"42348\" data-full-url=\"https:\/\/redsemlac.com\/semmexico\/wp-content\/uploads\/2021\/11\/WhatsApp-Image-2021-11-21-at-7.15.59-PM.jpeg\" data-link=\"https:\/\/redsemlac.com\/semmexico\/?attachment_id=42348\" class=\"wp-image-42348\"\/><\/a><\/figure><\/li><li class=\"blocks-gallery-item\"><figure><a href=\"https:\/\/redsemlac.com\/semmexico\/wp-content\/uploads\/2021\/11\/WhatsApp-Image-2021-11-21-at-7.16.00-PM-1.jpeg\"><img decoding=\"async\" src=\"https:\/\/redsemlac.com\/semmexico\/wp-content\/uploads\/2021\/11\/WhatsApp-Image-2021-11-21-at-7.16.00-PM-1-1024x1024.jpeg\" alt=\"\" data-id=\"42349\" data-full-url=\"https:\/\/redsemlac.com\/semmexico\/wp-content\/uploads\/2021\/11\/WhatsApp-Image-2021-11-21-at-7.16.00-PM-1.jpeg\" data-link=\"https:\/\/redsemlac.com\/semmexico\/?attachment_id=42349\" class=\"wp-image-42349\"\/><\/a><\/figure><\/li><li class=\"blocks-gallery-item\"><figure><a href=\"https:\/\/redsemlac.com\/semmexico\/wp-content\/uploads\/2021\/11\/WhatsApp-Image-2021-11-21-at-7.16.01-PM.jpeg\"><img decoding=\"async\" src=\"https:\/\/redsemlac.com\/semmexico\/wp-content\/uploads\/2021\/11\/WhatsApp-Image-2021-11-21-at-7.16.01-PM-1024x1024.jpeg\" alt=\"\" data-id=\"42351\" data-full-url=\"https:\/\/redsemlac.com\/semmexico\/wp-content\/uploads\/2021\/11\/WhatsApp-Image-2021-11-21-at-7.16.01-PM.jpeg\" data-link=\"https:\/\/redsemlac.com\/semmexico\/?attachment_id=42351\" class=\"wp-image-42351\"\/><\/a><\/figure><\/li><li class=\"blocks-gallery-item\"><figure><a href=\"https:\/\/redsemlac.com\/semmexico\/wp-content\/uploads\/2021\/11\/WhatsApp-Image-2021-11-21-at-7.16.00-PM.jpeg\"><img decoding=\"async\" src=\"https:\/\/redsemlac.com\/semmexico\/wp-content\/uploads\/2021\/11\/WhatsApp-Image-2021-11-21-at-7.16.00-PM-1024x1024.jpeg\" alt=\"\" data-id=\"42350\" data-full-url=\"https:\/\/redsemlac.com\/semmexico\/wp-content\/uploads\/2021\/11\/WhatsApp-Image-2021-11-21-at-7.16.00-PM.jpeg\" data-link=\"https:\/\/redsemlac.com\/semmexico\/?attachment_id=42350\" class=\"wp-image-42350\"\/><\/a><\/figure><\/li><\/ul><\/figure>\n","protected":false},"excerpt":{"rendered":"<p>El an\u00e1lisis de diputadas, feministas y activistas muestra c\u00f3mo se despoj\u00f3 el anexo para promover la igualdad y la no violencia<\/p>\n","protected":false},"author":3,"featured_media":42355,"comment_status":"open","ping_status":"open","sticky":false,"template":"","format":"standard","meta":{"_monsterinsights_skip_tracking":false,"footnotes":""},"categories":[692,628,54,634],"tags":[629,149],"class_list":["post-42347","post","type-post","status-publish","format-standard","has-post-thumbnail","category-692","category-lo-destacado-2021","category-mujeres","category-noviembre-destacado","tag-destacado2021","tag-mujeres"],"_links":{"self":[{"href":"https:\/\/redsemlac.com\/semmexico\/wp-json\/wp\/v2\/posts\/42347","targetHints":{"allow":["GET"]}}],"collection":[{"href":"https:\/\/redsemlac.com\/semmexico\/wp-json\/wp\/v2\/posts"}],"about":[{"href":"https:\/\/redsemlac.com\/semmexico\/wp-json\/wp\/v2\/types\/post"}],"author":[{"embeddable":true,"href":"https:\/\/redsemlac.com\/semmexico\/wp-json\/wp\/v2\/users\/3"}],"replies":[{"embeddable":true,"href":"https:\/\/redsemlac.com\/semmexico\/wp-json\/wp\/v2\/comments?post=42347"}],"version-history":[{"count":0,"href":"https:\/\/redsemlac.com\/semmexico\/wp-json\/wp\/v2\/posts\/42347\/revisions"}],"wp:featuredmedia":[{"embeddable":true,"href":"https:\/\/redsemlac.com\/semmexico\/wp-json\/wp\/v2\/media\/42355"}],"wp:attachment":[{"href":"https:\/\/redsemlac.com\/semmexico\/wp-json\/wp\/v2\/media?parent=42347"}],"wp:term":[{"taxonomy":"category","embeddable":true,"href":"https:\/\/redsemlac.com\/semmexico\/wp-json\/wp\/v2\/categories?post=42347"},{"taxonomy":"post_tag","embeddable":true,"href":"https:\/\/redsemlac.com\/semmexico\/wp-json\/wp\/v2\/tags?post=42347"}],"curies":[{"name":"wp","href":"https:\/\/api.w.org\/{rel}","templated":true}]}}