{"id":42326,"date":"2021-11-21T18:24:40","date_gmt":"2021-11-22T00:24:40","guid":{"rendered":"https:\/\/redsemlac.com\/semmexico\/?p=42326"},"modified":"2023-07-21T18:52:13","modified_gmt":"2023-07-21T23:52:13","slug":"opinion-hacia-un-nuevo-25-de-noviembre-y-hartas","status":"publish","type":"post","link":"https:\/\/redsemlac.com\/semmexico\/opinion-hacia-un-nuevo-25-de-noviembre-y-hartas\/","title":{"rendered":"Opini\u00f3n| \u00a1Hacia un nuevo 25 de noviembre y HARTAS!!!"},"content":{"rendered":"\n<p class=\"wp-block-paragraph\">Teresa Moll\u00e1 Castells<\/p>\n\n\n\n<p class=\"wp-block-paragraph\">SemM\u00e9xico, Ontinyent, Espa\u00f1a, 21 de noviembre, 2021.- Solo faltan unos d\u00edas para conmemorar, de nuevo, el 25 de noviembre, D\u00eda Internacional contra las violencias hacia las mujeres. Y de nuevo, hemos de manifestar que estamos <strong>HARTAS<\/strong> de tantas violencias como se ejercen contra nosotras.<\/p>\n\n\n\n<p class=\"wp-block-paragraph\"><strong>HARTAS <\/strong>de que nos asesinen por ser mujeres. En lo que llevamos de a\u00f1o han sido asesinadas, seg\u00fan la web feminicidio.net, 69 mujeres y ni\u00f1as hasta el 7 de noviembre de este a\u00f1o. Mujeres asesinadas por feminicidio \u00edntimo o no, por el hecho de ser mujeres. Y despu\u00e9s nos intentan vender que el hecho de ser mujer es solo un sentimiento. Lo ser\u00e1 paralas chupiguays, pero no para las m\u00e1s de mil cien mujeres (mil 118 a fecha de hoy) asesinadas por ser mujeres desde que se comenzaron a contar este tupi de asesinatos (que no muertes) en 2003.<\/p>\n\n\n\n<p class=\"wp-block-paragraph\"><strong>HARTAS <\/strong>por no comprender que m\u00e1s de mil cien mujeres que quedaron sin voz y sin vida por haber nacido mujeres y haberse tropezado en sus vidas con asesinos malnacidos que las creyeron de su propiedad y, por ello, con el derecho de asesinarlas.<\/p>\n\n\n\n<p class=\"wp-block-paragraph\"><strong>HARTAS <\/strong>por saber que cada cuatro minutos se viola en el Estado Espa\u00f1ol a una mujer seg\u00fan el propio Ministerio del Interior y que se sigue sin implementar la educaci\u00f3n afectivo sexual en las aulas y en los curriculums de los centros educativos, incluso de infantil.<\/p>\n\n\n\n<p class=\"wp-block-paragraph\"><strong>HARTAS<\/strong> de que la pornograf\u00eda en abierto sea la escuela en donde nuestra juventud se est\u00e1 educando sin que los Ministerios afectados (consumo, educaci\u00f3n, igualdad, derechos sociales, etc.) intervengan y proh\u00edban ese tipo de publicaciones en abierto. Publicaciones a las que acceden nuestros j\u00f3venes, cada vez m\u00e1s j\u00f3venes y copian toda la violencia que se ejerce contra las mujeres en sus primeras relaciones. Y ellas sin alternativa por, precisamente, falta de referentes por falta de educaci\u00f3n afectivo sexual y emocional.<\/p>\n\n\n\n<p class=\"wp-block-paragraph\"><strong>HARTAS<\/strong> de comprobar c\u00f3mo las violaciones en grupo van aumentando sin que se tomen medidas para frenarlas y que, adem\u00e1s, las sentencias patriarcales sean relativamente livianas respecto del dolor causado a las v\u00edctimas.<\/p>\n\n\n\n<p class=\"wp-block-paragraph\"><strong>HARTAS <\/strong>de no poder ir a tomar una copa con tranquilidad por temor a ser drogadas con el fin de ser violadas posteriormente por sumisi\u00f3n qu\u00edmica y que, adem\u00e1s, los propietarios de algunos locales sean c\u00f3mplices.<\/p>\n\n\n\n<p class=\"wp-block-paragraph\"><strong>HARTAS <\/strong>de saber que solo en el Estado Espa\u00f1ol entre 300 mil y 500 mil mujeres son prostituidas cada d\u00eda siendo la materia prima para que los proxenetas tengan muchos beneficios siendo violadas\/penetradas por puteros en muchas ocasiones al d\u00eda sin ser deseados, \u00fanicamente por una cuesti\u00f3n de poder (yo pago\/yo mando).<\/p>\n\n\n\n<p class=\"wp-block-paragraph\"><strong>HARTAS <\/strong>de saber que estas mujeres, en su inmensa mayor\u00eda, carecen de futuro, puesto que les han arrebatado tanto su autoestima como su dignidad y, cuando ya \u201cno sirven\u201d en t\u00e9rminos mercantiles son abandonadas a su suerte sin ninguna alternativa.<\/p>\n\n\n\n<p class=\"wp-block-paragraph\"><strong>HARTAS<\/strong> de comprobar c\u00f3mo no se implementan medidas para la prevenci\u00f3n de estas y otras violencias por parte de las administraciones, principalmente de los Ministerios implicados, mientras los esfuerzos y los recursos existentes se derivan a otro tipo de pol\u00edticas neoliberales e insolidarias que pretenden acabar con la categor\u00eda mujer para pasar a ser g\u00e9nero no binario, por ejemplo y dependiendo del d\u00eda, olvidando as\u00ed, que las mujeres somos sujeto pol\u00edtico espec\u00edfico con necesidades espec\u00edficas, precisamente por ser mujeres y no otra cosa.<\/p>\n\n\n\n<p class=\"wp-block-paragraph\"><strong>HARTAS <\/strong>de comprobar c\u00f3mo incluso se hace negocio con las campa\u00f1as del Black Friday con la compraventa de criaturas por vientres de alquiler y no se act\u00faa legalmente.<\/p>\n\n\n\n<p class=\"wp-block-paragraph\"><strong>HARTAS <\/strong>de comprobar el continuo cuestionamiento del feminismo radical (de ra\u00edz) por parte de quienes pretenden aniquilarlo desde las m\u00e1ximas instituciones, puesto que llamamos a las cosas por su nombre e incluso nos manifestamos para dar a conocer que la agenda feminista no est\u00e1 presente en las actuales decisiones del Gobierno del Estado (y por lo visto, ni se la espera), siendo tildadas de transfobas, transbordadoras, etc. por parte de algunos altos dirigentes institucionales.<\/p>\n\n\n\n<p class=\"wp-block-paragraph\"><strong>HARTAS <\/strong>de ser vendidas al capital por quien dice defender nuestros derechos, cuando en realidad, los est\u00e1n negando y rindi\u00e9ndose a los intereses de multinacionales m\u00e9dicas y farmac\u00e9uticas, sin atender en absoluto a lo que ocurre en pa\u00edses m\u00e1s adelantados y que ya est\u00e1n comprobando c\u00f3mo, lo de las transiciones, puede ser un grave riesgo para la salud de esas personas.<\/p>\n\n\n\n<p class=\"wp-block-paragraph\">En definitiva, nos acercamos a un 25N, no solo <strong>HARTAS<\/strong>, sino mas bien <strong>MUY HARTAS <\/strong>de ver cuestionados nuestros derechospor quien deber\u00eda estar protegi\u00e9ndolos.<\/p>\n\n\n\n<p class=\"wp-block-paragraph\"><strong>MUY HARTAS <\/strong>de ver c\u00f3mo nos violan y asesinan sin que apenas pase nada, salvo las reacciones feministas que, adem\u00e1s son tildadas de exageradas, como m\u00ednimo.<\/p>\n\n\n\n<p class=\"wp-block-paragraph\">Pero si algo tengo claro, es que no nos van ni a callar, ni a parar en nuestra reivindicaci\u00f3n de incluir la agenda feminista en las pol\u00edticas transversales que se vayan dise\u00f1ando por parte de los diferentes Gobiernos. O se incluyen o nos tendr\u00e1n enfrente y unidas.<\/p>\n\n\n\n<p class=\"wp-block-paragraph\">Estamos <strong>HARTAS, pero somos COHERENTES<\/strong> con nuestro discurso. Y ah\u00ed vamos a seguir.<\/p>\n\n\n\n<p class=\"wp-block-paragraph\">tmolla@telefonica.net<\/p>\n","protected":false},"excerpt":{"rendered":"<p>Hemos de manifestar que estamos HARTAS de tantas violencias como se ejercen contra nosotras.<\/p>\n","protected":false},"author":3,"featured_media":42330,"comment_status":"open","ping_status":"open","sticky":false,"template":"","format":"standard","meta":{"_monsterinsights_skip_tracking":false,"footnotes":""},"categories":[692,82,110,35],"tags":[],"class_list":["post-42326","post","type-post","status-publish","format-standard","has-post-thumbnail","category-692","category-la-opinion","category-la-opinion-columnas","category-opinion"],"_links":{"self":[{"href":"https:\/\/redsemlac.com\/semmexico\/wp-json\/wp\/v2\/posts\/42326","targetHints":{"allow":["GET"]}}],"collection":[{"href":"https:\/\/redsemlac.com\/semmexico\/wp-json\/wp\/v2\/posts"}],"about":[{"href":"https:\/\/redsemlac.com\/semmexico\/wp-json\/wp\/v2\/types\/post"}],"author":[{"embeddable":true,"href":"https:\/\/redsemlac.com\/semmexico\/wp-json\/wp\/v2\/users\/3"}],"replies":[{"embeddable":true,"href":"https:\/\/redsemlac.com\/semmexico\/wp-json\/wp\/v2\/comments?post=42326"}],"version-history":[{"count":0,"href":"https:\/\/redsemlac.com\/semmexico\/wp-json\/wp\/v2\/posts\/42326\/revisions"}],"wp:featuredmedia":[{"embeddable":true,"href":"https:\/\/redsemlac.com\/semmexico\/wp-json\/wp\/v2\/media\/42330"}],"wp:attachment":[{"href":"https:\/\/redsemlac.com\/semmexico\/wp-json\/wp\/v2\/media?parent=42326"}],"wp:term":[{"taxonomy":"category","embeddable":true,"href":"https:\/\/redsemlac.com\/semmexico\/wp-json\/wp\/v2\/categories?post=42326"},{"taxonomy":"post_tag","embeddable":true,"href":"https:\/\/redsemlac.com\/semmexico\/wp-json\/wp\/v2\/tags?post=42326"}],"curies":[{"name":"wp","href":"https:\/\/api.w.org\/{rel}","templated":true}]}}