{"id":42293,"date":"2021-11-21T16:08:15","date_gmt":"2021-11-21T22:08:15","guid":{"rendered":"https:\/\/redsemlac.com\/semmexico\/?p=42293"},"modified":"2023-07-21T18:52:13","modified_gmt":"2023-07-21T23:52:13","slug":"comedia-exhibe-las-falsedades-y-agravios-contra-las-mujeres-en-el-medievo","status":"publish","type":"post","link":"https:\/\/redsemlac.com\/semmexico\/comedia-exhibe-las-falsedades-y-agravios-contra-las-mujeres-en-el-medievo\/","title":{"rendered":"Comedia exhibe las falsedades y agravios contra las mujeres en el medievo"},"content":{"rendered":"\n<p class=\"wp-block-paragraph\">Escrita y dirigida por Mariana Hartas\u00e1nchez, la primera mujer en dirigir en el Carro de Comedias<\/p>\n\n\n\n<p class=\"wp-block-paragraph\">Utilizar los libros como armas para la trampa mis\u00f3gina contra las mujeres: UNAM<\/p>\n\n\n\n<p class=\"wp-block-paragraph\">Habr\u00e1 m\u00e1s de 120 funciones gratuitas los fines de semana.&nbsp;Foto: Barry Dom\u00ednguez.<\/p>\n\n\n\n<p class=\"wp-block-paragraph\">Nicol\u00e1s Gamboa<\/p>\n\n\n\n<p class=\"wp-block-paragraph\">SemM\u00e9xico\/BillieParkernoticias, 21 de noviembre, 2021.- En la \u00e9poca medieval, muchos de los relatos que se contaban o escrib\u00edan eran un medio para difamar a las mujeres con el prop\u00f3sito de mantenerlas sojuzgadas. Enedina, joven dispuesta a cambiar la historia, emprende una campa\u00f1a para combatir todas esas mentiras y agravios en&nbsp;<em>El Sendebar: la cruzada de una mujer ilustrada<\/em>, el nuevo y divertido montaje del Carro de Comedias de Teatro UNAM, que volvi\u00f3 a abrir su remolque en el Centro Cultural Universitario (CCU) tras la larga pandemia.<\/p>\n\n\n\n<p class=\"wp-block-paragraph\">La obra, que tuvo que esperar a\u00f1o y medio su estreno, est\u00e1 escrita y dirigida por Mariana Hartas\u00e1nchez, la primera mujer en dirigir en el Carro de Comedias, proyecto de teatro al aire libre e itinerante con m\u00e1s de 20 a\u00f1os de existencia. Ella es egresada de las carreras de Lengua y Literaturas Hisp\u00e1nicas en la Facultad de Filosof\u00eda y Letras (FFyL) y de Actuaci\u00f3n en el Centro Universitario de Teatro (CUT).<\/p>\n\n\n\n<figure class=\"wp-block-image size-full\"><a href=\"https:\/\/redsemlac.com\/semmexico\/wp-content\/uploads\/2021\/11\/medievo-02.jpg\"><img loading=\"lazy\" decoding=\"async\" width=\"990\" height=\"557\" src=\"https:\/\/redsemlac.com\/semmexico\/wp-content\/uploads\/2021\/11\/medievo-02.jpg\" alt=\"\" class=\"wp-image-42297\"\/><\/a><\/figure>\n\n\n\n<p class=\"wp-block-paragraph\"><strong>Cuentos del siglo X<\/strong><\/p>\n\n\n\n<p class=\"wp-block-paragraph\"><em>Sendebar<\/em>&nbsp;es un libro de cuentos del siglo X que estaba destinado a alertar a los hombres sobre las jugarretas que acostumbran las mujeres. Enedina logra robarlo y se une a un grupo de comediantes para llevar a escena las historias y revelar al p\u00fablico las mentiras detr\u00e1s de cada una de ellas. As\u00ed, conf\u00eda, \u201clas verdades ayudar\u00e1n a que se abran los ojos de muchos hombres que odian sin raz\u00f3n a las mujeres\u201d.<\/p>\n\n\n\n<p class=\"wp-block-paragraph\">Los espectadores son trasladados a la \u00e9poca medieval gracias a los distintos elementos de la puesta en escena: el vestuario, m\u00fasica, combates de espadas y lenguaje antiguo de las narraciones del libro. El tono de farsa y las situaciones humor\u00edsticas que se desprenden de la representaci\u00f3n de algunos de los cuentos contribuyen a transmitir el mensaje de la protagonista: \u201cUtilizar los libros como armas para hacer pensar que las mujeres descritas son id\u00e9nticas a las que viven fuera de las p\u00e1ginas es una trampa mis\u00f3gina\u201d.<\/p>\n\n\n\n<p class=\"wp-block-paragraph\">La memoria es uno de los temas principales de la obra, dijo Hartas\u00e1nchez despu\u00e9s del estreno, \u201cla memoria de las mujeres que fueron acalladas\u201d. Y esto lo relaciona con lo que ha ocurrido en estos meses de confinamiento y distanciamiento: \u201cLa memoria de lo que atravesamos, creo que nos dejar\u00e1 m\u00e1s fuertes para recuperar el teatro y la presencia. Creo que ahora vamos a valorar diez mil veces m\u00e1s el estar aqu\u00ed todos juntos. Tenemos en la memoria muy reciente lo que implica no poder tocarnos, no poder escucharnos de viva voz y no poder compartir en estos espacios que nos permiten pensar en colectivo y tener reflexiones m\u00e1s nutridas\u201d.<\/p>\n\n\n\n<figure class=\"wp-block-image size-full\"><a href=\"https:\/\/redsemlac.com\/semmexico\/wp-content\/uploads\/2021\/11\/medievo-03.jpg\"><img loading=\"lazy\" decoding=\"async\" width=\"990\" height=\"557\" src=\"https:\/\/redsemlac.com\/semmexico\/wp-content\/uploads\/2021\/11\/medievo-03.jpg\" alt=\"\" class=\"wp-image-42296\"\/><\/a><\/figure>\n\n\n\n<p class=\"wp-block-paragraph\">La directora dedic\u00f3 la temporada de&nbsp;<em>El Sendebar\u2026<\/em>&nbsp;a quienes han muerto de Covid-19. La puesta en escena tendr\u00e1 m\u00e1s de 120 funciones gratuitas los fines de semana de lo que resta de 2021 y durante 2022, a las 11 horas en la Explanada de la Fuente del CCU, lugar habitual de presentaciones del Carro de Comedias. Hay 80 lugares separados entre s\u00ed para mantener la sana distancia. Por protocolo sanitario, es necesario el uso de cubrebocas.<\/p>\n\n\n\n<p class=\"wp-block-paragraph\">El director de Teatro UNAM, Juan Meli\u00e1, agradeci\u00f3 a las personas que han seguido las actividades en l\u00ednea de la dependencia en este a\u00f1o y medio y destac\u00f3 que, con el regreso a los escenarios, se cumple el ofrecimiento que hicieron al p\u00fablico durante todo este tiempo. \u201cLo prometimos: volver\u00edamos a estar juntos, y ya lo logramos\u201d.<\/p>\n\n\n\n<p class=\"wp-block-paragraph\">Integran el elenco las actrices Andrea Casta\u00f1eda y Carolina Mu\u00f1iz, egresadas de la Escuela Nacional de Arte Teatral; Mario Medina, del Colegio de Literatura Dram\u00e1tica y Teatro de la FFyL; Omar Betancourt y Zabdi Blanco, del CUT; Diego Montero, de la Universidad Michoacana de San Nicol\u00e1s de Hidalgo, y Thania Luna, de la Universidad de Occidente de Culiac\u00e1n, Sinaloa.<\/p>\n\n\n\n<p class=\"wp-block-paragraph\">En el equipo creativo participan: Pablo Vera, asistente de direcci\u00f3n; Mauricio Ascencio, escenograf\u00eda; Giselle Sandiel, vestuario; Antonio Gardu\u00f1o, utiler\u00eda; Ra\u00fal Zambrano, composici\u00f3n musical; Sergio B\u00e1tiz, direcci\u00f3n musical; Miguel \u00c1ngel Barrera, combate esc\u00e9nico; Anaid Bohor, productora residente, y Rebeca Bravo, coordinadora del Carro de Comedias.<\/p>\n\n\n\n<figure class=\"wp-block-image size-full\"><a href=\"https:\/\/redsemlac.com\/semmexico\/wp-content\/uploads\/2021\/11\/medievo-04.jpg\"><img loading=\"lazy\" decoding=\"async\" width=\"990\" height=\"557\" src=\"https:\/\/redsemlac.com\/semmexico\/wp-content\/uploads\/2021\/11\/medievo-04.jpg\" alt=\"\" class=\"wp-image-42295\"\/><\/a><\/figure>\n\n\n\n<p class=\"wp-block-paragraph\"><a href=\"https:\/\/estrategiasenlanube.com\/ecommerce\/\"><br><\/a><\/p>\n","protected":false},"excerpt":{"rendered":"<p>El Sendebar: la cruzada de una mujer ilustrada escrita y dirigida por Mariana Hartas\u00e1nchez, la primera mujer en dirigir el Carro de Comedias de Teatro UNAM<\/p>\n","protected":false},"author":3,"featured_media":42298,"comment_status":"open","ping_status":"open","sticky":false,"template":"","format":"standard","meta":{"_monsterinsights_skip_tracking":false,"footnotes":""},"categories":[692,54],"tags":[],"class_list":["post-42293","post","type-post","status-publish","format-standard","has-post-thumbnail","category-692","category-mujeres"],"_links":{"self":[{"href":"https:\/\/redsemlac.com\/semmexico\/wp-json\/wp\/v2\/posts\/42293","targetHints":{"allow":["GET"]}}],"collection":[{"href":"https:\/\/redsemlac.com\/semmexico\/wp-json\/wp\/v2\/posts"}],"about":[{"href":"https:\/\/redsemlac.com\/semmexico\/wp-json\/wp\/v2\/types\/post"}],"author":[{"embeddable":true,"href":"https:\/\/redsemlac.com\/semmexico\/wp-json\/wp\/v2\/users\/3"}],"replies":[{"embeddable":true,"href":"https:\/\/redsemlac.com\/semmexico\/wp-json\/wp\/v2\/comments?post=42293"}],"version-history":[{"count":0,"href":"https:\/\/redsemlac.com\/semmexico\/wp-json\/wp\/v2\/posts\/42293\/revisions"}],"wp:featuredmedia":[{"embeddable":true,"href":"https:\/\/redsemlac.com\/semmexico\/wp-json\/wp\/v2\/media\/42298"}],"wp:attachment":[{"href":"https:\/\/redsemlac.com\/semmexico\/wp-json\/wp\/v2\/media?parent=42293"}],"wp:term":[{"taxonomy":"category","embeddable":true,"href":"https:\/\/redsemlac.com\/semmexico\/wp-json\/wp\/v2\/categories?post=42293"},{"taxonomy":"post_tag","embeddable":true,"href":"https:\/\/redsemlac.com\/semmexico\/wp-json\/wp\/v2\/tags?post=42293"}],"curies":[{"name":"wp","href":"https:\/\/api.w.org\/{rel}","templated":true}]}}