{"id":42289,"date":"2021-11-21T15:40:29","date_gmt":"2021-11-21T21:40:29","guid":{"rendered":"https:\/\/redsemlac.com\/semmexico\/?p=42289"},"modified":"2023-07-21T18:52:14","modified_gmt":"2023-07-21T23:52:14","slug":"comision-de-diversidad-planteara-incluir-la-orientacion-sexual-y-o-genero-autopercibido-en-credencial-para-votar","status":"publish","type":"post","link":"https:\/\/redsemlac.com\/semmexico\/comision-de-diversidad-planteara-incluir-la-orientacion-sexual-y-o-genero-autopercibido-en-credencial-para-votar\/","title":{"rendered":"Comisi\u00f3n de Diversidad plantear\u00e1 incluir la orientaci\u00f3n sexual y\/o g\u00e9nero autopercibido en credencial para votar"},"content":{"rendered":"\n<p class=\"wp-block-paragraph\">Integrantes tambi\u00e9n propondr\u00e1n el cambio de nombre de la instancia a Comisi\u00f3n de Diversidad Sexual<\/p>\n\n\n\n<p class=\"wp-block-paragraph\">Redacci\u00f3n<\/p>\n\n\n\n<p class=\"wp-block-paragraph\">SemM\u00e9xico, Cd. de M\u00e9xico, 21 de noviembre, 2021.- En reuni\u00f3n ordinaria&nbsp;semipresencial de la Comisi\u00f3n&nbsp;de Diversidad, la diputada Salma&nbsp;Lu\u00e9vano&nbsp;Luna (Morena) inform\u00f3&nbsp;que se elaboran dos iniciativas&nbsp;e igual n\u00famero de puntos&nbsp;de acuerdo, relativas a los derechos de la identidad personal, en procesos electorales.&nbsp;<\/p>\n\n\n\n<p class=\"wp-block-paragraph\">La primera iniciativa, explic\u00f3, es para cambiar el nombre de la Comisi\u00f3n de Diversidad por Comisi\u00f3n de Diversidad Sexual; la segunda busca modificar la casilla referente al sexo en la credencial para votar que emite el Instituto Nacional Electoral (INE), para que diga identidad de g\u00e9nero autopercibida.&nbsp;<\/p>\n\n\n\n<p class=\"wp-block-paragraph\">En ese mismo sentido, inform\u00f3 que uno de los puntos de acuerdo exhorta al Consejo General del INE a incluir en la credencial para votar la opci\u00f3n de orientaci\u00f3n sexual y\/o g\u00e9nero autopercibido para personas de diversidad sexual.&nbsp;<\/p>\n\n\n\n<p class=\"wp-block-paragraph\">El segundo, agreg\u00f3, solicita a las consejer\u00edas electorales del INE para que en las pr\u00f3ximas emisiones de convocatorias para la integraci\u00f3n de los organismos p\u00fablicos locales electorales en las distintas entidades federativas se consideren a personas integrantes de los grupos de diversidad sexual y de g\u00e9nero autopercibido.<\/p>\n\n\n\n<p class=\"wp-block-paragraph\">Las iniciativas que ser\u00e1n sometidas a la consideraci\u00f3n de las y los integrantes de la comisi\u00f3n de diversidad para&nbsp;que quienes las integran, hagan sus aportaciones&nbsp;y, en su caso, las suscriban.&nbsp;<\/p>\n\n\n\n<p class=\"wp-block-paragraph\">Agenda 2030&nbsp;<\/p>\n\n\n\n<p class=\"wp-block-paragraph\">Posteriormente, la Comisi\u00f3n se reuni\u00f3 con Maite Garc\u00eda de Alba Rivas, especialista en Pol\u00edticas P\u00fablica del Programa de Naciones Unidas para el Desarrollo, quien expres\u00f3 a las y los integrantes de la Comisi\u00f3n diversos puntos sobre la Agenda 2030.&nbsp;<\/p>\n\n\n\n<p class=\"wp-block-paragraph\">Garc\u00eda de Alba Rivas precis\u00f3 que hay muchos mitos en torno a la Agenda 2030, cuando la realidad es que busca que los pa\u00edses, a partir de sus necesidades, capacidades y realidades, tengan prioridades y tracen su ruta de desarrollo.<\/p>\n\n\n\n<p class=\"wp-block-paragraph\">\u201cEs un enfoque metodol\u00f3gico que nos permite transversalizar principios, ejes rectores y llevar a cabo un an\u00e1lisis a nivel de metas\u201d, coment\u00f3.&nbsp;<\/p>\n\n\n\n<p class=\"wp-block-paragraph\">A\u00f1adi\u00f3 que el desarrollo sostenible requiere la participaci\u00f3n de todas y todos, incluidos los diferentes \u00e1mbitos de Gobierno, Poderes y sectores. \u201cNo se lograr\u00eda solamente con el esfuerzo de gobiernos nacionales\u201d.<\/p>\n","protected":false},"excerpt":{"rendered":"<p>En reuni\u00f3n ordinaria\u00a0semipresencial de la Comisi\u00f3n\u00a0de Diversidad, la diputada Salma\u00a0Lu\u00e9vano\u00a0Luna (Morena) inform\u00f3\u00a0que se elaboran dos iniciativas\u00a0e igual n\u00famero de puntos\u00a0de acuerdo, relativas a los derechos de la identidad personal, en procesos electorales.\u00a0<\/p>\n","protected":false},"author":3,"featured_media":42291,"comment_status":"open","ping_status":"open","sticky":false,"template":"","format":"standard","meta":{"_monsterinsights_skip_tracking":false,"footnotes":""},"categories":[692,50],"tags":[],"class_list":["post-42289","post","type-post","status-publish","format-standard","has-post-thumbnail","category-692","category-congreso"],"_links":{"self":[{"href":"https:\/\/redsemlac.com\/semmexico\/wp-json\/wp\/v2\/posts\/42289","targetHints":{"allow":["GET"]}}],"collection":[{"href":"https:\/\/redsemlac.com\/semmexico\/wp-json\/wp\/v2\/posts"}],"about":[{"href":"https:\/\/redsemlac.com\/semmexico\/wp-json\/wp\/v2\/types\/post"}],"author":[{"embeddable":true,"href":"https:\/\/redsemlac.com\/semmexico\/wp-json\/wp\/v2\/users\/3"}],"replies":[{"embeddable":true,"href":"https:\/\/redsemlac.com\/semmexico\/wp-json\/wp\/v2\/comments?post=42289"}],"version-history":[{"count":0,"href":"https:\/\/redsemlac.com\/semmexico\/wp-json\/wp\/v2\/posts\/42289\/revisions"}],"wp:featuredmedia":[{"embeddable":true,"href":"https:\/\/redsemlac.com\/semmexico\/wp-json\/wp\/v2\/media\/42291"}],"wp:attachment":[{"href":"https:\/\/redsemlac.com\/semmexico\/wp-json\/wp\/v2\/media?parent=42289"}],"wp:term":[{"taxonomy":"category","embeddable":true,"href":"https:\/\/redsemlac.com\/semmexico\/wp-json\/wp\/v2\/categories?post=42289"},{"taxonomy":"post_tag","embeddable":true,"href":"https:\/\/redsemlac.com\/semmexico\/wp-json\/wp\/v2\/tags?post=42289"}],"curies":[{"name":"wp","href":"https:\/\/api.w.org\/{rel}","templated":true}]}}