{"id":42286,"date":"2021-11-21T15:24:07","date_gmt":"2021-11-21T21:24:07","guid":{"rendered":"https:\/\/redsemlac.com\/semmexico\/?p=42286"},"modified":"2023-07-21T18:52:14","modified_gmt":"2023-07-21T23:52:14","slug":"empujaremos-a-gobernadoras-y-senadoras-a-implementar-la-ile-en-todos-los-estados-mujeres-morena-republica","status":"publish","type":"post","link":"https:\/\/redsemlac.com\/semmexico\/empujaremos-a-gobernadoras-y-senadoras-a-implementar-la-ile-en-todos-los-estados-mujeres-morena-republica\/","title":{"rendered":"Empujaremos a gobernadoras y senadoras a implementar la ILE en todos los estados: Mujeres Morena Rep\u00fablica"},"content":{"rendered":"\n<ul class=\"wp-block-list\"><li>Llaman a \u201cunirnos para exigir que el derecho a decidir sobre nuestros cuerpos sea ley y no solo discurso de dientes para afuera\u201d<\/li><li>No con feministas de derecha: Guadalupe Ju\u00e1rez Hern\u00e1ndez<\/li><\/ul>\n\n\n\n<p class=\"wp-block-paragraph\"><strong>Martha Elba Torres<\/strong><br>SemM\u00e9xico, Morelia, Mich., 21 de noviembre 2021.- Ante la historia de \u00e9xito que ha significado la Interrupci\u00f3n Legal del Embarazo en la Ciudad de M\u00e9xico desde 2007, el movimiento \u201cMujeres Morena Rep\u00fablica\u201d est\u00e1 decidido a empujar a las gobernadoras, senadoras y diputadas para que la ILE sea ley en todos los estados del pa\u00eds.<\/p>\n\n\n\n<p class=\"wp-block-paragraph\"><br>Guadalupe Ju\u00e1rez Hern\u00e1ndez, coordinadora del movimiento y secretaria de las mujeres del Comit\u00e9 Directivo Estatal de Morena en la CDMX, llam\u00f3 a todas las mujeres a unirse para exigir que el derecho a decidir sea ley \u201cy no solo discurso de dientes para afuera\u201d.<\/p>\n\n\n\n<p class=\"wp-block-paragraph\"><br>Pero aclar\u00f3: \u201cvamos con todas, menos con las feministas de derecha que no est\u00e1n, en los hechos, por el derecho a decidir de las mujeres\u201d.<br>Movimiento \u201cMujeres Morena Rep\u00fablica realiz\u00f3 este fin de semana en Morelia, su encuentro Quinta Circunscripci\u00f3n\u201d con representantes de los estados de Colima, Hidalgo y Estado de M\u00e9xico, as\u00ed como de Guanajuato, Colima y Ciudad de M\u00e9xico; por Michoac\u00e1n, particip\u00f3 la maestra Graciela Andrade Garc\u00eda Pel\u00e1ez.<\/p>\n\n\n\n<p class=\"wp-block-paragraph\"><br>En rueda de prensa este domingo, dieron a conocer sus ejes de lucha:<br>1.- La ley general y estatales del derecho a decidir sobre la Interrupci\u00f3n Legal del Embarazo.<br>2.- Paridad efectiva en los diferentes espacios de decisi\u00f3n.<br>4.- Avanzar en los espacios pol\u00edticos de las mujeres.<br>Su lema: \u201cLa 4T ser\u00e1 feminista o no ser\u00e1\u201d.<br>En distintas participaciones, coincidieron en la urgencia de retomar la agenda feminista. \u201cEs ahora -expres\u00f3 Guadalupe Ju\u00e1rez- o se ir\u00e1 la oportunidad\u201d en referencia a la cantidad de espacios que ocupa su partido Morena.<\/p>\n\n\n\n<p class=\"wp-block-paragraph\"><br>\u201cHay tanto que concretar -continu\u00f3-; est\u00e1n los derechos sexuales y reproductivos, abatir la violencia de g\u00e9nero y la violencia pol\u00edtica hacia las mujeres\u201d, agreg\u00f3. \u201cAbramos una discusi\u00f3n amplia, pero no queremos avanzar con las mujeres feministas de derecha que salen a exigir cuando nunca lo hicieron con el PRI o el PAN en el poder\u201d.<\/p>\n\n\n\n<p class=\"wp-block-paragraph\"><br>Al t\u00e9rmino de la rueda de prensa y a pregunta espec\u00edfica a Ju\u00e1rez Hern\u00e1ndez a qui\u00e9nes se refiere como feministas de derecha, mencion\u00f3 a la colectiva \u201cBrujas del Mar y las de Televisa\u201d.<\/p>\n","protected":false},"excerpt":{"rendered":"<p>No con feministas de derecha: Guadalupe Ju\u00e1rez Hern\u00e1ndez<\/p>\n","protected":false},"author":3,"featured_media":42287,"comment_status":"open","ping_status":"open","sticky":false,"template":"","format":"standard","meta":{"_monsterinsights_skip_tracking":false,"footnotes":""},"categories":[692,54],"tags":[],"class_list":["post-42286","post","type-post","status-publish","format-standard","has-post-thumbnail","category-692","category-mujeres"],"_links":{"self":[{"href":"https:\/\/redsemlac.com\/semmexico\/wp-json\/wp\/v2\/posts\/42286","targetHints":{"allow":["GET"]}}],"collection":[{"href":"https:\/\/redsemlac.com\/semmexico\/wp-json\/wp\/v2\/posts"}],"about":[{"href":"https:\/\/redsemlac.com\/semmexico\/wp-json\/wp\/v2\/types\/post"}],"author":[{"embeddable":true,"href":"https:\/\/redsemlac.com\/semmexico\/wp-json\/wp\/v2\/users\/3"}],"replies":[{"embeddable":true,"href":"https:\/\/redsemlac.com\/semmexico\/wp-json\/wp\/v2\/comments?post=42286"}],"version-history":[{"count":0,"href":"https:\/\/redsemlac.com\/semmexico\/wp-json\/wp\/v2\/posts\/42286\/revisions"}],"wp:featuredmedia":[{"embeddable":true,"href":"https:\/\/redsemlac.com\/semmexico\/wp-json\/wp\/v2\/media\/42287"}],"wp:attachment":[{"href":"https:\/\/redsemlac.com\/semmexico\/wp-json\/wp\/v2\/media?parent=42286"}],"wp:term":[{"taxonomy":"category","embeddable":true,"href":"https:\/\/redsemlac.com\/semmexico\/wp-json\/wp\/v2\/categories?post=42286"},{"taxonomy":"post_tag","embeddable":true,"href":"https:\/\/redsemlac.com\/semmexico\/wp-json\/wp\/v2\/tags?post=42286"}],"curies":[{"name":"wp","href":"https:\/\/api.w.org\/{rel}","templated":true}]}}