{"id":42283,"date":"2021-11-21T15:08:11","date_gmt":"2021-11-21T21:08:11","guid":{"rendered":"https:\/\/redsemlac.com\/semmexico\/?p=42283"},"modified":"2023-07-21T18:52:14","modified_gmt":"2023-07-21T23:52:14","slug":"veronica-de-gyves-zarate-propone-a-senadores-impulsar-justicia-con-perspectiva-de-genero-desde-la-scjn","status":"publish","type":"post","link":"https:\/\/redsemlac.com\/semmexico\/veronica-de-gyves-zarate-propone-a-senadores-impulsar-justicia-con-perspectiva-de-genero-desde-la-scjn\/","title":{"rendered":"Ver\u00f3nica de Gyv\u00e9s Z\u00e1rate propone a senadores impulsar justicia con perspectiva de g\u00e9nero desde la SCJN"},"content":{"rendered":"\n<p class=\"wp-block-paragraph\">La aspirante considera que hay un parteaguas para la Reforma Judicial,<\/p>\n\n\n\n<p class=\"wp-block-paragraph\">En la terna presidencial para ocupar la silla del ministro Fernando Franco Gonz\u00e1lez Salas, que dejar\u00e1 en unos d\u00edas<\/p>\n\n\n\n<p class=\"wp-block-paragraph\">SemM\u00e9xico\/BillieParkernoticias, Cd. de M\u00e9xico, 21 de noviembre, 2021.- &nbsp;Decisiones de ministros gu\u00edan trabajo de muchos juzgadores, por lo que sus decisiones deben ser congruentes, firmes y oportunas, afirma Ver\u00f3nica de Gyv\u00e9s<\/p>\n\n\n\n<p class=\"wp-block-paragraph\">Durante su comparecencia ante la Comisi\u00f3n de Justicia del Senado de la Rep\u00fablica, Eva Ver\u00f3nica de Gyv\u00e9s Z\u00e1rate se comprometi\u00f3, en caso de ser electa como ministra de la Suprema Corte de Justicia de la Naci\u00f3n, a garantizar a las mujeres espacios donde su voz se escuche en igualdad de circunstancias.<\/p>\n\n\n\n<p class=\"wp-block-paragraph\">Lograrlo requiere, dijo, no s\u00f3lo mejorar los mecanismos de acceso sino, especialmente, fortalecer la tarea de la impartici\u00f3n de justicia con una perspectiva de g\u00e9nero.<\/p>\n\n\n\n<p class=\"wp-block-paragraph\">\u201cNecesitamos m\u00e1s juzgadoras, porque es la mejor v\u00eda para alcanzar un sistema de justicia de puertas abiertas y accesible para todos\u201d.<\/p>\n\n\n\n<p class=\"wp-block-paragraph\">Ver\u00f3nica de Gyv\u00e9s, quien forma parte de la terna enviada por el titular del Ejecutivo federal, para ocupar la vacante que dejar\u00e1 el ministro Fernando Franco Gonz\u00e1lez Salas, dijo que est\u00e1 convencida de que un pa\u00eds igualitario, en el que todas y todos aspiramos vivir, debe empezar por garantizar espacios para las mujeres en igualdad de condiciones.<\/p>\n\n\n\n<p class=\"wp-block-paragraph\">La abogada reconoci\u00f3 que el 2021 marca un nuevo parteaguas con la aprobaci\u00f3n de la Reforma Judicial, que busca fortalecer el rol de la Suprema Corte, concentr\u00e1ndose en las violaciones a la Constituci\u00f3n y a los tratados internacionales.<\/p>\n\n\n\n<p class=\"wp-block-paragraph\">\u201cHoy los ministros juegan un papel determinante en la impartici\u00f3n de justicia; quienes integren la SCJN tienen la responsabilidad de estar en la c\u00faspide del Poder Judicial de la Federaci\u00f3n\u201d, lo que implica que sus decisiones guiar\u00e1n el trabajo de muchos juzgadores federales y locales, las cuales deben ser exhaustivas, congruentes, firmes y oportunas, explic\u00f3.<\/p>\n\n\n\n<p class=\"wp-block-paragraph\">De ser electa, reiter\u00f3 Ver\u00f3nica de Gyv\u00e9s, ser\u00e9 una juzgadora libre, independiente y comprometida con M\u00e9xico, \u201cpor lo que continuar\u00e9 defendiendo la autonom\u00eda e independencia del Poder Judicial de la Federaci\u00f3n\u201d.<\/p>\n\n\n\n<p class=\"wp-block-paragraph\">En la ronda de preguntas, el senador Joel Padilla Pe\u00f1a, del Grupo Parlamentario del PT, asever\u00f3 que es importante que la SCJN se reafirme como una instituci\u00f3n democr\u00e1tica con el apoyo de la sociedad.<\/p>\n\n\n\n<p class=\"wp-block-paragraph\">Por la fracci\u00f3n parlamentario del PRD, el senador Miguel \u00c1ngel Mancera Espinosa solicit\u00f3 la opini\u00f3n de Ver\u00f3nica de Gyv\u00e9s sobre los tribunales abiertos. En tanto, el senador No\u00e9 Casta\u00f1\u00f3n Ram\u00edrez, de Movimiento Ciudadano, le pidi\u00f3 sus argumentos para aspirar al cargo de ministra.<\/p>\n\n\n\n<p class=\"wp-block-paragraph\">La senadora del PRI, Claudia Ruiz Massieu Salinas expres\u00f3 que es necesario inhibir tanto el nepotismo, como el acoso sexual en el sistema judicial, ya que representan pr\u00e1cticas que implican restricciones indebidas en la libertad de trabajo y empleo, sobre todo para las mujeres.<\/p>\n\n\n\n<p class=\"wp-block-paragraph\">De Acci\u00f3n Nacional, la senadora Nadia Navarro Acevedo dijo que, a trav\u00e9s de la implementaci\u00f3n de la nueva reforma laboral, se apuesta por la figura de la conciliaci\u00f3n, pero la cual, precis\u00f3, determina nuevos retos tanto en su aplicaci\u00f3n, como para permitir el acceso a la justicia y la protecci\u00f3n de derechos.<\/p>\n\n\n\n<p class=\"wp-block-paragraph\">Por Morena, la senadora Luc\u00eda Meza Guzm\u00e1n expres\u00f3 que es necesario implementar medidas en el Poder Judicial, sobre todo, en el \u00e1mbito local, para terminar con la corrupci\u00f3n, el nepotismo y la falta de una impartici\u00f3n de justicia pronta y expedita.<\/p>\n\n\n\n<p class=\"wp-block-paragraph\">El senador Emilio \u00c1lvarez Icaza Longoria, del Grupo Plural, destac\u00f3 la necesidad de garantizar la autonom\u00eda de la SCJN frente a las presiones de empresas, medios de comunicaci\u00f3n y cabilderos.<\/p>\n\n\n\n<p class=\"wp-block-paragraph\">Eva Ver\u00f3nica de Gyv\u00e9s Z\u00e1rate expres\u00f3 que, para acabar con el nepotismo, se ha establecido que la Escuela Judicial se haga cargo del tr\u00e1mite de los ex\u00e1menes para todos los niveles de empleados del Poder Judicial y que no sea \u00fanicamente con familiares de los trabajadores, \u201cporque una cosa es que un hijo pueda seguir los pasos del pap\u00e1, pero otra tener una gran cantidad de familiares ah\u00ed\u201d.<\/p>\n\n\n\n<p class=\"wp-block-paragraph\">Asegur\u00f3 que hay una gran carga de denuncias en materia de acoso sexual, por lo que a trav\u00e9s de distintos medios se les invita a las personas, que han sido v\u00edctimas de este delito, a que realicen sus denuncias para iniciar un procedimiento administrativo o penal.<\/p>\n","protected":false},"excerpt":{"rendered":"<p>Decisiones de ministros gu\u00edan trabajo de muchos juzgadores, por lo que sus decisiones deben ser congruentes, firmes y oportunas, afirma Ver\u00f3nica de Gyv\u00e9s<\/p>\n","protected":false},"author":3,"featured_media":42284,"comment_status":"open","ping_status":"open","sticky":false,"template":"","format":"standard","meta":{"_monsterinsights_skip_tracking":false,"footnotes":""},"categories":[692,50],"tags":[],"class_list":["post-42283","post","type-post","status-publish","format-standard","has-post-thumbnail","category-692","category-congreso"],"_links":{"self":[{"href":"https:\/\/redsemlac.com\/semmexico\/wp-json\/wp\/v2\/posts\/42283","targetHints":{"allow":["GET"]}}],"collection":[{"href":"https:\/\/redsemlac.com\/semmexico\/wp-json\/wp\/v2\/posts"}],"about":[{"href":"https:\/\/redsemlac.com\/semmexico\/wp-json\/wp\/v2\/types\/post"}],"author":[{"embeddable":true,"href":"https:\/\/redsemlac.com\/semmexico\/wp-json\/wp\/v2\/users\/3"}],"replies":[{"embeddable":true,"href":"https:\/\/redsemlac.com\/semmexico\/wp-json\/wp\/v2\/comments?post=42283"}],"version-history":[{"count":0,"href":"https:\/\/redsemlac.com\/semmexico\/wp-json\/wp\/v2\/posts\/42283\/revisions"}],"wp:featuredmedia":[{"embeddable":true,"href":"https:\/\/redsemlac.com\/semmexico\/wp-json\/wp\/v2\/media\/42284"}],"wp:attachment":[{"href":"https:\/\/redsemlac.com\/semmexico\/wp-json\/wp\/v2\/media?parent=42283"}],"wp:term":[{"taxonomy":"category","embeddable":true,"href":"https:\/\/redsemlac.com\/semmexico\/wp-json\/wp\/v2\/categories?post=42283"},{"taxonomy":"post_tag","embeddable":true,"href":"https:\/\/redsemlac.com\/semmexico\/wp-json\/wp\/v2\/tags?post=42283"}],"curies":[{"name":"wp","href":"https:\/\/api.w.org\/{rel}","templated":true}]}}