{"id":42235,"date":"2021-11-20T18:20:59","date_gmt":"2021-11-21T00:20:59","guid":{"rendered":"https:\/\/redsemlac.com\/semmexico\/?p=42235"},"modified":"2023-07-21T18:52:14","modified_gmt":"2023-07-21T23:52:14","slug":"feminicidio-no-suicidio-piden-se-investigue-sobre-enfermera-de-zihuatanejo","status":"publish","type":"post","link":"https:\/\/redsemlac.com\/semmexico\/feminicidio-no-suicidio-piden-se-investigue-sobre-enfermera-de-zihuatanejo\/","title":{"rendered":"Feminicidio no suicidio, piden se investigue sobre enfermera de Zihuatanejo"},"content":{"rendered":"\n<p class=\"wp-block-paragraph\">A poco m\u00e1s de a\u00f1o y medio \u201cno hay avance en la investigaci\u00f3n\u201d dice do\u00f1a Luc\u00eda Lorancana<a href=\"https:\/\/ceprovysa.com\/?p=17739\"><\/a><\/p>\n\n\n\n<p class=\"wp-block-paragraph\">Redacci\u00f3n<\/p>\n\n\n\n<p class=\"wp-block-paragraph\">SemM\u00e9xico\/Ceprovysa, Chilpancingo, Guerrero. 20 de noviembre, 2021.- La Enfermera Ana Leticia Granados Lorancana apareci\u00f3 muerta en su domicilio el 19 de mayo de 2020. A poco m\u00e1s de a\u00f1o y medio \u201cno hay avance en la investigaci\u00f3n\u201d dice do\u00f1a Luc\u00eda Lorancana.<\/p>\n\n\n\n<p class=\"wp-block-paragraph\">La mam\u00e1 de Ana Leticia pide a las autoridades que se investigue el caso de la enfermera como \u201cfeminicidio\u201d ya que de acuerdo a los peritajes \u201cpresentaba moretones en diversas partes del cuerpo, en diversas partes que ella no podr\u00eda provocarse, adem\u00e1s de huellas en el cuello qu\u00e9 hizo se considerara suicidio\u201d.<\/p>\n\n\n\n<p class=\"wp-block-paragraph\">Ana Leticia era enfermera del Hospital General Regional \u201cDr. Bernardo Sep\u00falveda Guti\u00e9rrez\u201d de Zihuatanejo, viv\u00eda en la colonia Infonavit con sus dos hijos.<\/p>\n\n\n\n<p class=\"wp-block-paragraph\">De acuerdo a la mam\u00e1 de la v\u00edctima el reporte de que estaba muerta fue hecho por una persona que se hac\u00eda pasar como su pareja. La se\u00f1ora Luc\u00eda pide se le investigue como presunto responsable. Ya que adem\u00e1s \u201cpidi\u00f3 no se le hiciera la necropsia\u201d, dijo.<\/p>\n\n\n\n<p class=\"wp-block-paragraph\">Luc\u00eda Lorancana, madre de la enfermera est\u00e1 convocando a una marcha para \u00e9ste jueves 25 de noviembre. Partir\u00e1 desde la Plaza Kioto de Zihuatanejo, hasta las oficinas del Ministerio P\u00fablico.<\/p>\n","protected":false},"excerpt":{"rendered":"<p>A poco m\u00e1s de a\u00f1o y medio \u201cno hay avance en la investigaci\u00f3n\u201d dice do\u00f1a Luc\u00eda Lorancana mam\u00e1 de Ana Leticia.<\/p>\n","protected":false},"author":3,"featured_media":42237,"comment_status":"open","ping_status":"open","sticky":false,"template":"","format":"standard","meta":{"_monsterinsights_skip_tracking":false,"footnotes":""},"categories":[692,47],"tags":[],"class_list":["post-42235","post","type-post","status-publish","format-standard","has-post-thumbnail","category-692","category-no-mas-impunidad"],"_links":{"self":[{"href":"https:\/\/redsemlac.com\/semmexico\/wp-json\/wp\/v2\/posts\/42235","targetHints":{"allow":["GET"]}}],"collection":[{"href":"https:\/\/redsemlac.com\/semmexico\/wp-json\/wp\/v2\/posts"}],"about":[{"href":"https:\/\/redsemlac.com\/semmexico\/wp-json\/wp\/v2\/types\/post"}],"author":[{"embeddable":true,"href":"https:\/\/redsemlac.com\/semmexico\/wp-json\/wp\/v2\/users\/3"}],"replies":[{"embeddable":true,"href":"https:\/\/redsemlac.com\/semmexico\/wp-json\/wp\/v2\/comments?post=42235"}],"version-history":[{"count":0,"href":"https:\/\/redsemlac.com\/semmexico\/wp-json\/wp\/v2\/posts\/42235\/revisions"}],"wp:featuredmedia":[{"embeddable":true,"href":"https:\/\/redsemlac.com\/semmexico\/wp-json\/wp\/v2\/media\/42237"}],"wp:attachment":[{"href":"https:\/\/redsemlac.com\/semmexico\/wp-json\/wp\/v2\/media?parent=42235"}],"wp:term":[{"taxonomy":"category","embeddable":true,"href":"https:\/\/redsemlac.com\/semmexico\/wp-json\/wp\/v2\/categories?post=42235"},{"taxonomy":"post_tag","embeddable":true,"href":"https:\/\/redsemlac.com\/semmexico\/wp-json\/wp\/v2\/tags?post=42235"}],"curies":[{"name":"wp","href":"https:\/\/api.w.org\/{rel}","templated":true}]}}