{"id":42231,"date":"2021-11-20T17:59:20","date_gmt":"2021-11-20T23:59:20","guid":{"rendered":"https:\/\/redsemlac.com\/semmexico\/?p=42231"},"modified":"2023-07-21T18:52:14","modified_gmt":"2023-07-21T23:52:14","slug":"llego-a-territorio-mexicano-ex-comisionada-de-afganistan-tras-gestiones-diplomaticas-de-sre-y-respaldo-del-inai","status":"publish","type":"post","link":"https:\/\/redsemlac.com\/semmexico\/llego-a-territorio-mexicano-ex-comisionada-de-afganistan-tras-gestiones-diplomaticas-de-sre-y-respaldo-del-inai\/","title":{"rendered":"Lleg\u00f3 a territorio mexicano ex comisionada de Afganist\u00e1n, tras gestiones diplom\u00e1ticas de SRE y respaldo del INAI"},"content":{"rendered":"\n<p class=\"wp-block-paragraph\">Respuesta a la crisis humanitaria que afronta ese pa\u00eds, intervino el Comit\u00e9 Ejecutivo de la Conferencia Internacional de Comisionados de Informaci\u00f3n (ICIC),<a href=\"https:\/\/ceprovysa.com\/?p=17742\"><\/a><\/p>\n\n\n\n<p class=\"wp-block-paragraph\">Redacci\u00f3n<\/p>\n\n\n\n<p class=\"wp-block-paragraph\">SemM\u00e9xico\/Ceprovysa, Cd. de M\u00e9xico, 20 de noviembre, 2021.- Con el apoyo de las gestiones diplom\u00e1ticas de la Secretar\u00eda de Relaciones Exteriores (SRE) y el respaldo del Instituto Nacional de Transparencia, Acceso a la Informaci\u00f3n y Protecci\u00f3n de Datos Personales (INAI), como Presidente de la Conferencia Internacional de Comisionados de Informaci\u00f3n (ICIC), lleg\u00f3 a territorio nacional la Ex comisionada de la Oficina de Acceso a la Informaci\u00f3n de Afganist\u00e1n, Zahra Mosawi.<\/p>\n\n\n\n<p class=\"wp-block-paragraph\">Ante la crisis humanitaria que afronta ese pa\u00eds, el 23 de agosto de este a\u00f1o, el Comit\u00e9 Ejecutivo de la ICIC recibi\u00f3 una petici\u00f3n de protecci\u00f3n por parte de la Ex comisionada. Dicha instancia se comprometi\u00f3 a brindar ayuda, en la medida de lo posible, a mujeres en posiciones pol\u00edticas, a trav\u00e9s de un comunicado en el que se enfatizaban los valores de la democracia y el acceso a la informaci\u00f3n ante emergencias nacionales.<\/p>\n\n\n\n<p class=\"wp-block-paragraph\">Zahra Mosawi fue designada como Comisionada de la Comisi\u00f3n de Acceso a la Informaci\u00f3n de su pa\u00eds en 2018, en el desempe\u00f1o de sus funciones en este organismo impuls\u00f3 temas sobre libertad de expresi\u00f3n y medios de comunicaci\u00f3n, con el fin de fortalecer la cultura de la informaci\u00f3n en su pa\u00eds.<\/p>\n\n\n\n<p class=\"wp-block-paragraph\">Es egresada de la Facultad de Filosof\u00eda y Sociolog\u00eda de la Universidad de Kabul; durante y despu\u00e9s de sus estudios, colabor\u00f3 para distintos medios de comunicaci\u00f3n y public\u00f3 numerosos art\u00edculos sobre la mujer, la cultura y la sociedad. Comenz\u00f3 su carrera en los medios en el peri\u00f3dico Vazin Rah-e Nejat, en 2005, como periodista y editor de \u201cToday\u2019s Family\u201d. Trabaj\u00f3 tambi\u00e9n en los peri\u00f3dicos Cheragh, Mandegar y Nakhl, as\u00ed como en los semanarios Jame\u2019e y Avae Mehr.<\/p>\n\n\n\n<p class=\"wp-block-paragraph\">De 2010 a 2016, fue editora en jefe del Ministerio de Asuntos de la Mujer. La revista Ershad Al-Neswan es la primera para mujeres en Afganist\u00e1n y en su primer n\u00famero, publicado en el reinado de Shah Amanullah, Zahra Mousawi fue presentada como una mujer comprometida con el empoderamiento de las mujeres, sus problemas y preocupaciones.<\/p>\n\n\n\n<p class=\"wp-block-paragraph\">Mientras trabajaba para el Ministerio, complet\u00f3 sus estudios de maestr\u00eda en sociolog\u00eda, en la Universidad de Bangalore de la India. Posteriormente, tuvo una corta experiencia en la oficina de la GIZ (cooperaci\u00f3n alemana con Afganist\u00e1n) como consultora de relaciones p\u00fablicas, hasta que, en 2018, fue nombrada integrante de la Comisi\u00f3n de Acceso a la Informaci\u00f3n de Afganist\u00e1n.<\/p>\n\n\n\n<p class=\"wp-block-paragraph\">En la recepci\u00f3n de la Ex comisionada estuvieron, por parte de la SRE, la Subsecretar\u00eda para Asuntos Multilaterales y Derechos Humanos, Martha Delgado Peralta y el Director General de Derechos Humanos y Democracia, Cristopher Ballinas, y en representaci\u00f3n del Pleno del INAI, la Comisionada Josefina Rom\u00e1n Vergara y el Comisionado Oscar Guerra Ford.<\/p>\n","protected":false},"excerpt":{"rendered":"<p>Respuesta a la crisis humanitaria que afronta ese pa\u00eds, intervino el Comit\u00e9 Ejecutivo de la Conferencia Internacional de Comisionados de Informaci\u00f3n (ICIC).<\/p>\n","protected":false},"author":3,"featured_media":42233,"comment_status":"open","ping_status":"open","sticky":false,"template":"","format":"standard","meta":{"_monsterinsights_skip_tracking":false,"footnotes":""},"categories":[692,51,53],"tags":[],"class_list":["post-42231","post","type-post","status-publish","format-standard","has-post-thumbnail","category-692","category-ejecutivo","category-internacional"],"_links":{"self":[{"href":"https:\/\/redsemlac.com\/semmexico\/wp-json\/wp\/v2\/posts\/42231","targetHints":{"allow":["GET"]}}],"collection":[{"href":"https:\/\/redsemlac.com\/semmexico\/wp-json\/wp\/v2\/posts"}],"about":[{"href":"https:\/\/redsemlac.com\/semmexico\/wp-json\/wp\/v2\/types\/post"}],"author":[{"embeddable":true,"href":"https:\/\/redsemlac.com\/semmexico\/wp-json\/wp\/v2\/users\/3"}],"replies":[{"embeddable":true,"href":"https:\/\/redsemlac.com\/semmexico\/wp-json\/wp\/v2\/comments?post=42231"}],"version-history":[{"count":0,"href":"https:\/\/redsemlac.com\/semmexico\/wp-json\/wp\/v2\/posts\/42231\/revisions"}],"wp:featuredmedia":[{"embeddable":true,"href":"https:\/\/redsemlac.com\/semmexico\/wp-json\/wp\/v2\/media\/42233"}],"wp:attachment":[{"href":"https:\/\/redsemlac.com\/semmexico\/wp-json\/wp\/v2\/media?parent=42231"}],"wp:term":[{"taxonomy":"category","embeddable":true,"href":"https:\/\/redsemlac.com\/semmexico\/wp-json\/wp\/v2\/categories?post=42231"},{"taxonomy":"post_tag","embeddable":true,"href":"https:\/\/redsemlac.com\/semmexico\/wp-json\/wp\/v2\/tags?post=42231"}],"curies":[{"name":"wp","href":"https:\/\/api.w.org\/{rel}","templated":true}]}}