{"id":42226,"date":"2021-11-20T16:39:06","date_gmt":"2021-11-20T22:39:06","guid":{"rendered":"https:\/\/redsemlac.com\/semmexico\/?p=42226"},"modified":"2023-07-21T18:52:15","modified_gmt":"2023-07-21T23:52:15","slug":"en-plataforma-virtual-piden-mas-financiacion-para-mujeres-de-latinoamerica-tras-la-fuerte-crisis","status":"publish","type":"post","link":"https:\/\/redsemlac.com\/semmexico\/en-plataforma-virtual-piden-mas-financiacion-para-mujeres-de-latinoamerica-tras-la-fuerte-crisis\/","title":{"rendered":"En plataforma virtual piden m\u00e1s financiaci\u00f3n para mujeres de Latinoam\u00e9rica tras la fuerte crisis"},"content":{"rendered":"\n<p class=\"wp-block-paragraph\">En la crisis se perdi\u00f3 han perdido el doble de empleos de mujeres que de hombres en Am\u00e9rica Latina<\/p>\n\n\n\n<p class=\"wp-block-paragraph\">En la pandemia las mujeres han triplicado el tiempo dedicado a los cuidados y se multiplicaron casos de violencia de g\u00e9nero, hasta cinco veces m\u00e1s en algunos pa\u00edses<\/p>\n\n\n\n<p class=\"wp-block-paragraph\">Redacci\u00f3n<\/p>\n\n\n\n<p class=\"wp-block-paragraph\">SemM\u00e9xico\/EFE, Washington, 20 de noviembre, 2021.- Dirigentes pol\u00edticas y responsables institucionales subrayaron este mi\u00e9rcoles la necesidad de mejorar la financiaci\u00f3n para proyectos emprendedores de mujeres en Latinoam\u00e9rica tras la crisis que trajo la pandemia y que las golpe\u00f3 en mayor medida que a los hombres.<\/p>\n\n\n\n<p class=\"wp-block-paragraph\">En ello coincidieron, entre otras, la vicepresidenta de Costa Rica, Epsy Campbell, la vicepresidenta ejecutiva de la Corporaci\u00f3n Financiera Internacional (IFC) del Banco Mundial, Stephanie Von Friedeburg, o la secretaria de la Comisi\u00f3n Interamericana de Mujeres de la Organizaci\u00f3n de Estados Americanos (OEA), Alejandra Mora, en la sesi\u00f3n inaugural del ForoMet.<\/p>\n\n\n\n<p class=\"wp-block-paragraph\">ForoMet es una plataforma virtual que conecta a emprendedoras hispanas con inversores, l\u00edderes y expertos del \u00e1mbito pol\u00edtico y empresarial, que bajo tres ejes tem\u00e1ticos -liderazgo pol\u00edtico, tecnolog\u00edas y liderazgo emprendedor- compartir\u00e1n experiencias y oportunidades.<\/p>\n\n\n\n<p class=\"wp-block-paragraph\">Este encuentro virtual y presencial -En Washington, Ciudad de Panam\u00e1 y Medell\u00edn (Colombia)- concluy\u00f3 el viernes con la celebraci\u00f3n del D\u00eda internacional de la Mujer emprendedora.<\/p>\n\n\n\n<p class=\"wp-block-paragraph\">En esta primera sesi\u00f3n, las expertas coincidieron en advertir de que la pandemia ha afectado sobremanera a las mujeres.<\/p>\n\n\n\n<p class=\"wp-block-paragraph\">Stephanie Von Friedeburg lo ilustr\u00f3 con cifras: Durante esta crisis se han perdido el doble de empleos de mujeres que, de hombres en Am\u00e9rica Latina, las mujeres han triplicado el tiempo dedicado a los cuidados y se han denunciado muchos m\u00e1s casos de violencia de g\u00e9nero, hasta cinco veces m\u00e1s en algunos pa\u00edses.<\/p>\n\n\n\n<p class=\"wp-block-paragraph\">Por eso subrayaron la importancia de seguir impulsando el emprendimiento femenino y facilitando su financiaci\u00f3n.<\/p>\n\n\n\n<p class=\"wp-block-paragraph\">En esta l\u00ednea, Wendy Teleki, responsable de proyectos para mujeres emprendedoras del IFC, consider\u00f3 que uno de los campos por el que las mujeres deben apostar para pedir financiaci\u00f3n es el tecnol\u00f3gico.<\/p>\n\n\n\n<p class=\"wp-block-paragraph\">Por su parte, la secretaria ejecutiva de la Comisi\u00f3n Interamericana de Mujeres, Alejandra Mora, record\u00f3 la premisa por la que hay que ayudar a las emprendedoras a financiarse: \u00ablas mujeres somos buenas pagadoras\u00bb, dijo.<\/p>\n","protected":false},"excerpt":{"rendered":"<p>En sesi\u00f3n inaugural de ForoMet (plataforma virtual) las expertas coincidieron en advertir de que la pandemia ha afectado sobremanera a las mujeres en Latinoam\u00e9rica.<\/p>\n","protected":false},"author":3,"featured_media":42227,"comment_status":"open","ping_status":"open","sticky":false,"template":"","format":"standard","meta":{"_monsterinsights_skip_tracking":false,"footnotes":""},"categories":[692,53],"tags":[],"class_list":["post-42226","post","type-post","status-publish","format-standard","has-post-thumbnail","category-692","category-internacional"],"_links":{"self":[{"href":"https:\/\/redsemlac.com\/semmexico\/wp-json\/wp\/v2\/posts\/42226","targetHints":{"allow":["GET"]}}],"collection":[{"href":"https:\/\/redsemlac.com\/semmexico\/wp-json\/wp\/v2\/posts"}],"about":[{"href":"https:\/\/redsemlac.com\/semmexico\/wp-json\/wp\/v2\/types\/post"}],"author":[{"embeddable":true,"href":"https:\/\/redsemlac.com\/semmexico\/wp-json\/wp\/v2\/users\/3"}],"replies":[{"embeddable":true,"href":"https:\/\/redsemlac.com\/semmexico\/wp-json\/wp\/v2\/comments?post=42226"}],"version-history":[{"count":0,"href":"https:\/\/redsemlac.com\/semmexico\/wp-json\/wp\/v2\/posts\/42226\/revisions"}],"wp:featuredmedia":[{"embeddable":true,"href":"https:\/\/redsemlac.com\/semmexico\/wp-json\/wp\/v2\/media\/42227"}],"wp:attachment":[{"href":"https:\/\/redsemlac.com\/semmexico\/wp-json\/wp\/v2\/media?parent=42226"}],"wp:term":[{"taxonomy":"category","embeddable":true,"href":"https:\/\/redsemlac.com\/semmexico\/wp-json\/wp\/v2\/categories?post=42226"},{"taxonomy":"post_tag","embeddable":true,"href":"https:\/\/redsemlac.com\/semmexico\/wp-json\/wp\/v2\/tags?post=42226"}],"curies":[{"name":"wp","href":"https:\/\/api.w.org\/{rel}","templated":true}]}}