{"id":42212,"date":"2021-11-20T15:07:28","date_gmt":"2021-11-20T21:07:28","guid":{"rendered":"https:\/\/redsemlac.com\/semmexico\/?p=42212"},"modified":"2023-07-21T18:52:15","modified_gmt":"2023-07-21T23:52:15","slug":"congreso-mexiquense-y-onu-mujeres-firman-acuerdo-para-combatir-violencia-de-genero-con-leyes","status":"publish","type":"post","link":"https:\/\/redsemlac.com\/semmexico\/congreso-mexiquense-y-onu-mujeres-firman-acuerdo-para-combatir-violencia-de-genero-con-leyes\/","title":{"rendered":"Congreso mexiquense y ONU Mujeres firman acuerdo para combatir violencia de g\u00e9nero con leyes"},"content":{"rendered":"\n<p class=\"wp-block-paragraph\">En el Estado de M\u00e9xico, se han contabilizado, 110 asesinatos de mujeres este a\u00f1o<\/p>\n\n\n\n<p class=\"wp-block-paragraph\">Buscan crear iniciativas a trav\u00e9s de mesas de trabajo, para parar el ominoso fen\u00f3meno<\/p>\n\n\n\n<p class=\"wp-block-paragraph\">Redacci\u00f3n<\/p>\n\n\n\n<p class=\"wp-block-paragraph\">SemM\u00e9xico, Toluca, Estado de M\u00e9xico, 20 de noviembre, 2021.- El Congreso del Estado de M\u00e9xico y ONU Mujeres firmaron un Memorando de entendimiento para impulsar una alianza parlamentaria para revisar y elaborar propuestas legislativas en materia de erradicaci\u00f3n de la violencia contra las mujeres y las ni\u00f1as, inform\u00f3 la diputada Ingrid Schemelensky Castro, presidenta de la mesa directiva.<\/p>\n\n\n\n<p class=\"wp-block-paragraph\">Explic\u00f3 que adem\u00e1s de conjuntar compromisos y voluntades en cumplimiento a una deuda social que se tiene de anta\u00f1o con las mujeres como lo es, dijo, el reconocimiento pleno de sus derechos y la lucha por eliminar las violencias contra ellas, el acuerdo se enmarca en el desarrollo de la iniciativa Spotlight.<\/p>\n\n\n\n<p class=\"wp-block-paragraph\">El convenio fue signado por la diputada Ingrid Schemelensky Castro, presidenta de la Directiva, y el diputado Maurilio Hern\u00e1ndez Gonz\u00e1lez, presidente de la Junta de Coordinaci\u00f3n Pol\u00edtica, as\u00ed como por Bel\u00e9n Sanz Luque, representante de ONU Mujeres, y las diputadas Karina Labastida Sotelo (Morena) y Paola Jim\u00e9nez Hern\u00e1ndez (PRI), presidentas de la Comisi\u00f3n de las Declaratorias de Alerta de Violencia de G\u00e9nero contra las Mujeres por Feminicidio y Desaparici\u00f3n, y de la Comisi\u00f3n Para la Igualdad de G\u00e9nero, respetivamente, as\u00ed como por Gerardo Ulloa P\u00e9rez, presidente de la Comisi\u00f3n Procuraci\u00f3n y Administraci\u00f3n de Justicia.<\/p>\n\n\n\n<p class=\"wp-block-paragraph\">La diputada Karina Labastida Sotelo (Morena) destac\u00f3 que este memorando, signado en el marco de la iniciativa Spotlight, busca impulsar propuestas legislativas para la erradicaci\u00f3n de la violencia contra las mujeres y las ni\u00f1as a trav\u00e9s de mesas de di\u00e1logo y trabajo, para la selecci\u00f3n de un paquete integral de iniciativas que tengan mayor impacto en la vida de las mujeres.<\/p>\n\n\n\n<p class=\"wp-block-paragraph\">En su intervenci\u00f3n, al lamentar los 110 casos de feminicidios cometidos en la entidad de enero a septiembre de 2021, la diputada Ingrid Schemelensky (PAN) afirm\u00f3 que la violencia contra las mujeres y ni\u00f1as es de las m\u00e1s lacerantes, aunado a que representa un obst\u00e1culo para su pleno desarrollo, por lo que el memorando tambi\u00e9n promover\u00e1 el compromiso de los poderes p\u00fablicos para la erradicaci\u00f3n de la violencia contra las mujeres y ni\u00f1as, y reiter\u00f3 que el Poder Legislativo ser\u00e1 un aliado para sumar esfuerzos y mejores condiciones para ellas.<\/p>\n\n\n\n<p class=\"wp-block-paragraph\">Ante la diputada Paola Jim\u00e9nez Hern\u00e1ndez (PRI) y el diputado Gerardo Ulloa P\u00e9rez (Morena), presidentes de las comisiones de Igualdad de G\u00e9nero y Procuraci\u00f3n y Administraci\u00f3n de Justicia, respectivamente, el diputado Maurilio Hern\u00e1ndez subray\u00f3 que desde la LXI Legislatura se generan directrices para combatir los feminicidios, por lo que se trabajan en reformas y leyes que atiendan la situaci\u00f3n; adem\u00e1s, reiter\u00f3 el compromiso para continuar enfocando los esfuerzos legislativos para que las ni\u00f1as, adolescentes y mujeres gocen de una vida libre de violencia.<\/p>\n\n\n\n<p class=\"wp-block-paragraph\">Por su parte, Bel\u00e9n Sanz Luque resalt\u00f3 que el memorando promover\u00e1 un diagn\u00f3stico sobre la armonizaci\u00f3n del marco normativo estatal para supervisar que cumpla con los est\u00e1ndares internacionales firmados por M\u00e9xico para que las mujeres accedan a la justicia y a una vida libre de violencia y que aportar\u00e1n sus observaciones a la Legislatura para que elabore las reformas respectivas.<\/p>\n\n\n\n<p class=\"wp-block-paragraph\">Resalt\u00f3 los avances logrados por la Legislatura mexiquense para combatir la violencia digital, la violencia pol\u00edtica de g\u00e9nero, la eliminaci\u00f3n del lenguaje sexista y la garant\u00eda de la paridad de g\u00e9nero en los puestos de elecci\u00f3n popular.<\/p>\n\n\n\n<p class=\"wp-block-paragraph\">En presencia del diputado Omar Ortega \u00c1lvarez, coordinador parlamentario del PRD, Mar\u00eda Fabiola Alan\u00eds S\u00e1mano, comisionada Nacional para Prevenir y Erradicar la Violencia contra las Mujeres, llam\u00f3 a las y los diputados para que consideren de manera integral las violencias econ\u00f3mica, pol\u00edtica y feminicida y los exhort\u00f3 a que brinden prioridad a la construcci\u00f3n, eficiencia y mejora de mecanismos de justicia y reparaci\u00f3n del da\u00f1o para v\u00edctimas y sobrevivientes de violencia en raz\u00f3n de g\u00e9nero, as\u00ed como a combatir la impunidad.<\/p>\n\n\n\n<p class=\"wp-block-paragraph\">Por su parte, Karla Micheel Salas y David Pe\u00f1a, representantes del Grupo de Acci\u00f3n por los Derechos Humanos y la Justicia Social, informaron que analizaron 815 iniciativas de la LX Legislatura presentadas en el primer periodo de sesiones, de las cuales identificaron 56 de diferentes bancadas para atender el feminicidio, feminicidio infantil, violencia sexual, violencia familia, desapariciones de mujeres, ni\u00f1as y ni\u00f1os en estado de orfandad por el asesinato de sus madres y la responsabilidad administrativa y penal de servidores p\u00fablicos que incumplen con sus obligaciones alimentarias, los cuales indicaron que tienen impacto en 19 leyes que podr\u00edan ser reformadas.<\/p>\n","protected":false},"excerpt":{"rendered":"<p>El Congreso del Estado de M\u00e9xico y ONU Mujeres firmaron un Memorando para revisar y elaborar propuestas legislativas en materia de erradicaci\u00f3n de la violencia contra las mujeres y las ni\u00f1as.<\/p>\n","protected":false},"author":3,"featured_media":42215,"comment_status":"open","ping_status":"open","sticky":false,"template":"","format":"standard","meta":{"_monsterinsights_skip_tracking":false,"footnotes":""},"categories":[692,50],"tags":[],"class_list":["post-42212","post","type-post","status-publish","format-standard","has-post-thumbnail","category-692","category-congreso"],"_links":{"self":[{"href":"https:\/\/redsemlac.com\/semmexico\/wp-json\/wp\/v2\/posts\/42212","targetHints":{"allow":["GET"]}}],"collection":[{"href":"https:\/\/redsemlac.com\/semmexico\/wp-json\/wp\/v2\/posts"}],"about":[{"href":"https:\/\/redsemlac.com\/semmexico\/wp-json\/wp\/v2\/types\/post"}],"author":[{"embeddable":true,"href":"https:\/\/redsemlac.com\/semmexico\/wp-json\/wp\/v2\/users\/3"}],"replies":[{"embeddable":true,"href":"https:\/\/redsemlac.com\/semmexico\/wp-json\/wp\/v2\/comments?post=42212"}],"version-history":[{"count":0,"href":"https:\/\/redsemlac.com\/semmexico\/wp-json\/wp\/v2\/posts\/42212\/revisions"}],"wp:featuredmedia":[{"embeddable":true,"href":"https:\/\/redsemlac.com\/semmexico\/wp-json\/wp\/v2\/media\/42215"}],"wp:attachment":[{"href":"https:\/\/redsemlac.com\/semmexico\/wp-json\/wp\/v2\/media?parent=42212"}],"wp:term":[{"taxonomy":"category","embeddable":true,"href":"https:\/\/redsemlac.com\/semmexico\/wp-json\/wp\/v2\/categories?post=42212"},{"taxonomy":"post_tag","embeddable":true,"href":"https:\/\/redsemlac.com\/semmexico\/wp-json\/wp\/v2\/tags?post=42212"}],"curies":[{"name":"wp","href":"https:\/\/api.w.org\/{rel}","templated":true}]}}