{"id":42209,"date":"2021-11-20T14:42:36","date_gmt":"2021-11-20T20:42:36","guid":{"rendered":"https:\/\/redsemlac.com\/semmexico\/?p=42209"},"modified":"2023-07-21T18:52:15","modified_gmt":"2023-07-21T23:52:15","slug":"las-mujeres-indigenas-y-afromexicanas-luchan-por-tierra-y-territorios-para-todos-y-todas","status":"publish","type":"post","link":"https:\/\/redsemlac.com\/semmexico\/las-mujeres-indigenas-y-afromexicanas-luchan-por-tierra-y-territorios-para-todos-y-todas\/","title":{"rendered":"Las mujeres ind\u00edgenas y afromexicanas luchan por tierra y territorios, para todos y todas"},"content":{"rendered":"\n<p class=\"wp-block-paragraph\">En reuni\u00f3n para analizar la no violencia y la igualdad autoridades no hablan de derechos espec\u00edficos ni de g\u00e9nero<\/p>\n\n\n\n<p class=\"wp-block-paragraph\">Organizadas por el gobierno federal se reunieron para conocer la iniciativa de Reforma Constitucional<\/p>\n\n\n\n<p class=\"wp-block-paragraph\">Micaela M\u00e1rquez<\/p>\n\n\n\n<p class=\"wp-block-paragraph\">SemM\u00e9xico, Cd. de M\u00e9xico, 20 de noviembre 2021.- Las mujeres ind\u00edgenas y afromexicanas no deber\u00edan estar peleando reconocimientos y trabajando por ellos, deber\u00edan ser de manera natural coincidieron las participantes en la Jornada para la Promoci\u00f3n de los Derechos de las Mujeres Ind\u00edgenas y Afromexicanas que se realiza en la ciudad de Oaxaca. &nbsp;<\/p>\n\n\n\n<p class=\"wp-block-paragraph\">Estas Jornadas se dan en el marco de la iniciativa de Reforma Constitucional sobre los Derechos de los Pueblos Ind\u00edgenas y Afromexicanos, la cual fue entregada al presidente Andr\u00e9s Manuel L\u00f3pez Obrador el pasado 28 de septiembre en V\u00edcam Pueblo, Sonora inform\u00f3 el Titular de la Oficina de Representaci\u00f3n del Instituto Nacional de los Pueblos Ind\u00edgenas (INPI) en la entidad, Jer\u00f3nimo L\u00f3pez Mar\u00edn.<\/p>\n\n\n\n<p class=\"wp-block-paragraph\">Record\u00f3 que desde el a\u00f1o 2019 inici\u00f3 el proceso de consulta para la reforma constitucional, como una demanda hist\u00f3rica de los pueblos y comunidades&nbsp;en los 54 foros de consulta en el que participaron m\u00e1s de 9 mil mujeres ind\u00edgenas y afromexicanas de todo el pa\u00eds.&nbsp;<\/p>\n\n\n\n<p class=\"wp-block-paragraph\">El representane del INPI precis\u00f3 que a esta reuni\u00f3n asist\u00edan mujeres de lugares muy lejanos como la Verde Antequera, rar\u00e1muris, taraumaras, yaquis, tepehuanas, wix\u00e1rikas o cucap\u00e1s para conocer de la propuesta donde se abordan aspectos como la igualdad de oportunidades y su participaci\u00f3n pol\u00edtica en cargos comunitarios, administrativos, legislativos y gubernamentales.&nbsp;<\/p>\n\n\n\n<p class=\"wp-block-paragraph\">Por su parte, la Presidenta del Instituto Nacional de las Mujeres (INMUJERES), Nadine Gasman Zylbermann, reconoci\u00f3 que no todas las mujeres tienen las mimas oportunidades por lo que las pol\u00edticas p\u00fablicas en M\u00e9xico est\u00e1n dise\u00f1adas para reducir las desigualdades y para contribuir a la justicia y a la paz social, de manera espec\u00edfica, buscando eliminar las causas estructurales de exclusi\u00f3n y pobreza, con mayores desventajas sociales, culturales y econ\u00f3micas\u201d, en un video donde trasmiti\u00f3 su mensaje.<\/p>\n\n\n\n<p class=\"wp-block-paragraph\">En tanto, la representante de la Procuradur\u00eda Agraria (PA) de la Secretar\u00eda de Desarrollo Agrario, Territorial y Urbano (SEDATU), Yolanda Beatriz Vera Castillo, estim\u00f3 que todas las instituciones y organizaciones tienen que luchar por promover los derechos que tienen como mujeres.&nbsp;&nbsp;<\/p>\n\n\n\n<p class=\"wp-block-paragraph\">Al inaugurar la jornada nacional de mujeres ind\u00edgenas y afromexicanas, la ex integrante del Consejo Municipal de Ayutla de los Libres, primer municipio de Guerrero que se rige por sistemas normativos o usos y costumbres, se\u00f1al\u00f3 que las mujeres ind\u00edgenas y afromexicanas son parte de la realidad del pa\u00eds, por eso no deben titubear nunca en alzar la voz.&nbsp;<\/p>\n\n\n\n<p class=\"wp-block-paragraph\">En su oportunidad la Asesora del Consejo Nacional para Prevenir y Erradicar la Discriminaci\u00f3n (CONAPRED), Olga Santill\u00e1n Rodr\u00edguez, refiri\u00f3 que las mujeres ind\u00edgenas y afromexicanas siempre han trabajado y luchado desde sus comunidades, desde sus tierras y territorios, por la construcci\u00f3n de un mejor mundo para todas y todos.&nbsp;<\/p>\n\n\n\n<p class=\"wp-block-paragraph\">\u201cVamos a seguir impulsando pol\u00edticas p\u00fablicas para eliminar todas las formas de discriminaci\u00f3n en el pa\u00eds, por la defensa de los derechos de las mujeres en todos los \u00e1mbitos de la vida p\u00fablica\u201d, ponder\u00f3.&nbsp;<\/p>\n\n\n\n<p class=\"wp-block-paragraph\">A su vez la integrante del Comit\u00e9 T\u00e9cnico de Expertas para la Reforma Constitucional sobre los Derechos de los Pueblos Ind\u00edgenas y Afromexicano, Elena Ruiz Salinas, en representaci\u00f3n del pueblo afromexicano resalt\u00f3 la hermandad que existe entre las mujeres que hist\u00f3ricamente han compartido luchas por mejores condiciones de vida.&nbsp;<\/p>\n\n\n\n<p class=\"wp-block-paragraph\">Como parte de las actividades de la Jornada se instalaron mesas de trabajo bajo las tem\u00e1ticas de Acceso a una vida libre de violencia y Acceso y disfrute de tierras, territorios, recursos naturales y Desarrollo Integral.&nbsp;&nbsp;<\/p>\n","protected":false},"excerpt":{"rendered":"<p>En reuni\u00f3n para analizar la no violencia y la igualdad autoridades no hablan de derechos espec\u00edficos ni de g\u00e9nero.<\/p>\n","protected":false},"author":3,"featured_media":42214,"comment_status":"open","ping_status":"open","sticky":false,"template":"","format":"standard","meta":{"_monsterinsights_skip_tracking":false,"footnotes":""},"categories":[692,54],"tags":[],"class_list":["post-42209","post","type-post","status-publish","format-standard","has-post-thumbnail","category-692","category-mujeres"],"_links":{"self":[{"href":"https:\/\/redsemlac.com\/semmexico\/wp-json\/wp\/v2\/posts\/42209","targetHints":{"allow":["GET"]}}],"collection":[{"href":"https:\/\/redsemlac.com\/semmexico\/wp-json\/wp\/v2\/posts"}],"about":[{"href":"https:\/\/redsemlac.com\/semmexico\/wp-json\/wp\/v2\/types\/post"}],"author":[{"embeddable":true,"href":"https:\/\/redsemlac.com\/semmexico\/wp-json\/wp\/v2\/users\/3"}],"replies":[{"embeddable":true,"href":"https:\/\/redsemlac.com\/semmexico\/wp-json\/wp\/v2\/comments?post=42209"}],"version-history":[{"count":0,"href":"https:\/\/redsemlac.com\/semmexico\/wp-json\/wp\/v2\/posts\/42209\/revisions"}],"wp:featuredmedia":[{"embeddable":true,"href":"https:\/\/redsemlac.com\/semmexico\/wp-json\/wp\/v2\/media\/42214"}],"wp:attachment":[{"href":"https:\/\/redsemlac.com\/semmexico\/wp-json\/wp\/v2\/media?parent=42209"}],"wp:term":[{"taxonomy":"category","embeddable":true,"href":"https:\/\/redsemlac.com\/semmexico\/wp-json\/wp\/v2\/categories?post=42209"},{"taxonomy":"post_tag","embeddable":true,"href":"https:\/\/redsemlac.com\/semmexico\/wp-json\/wp\/v2\/tags?post=42209"}],"curies":[{"name":"wp","href":"https:\/\/api.w.org\/{rel}","templated":true}]}}