{"id":42206,"date":"2021-11-19T12:12:28","date_gmt":"2021-11-19T18:12:28","guid":{"rendered":"https:\/\/redsemlac.com\/semmexico\/?p=42206"},"modified":"2023-07-21T18:52:15","modified_gmt":"2023-07-21T23:52:15","slug":"medida-cautelares-emite-cndh-para-proteger-la-vida-de-buscadora-de-sonora","status":"publish","type":"post","link":"https:\/\/redsemlac.com\/semmexico\/medida-cautelares-emite-cndh-para-proteger-la-vida-de-buscadora-de-sonora\/","title":{"rendered":"Medida Cautelares emite CNDH para proteger la vida de buscadora de Sonora"},"content":{"rendered":"\n<ul class=\"wp-block-list\"><li><strong>Se solicita a la fiscal general de Justicia de Sonora investigue la privaci\u00f3n de la libertad que sufri\u00f3 la activista<\/strong><\/li><\/ul>\n\n\n\n<p class=\"wp-block-paragraph\"><strong>Elda Montiel<\/strong><\/p>\n\n\n\n<p class=\"wp-block-paragraph\">SemM\u00e9xico, Cd. de M\u00e9xico, 19 de noviembre 2021.- La Comisi\u00f3n Nacional de los Derechos Humanos (CNDH) emiti\u00f3 medidas cautelares para proteger la vida de Francisca Leticia \u00c1lvarez Rivera defensora y activista de \u201cMadres buscadoras de Sonora\u201d, quien fue secuestrada por sujetos desconocidos, el pasado 30 de octubre, quienes se presume pudieran ser integrantes del crimen organizado.<\/p>\n\n\n\n<p class=\"wp-block-paragraph\">Al considerar que el secuestro puede volver a ocurrir; adem\u00e1s de que existen amenazas de car\u00e1cter inminente que pueden materializarse en su contra, la CNDH solicit\u00f3 a trav\u00e9s de sendos escritos dirigidos al comandante de Guardia Nacional, al gobernador del estado de Sonora, a los secretarios de Gobierno y Seguridad P\u00fablica, al fiscal general de la entidad, as\u00ed como al presidente municipal de Hermosillo, poner en pr\u00e1ctica mecanismos para salvaguardar la integridad y seguridad personal de \u00c1lvarez Rivera.<\/p>\n\n\n\n<p class=\"wp-block-paragraph\">De acuerdo a informaci\u00f3n p\u00fablica, la v\u00edctima fue privada de la libertad, torturada f\u00edsica y psicol\u00f3gicamente en Hermosillo, por sujetos armados que ingresaron a su domicilio, hecho que estar\u00eda relacionado con la labor de defensa y activismo que realiza como integrante del colectivo.<\/p>\n\n\n\n<p class=\"wp-block-paragraph\">Particularmente, e implementar las acciones pertinentes para proteger su integridad y brindarle la contenci\u00f3n emocional que requiera.<\/p>\n\n\n\n<p class=\"wp-block-paragraph\">Las medidas cautelares ya fueron debidamente notificadas a sus destinatarios por lo que este Organismo Aut\u00f3nomo permanecer\u00e1 atento a su cumplimiento.<\/p>\n\n\n\n<p class=\"wp-block-paragraph\">La activista 48 a\u00f1os fue sacada de su domicilio el s\u00e1bado 30 de octubre y liberada al d\u00eda siguiente, sus secuestradores le ped\u00edan que dejara de buscar a su hijo.<\/p>\n\n\n\n<p class=\"wp-block-paragraph\">El hijo Alfredo Rousse \u00c1lvarez desapareci\u00f3 el 27 de julio del 2020, y su esposo Juli\u00e1n Francisco Castillo F\u00e9lix, desapareci\u00f3 el 17 de agosto de 2020 en Hermosillo, Sonora.<\/p>\n","protected":false},"excerpt":{"rendered":"<p>Se solicita a la fiscal general de Justicia de Sonora investigue la privaci\u00f3n de la libertad que sufri\u00f3 la activista<\/p>\n","protected":false},"author":3,"featured_media":42207,"comment_status":"open","ping_status":"open","sticky":false,"template":"","format":"standard","meta":{"_monsterinsights_skip_tracking":false,"footnotes":""},"categories":[692,51],"tags":[],"class_list":["post-42206","post","type-post","status-publish","format-standard","has-post-thumbnail","category-692","category-ejecutivo"],"_links":{"self":[{"href":"https:\/\/redsemlac.com\/semmexico\/wp-json\/wp\/v2\/posts\/42206","targetHints":{"allow":["GET"]}}],"collection":[{"href":"https:\/\/redsemlac.com\/semmexico\/wp-json\/wp\/v2\/posts"}],"about":[{"href":"https:\/\/redsemlac.com\/semmexico\/wp-json\/wp\/v2\/types\/post"}],"author":[{"embeddable":true,"href":"https:\/\/redsemlac.com\/semmexico\/wp-json\/wp\/v2\/users\/3"}],"replies":[{"embeddable":true,"href":"https:\/\/redsemlac.com\/semmexico\/wp-json\/wp\/v2\/comments?post=42206"}],"version-history":[{"count":0,"href":"https:\/\/redsemlac.com\/semmexico\/wp-json\/wp\/v2\/posts\/42206\/revisions"}],"wp:featuredmedia":[{"embeddable":true,"href":"https:\/\/redsemlac.com\/semmexico\/wp-json\/wp\/v2\/media\/42207"}],"wp:attachment":[{"href":"https:\/\/redsemlac.com\/semmexico\/wp-json\/wp\/v2\/media?parent=42206"}],"wp:term":[{"taxonomy":"category","embeddable":true,"href":"https:\/\/redsemlac.com\/semmexico\/wp-json\/wp\/v2\/categories?post=42206"},{"taxonomy":"post_tag","embeddable":true,"href":"https:\/\/redsemlac.com\/semmexico\/wp-json\/wp\/v2\/tags?post=42206"}],"curies":[{"name":"wp","href":"https:\/\/api.w.org\/{rel}","templated":true}]}}