{"id":42137,"date":"2021-11-17T18:03:55","date_gmt":"2021-11-18T00:03:55","guid":{"rendered":"https:\/\/redsemlac.com\/semmexico\/?p=42137"},"modified":"2023-07-21T18:52:19","modified_gmt":"2023-07-21T23:52:19","slug":"destituyen-a-director-de-hospital-imss-bienestar-en-matias-romero","status":"publish","type":"post","link":"https:\/\/redsemlac.com\/semmexico\/destituyen-a-director-de-hospital-imss-bienestar-en-matias-romero\/","title":{"rendered":"Destituyen a director de hospital IMSS Bienestar en Mat\u00edas Romero"},"content":{"rendered":"\n<ul class=\"wp-block-list\"><li><strong>El deceso de una reci\u00e9n nacida llev\u00f3 a la movilizaci\u00f3n y exigencia de la destituci\u00f3n<\/strong><\/li><\/ul>\n\n\n\n<ul class=\"wp-block-list\"><li><strong>Presumen actos de negligencia m\u00e9dica<\/strong><\/li><\/ul>\n\n\n\n<p class=\"wp-block-paragraph\"><strong>Patricia Brise\u00f1o<\/strong><\/p>\n\n\n\n<p class=\"wp-block-paragraph\">SemM\u00e9xico, Oaxaca, 17 de noviembre, 2021.- Luego de permanecer 12 horas a las puertas del hospital rural del Instituto Mexicano del Seguro Social (IMSS) Bienestar, n\u00famero 37, de Mat\u00edas Romero, en el Istmo de Tehuantepec, usuarios del servicio consiguieron la separaci\u00f3n del cargo del director de la instituci\u00f3n, Jos\u00e9 Iv\u00e1n Hern\u00e1ndez, por los presuntos casos de negligencia m\u00e9dica que han detonado en la muerte de pacientes.<\/p>\n\n\n\n<p class=\"wp-block-paragraph\">De igual manera, lograron reunirse este mi\u00e9rcoles con Julio Mercado Astuita, delegado del IMSS en Oaxaca para sostener una mesa de trabajo para abordar temas relacionados con el r\u00e9gimen ordinario.<\/p>\n\n\n\n<p class=\"wp-block-paragraph\">En la reuni\u00f3n, celebrada alrededor del mediod\u00eda en las instalaciones de hospital p\u00fablico que atiende a la poblaci\u00f3n abierta en el Istmo, tambi\u00e9n estuvo presente el nuevo director,&nbsp; Juan Carlos Villalobos Oliveras, entre otros funcionarios del Seguro Social, asimismo, estuvo como testigo Jaime S\u00e1nchez&nbsp; Lara, padre de la ni\u00f1a que muri\u00f3 dos d\u00edas despu\u00e9s de nacer, por una presunta negligencia m\u00e9dica.&nbsp;<\/p>\n\n\n\n<p class=\"wp-block-paragraph\">El deceso de la reci\u00e9n nacida ocurrido el pasado 15 de noviembre, hija primog\u00e9nita de la familia S\u00e1nchez Santiago, habitantes de la colonia Agr\u00edcola y Ganadera Cuauht\u00e9moc, llev\u00f3 a la movilizaci\u00f3n espont\u00e1nea de los y las usuarias del servicio, quienes un d\u00eda, y el otro tambi\u00e9n padecen las carencias del personal, insumos, equipo y medicamentos.<\/p>\n\n\n\n<p class=\"wp-block-paragraph\">La protesta pac\u00edfica de ayer martes no afect\u00f3 el servicio de medicina familiar, urgencias ni hospitalizaci\u00f3n, reuni\u00f3 a personas de San Juan Guichicovi, Barrio de la Soledad y Santa Maria Petapa, adem\u00e1s de Mat\u00edas Romero.<\/p>\n\n\n\n<p class=\"wp-block-paragraph\">El grupo conformado por representantes de comunidades mixes, mixtecas, zapotecos y zoques adheridos a la Uni\u00f3n de Comunidades Ind\u00edgenas de la Zona Norte del Istmo (UCIZONI), colocaron una manta afuera de la oficina del hoy director depuesto, despu\u00e9s de 12 horas de plant\u00f3n, un grupo de funcionarios federales lleg\u00f3 al hospital para dialogar con los manifestantes, en su mayor\u00eda mujeres.<\/p>\n\n\n\n<p class=\"wp-block-paragraph\">Los manifestantes exigieron una investigaci\u00f3n externa y aut\u00f3noma que revise las circunstancias que provocaron los decesos ocurridos en el \u00e1rea de obstetricia, as\u00ed como otras secciones del nosocomio, adem\u00e1s de la reparaci\u00f3n del da\u00f1o, v\u00eda indemnizaci\u00f3n a los deudos.<\/p>\n\n\n\n<p class=\"wp-block-paragraph\">A la representaci\u00f3n federal le urgieron la Unidad de Cuidados Intensivos, personal de enfermer\u00eda las 24 horas del d\u00eda y una ambulancia equipada conforme a la Norma Oficial Mexicana para la atenci\u00f3n de primeros auxilios.<\/p>\n\n\n\n<p class=\"wp-block-paragraph\">SEM\/pb<\/p>\n","protected":false},"excerpt":{"rendered":"<p>Presumen actos de negligencia m\u00e9dica<\/p>\n","protected":false},"author":3,"featured_media":42138,"comment_status":"open","ping_status":"open","sticky":false,"template":"","format":"standard","meta":{"_monsterinsights_skip_tracking":false,"footnotes":""},"categories":[692,51],"tags":[],"class_list":["post-42137","post","type-post","status-publish","format-standard","has-post-thumbnail","category-692","category-ejecutivo"],"_links":{"self":[{"href":"https:\/\/redsemlac.com\/semmexico\/wp-json\/wp\/v2\/posts\/42137","targetHints":{"allow":["GET"]}}],"collection":[{"href":"https:\/\/redsemlac.com\/semmexico\/wp-json\/wp\/v2\/posts"}],"about":[{"href":"https:\/\/redsemlac.com\/semmexico\/wp-json\/wp\/v2\/types\/post"}],"author":[{"embeddable":true,"href":"https:\/\/redsemlac.com\/semmexico\/wp-json\/wp\/v2\/users\/3"}],"replies":[{"embeddable":true,"href":"https:\/\/redsemlac.com\/semmexico\/wp-json\/wp\/v2\/comments?post=42137"}],"version-history":[{"count":0,"href":"https:\/\/redsemlac.com\/semmexico\/wp-json\/wp\/v2\/posts\/42137\/revisions"}],"wp:featuredmedia":[{"embeddable":true,"href":"https:\/\/redsemlac.com\/semmexico\/wp-json\/wp\/v2\/media\/42138"}],"wp:attachment":[{"href":"https:\/\/redsemlac.com\/semmexico\/wp-json\/wp\/v2\/media?parent=42137"}],"wp:term":[{"taxonomy":"category","embeddable":true,"href":"https:\/\/redsemlac.com\/semmexico\/wp-json\/wp\/v2\/categories?post=42137"},{"taxonomy":"post_tag","embeddable":true,"href":"https:\/\/redsemlac.com\/semmexico\/wp-json\/wp\/v2\/tags?post=42137"}],"curies":[{"name":"wp","href":"https:\/\/api.w.org\/{rel}","templated":true}]}}