{"id":42130,"date":"2021-11-17T16:05:18","date_gmt":"2021-11-17T22:05:18","guid":{"rendered":"https:\/\/redsemlac.com\/semmexico\/?p=42130"},"modified":"2023-07-21T18:52:19","modified_gmt":"2023-07-21T23:52:19","slug":"mirada-violeta-la-ninez-y-la-justicia","status":"publish","type":"post","link":"https:\/\/redsemlac.com\/semmexico\/mirada-violeta-la-ninez-y-la-justicia\/","title":{"rendered":"Mirada Violeta| La Ni\u00f1ez y la Justicia"},"content":{"rendered":"\n<p class=\"wp-block-paragraph\"><strong>Guadalupe Ramos Ponce<\/strong><\/p>\n\n\n\n<p class=\"wp-block-paragraph\">SemM\u00e9xico, Guadalajara, Jalisco, 17 de noviembre, 2021.-Esta semana del 15 al 20 de noviembre se lleva a cabo de manera virtual el \u201cCongreso Mundial sobre Justicia con la Ni\u00f1ez\u201d, evento muy importante que pone en el centro de la reflexi\u00f3n y la discusi\u00f3n, los derechos de ni\u00f1as, ni\u00f1os y adolescentes.<\/p>\n\n\n\n<p class=\"wp-block-paragraph\">El Ministro Presidente de la Suprema Corte de Justicia de la Naci\u00f3n (SCJN) y del Consejo de la Judicatura Federal (CJF) Arturo Zald\u00edvar destac\u00f3 en la inauguraci\u00f3n del Congreso que en un entorno mundial como el que vivimos ahora, de pobreza, de desigualdad, de fen\u00f3menos migratorios, de abuso infantil y de tantas cuestiones que dejan en indefensi\u00f3n a las ni\u00f1as, a los ni\u00f1os y a los adolescentes, es importante redoblar esfuerzos no s\u00f3lo para avanzar en la conceptualizaci\u00f3n y garant\u00eda de sus derechos, sino para que estos derechos se hagan realidad en la pr\u00e1ctica cotidiana.<\/p>\n\n\n\n<p class=\"wp-block-paragraph\">El Ministro Zald\u00edvar se\u00f1al\u00f3 que \u201cLos derechos de la ni\u00f1ez no han avanzado de la misma manera que otros derechos porque hemos tenido que pasar con mucho esfuerzo de un esquema paternalista de protecci\u00f3n de las ni\u00f1as, ni\u00f1os y adolescentes a otro en donde aceptemos que las ni\u00f1as, los ni\u00f1os y los adolescentes son titulares plenos de derechos humanos y que tienen la capacidad para ejercer esos derechos\u201d.<\/p>\n\n\n\n<p class=\"wp-block-paragraph\">El Ministro Presidente se\u00f1al\u00f3 tambi\u00e9n que la Suprema Corte ha generado una doctrina muy amplia en distintos aspectos que tienen que ver con la ni\u00f1ez y anunci\u00f3 que en las pr\u00f3ximas semanas se actualizar\u00e1 el protocolo en materia de justicia para la ni\u00f1ez.<\/p>\n\n\n\n<p class=\"wp-block-paragraph\">En este Congreso, organizado por primera ocasi\u00f3n por el Alto Tribunal Constitucional de nuestro pa\u00eds, se realizar\u00e1n talleres y una mesa de alto nivel sobre temas relacionados con las problem\u00e1ticas que viven ni\u00f1as, ni\u00f1os y adolescentes en Am\u00e9rica Latina.<\/p>\n\n\n\n<p class=\"wp-block-paragraph\">Dentro de los objetivos del Congreso se encuentran: colocar los derechos de la ni\u00f1ez en la cima de la agenda internacional para promover sistemas de justicia justos y apropiados para y con los ni\u00f1os; recopilar compromisos nacionales para reforzar las pol\u00edticas y pr\u00e1cticas que marcan diferencias reales en la vida de las infancias en contacto con la ley; generar un camino de acci\u00f3n despu\u00e9s de las sesiones plenarias y talleres con base en la discusi\u00f3n y los temas planteados, entre otros.<\/p>\n\n\n\n<p class=\"wp-block-paragraph\">El Congreso Mundial sobre Justicia con la Ni\u00f1ez es un hito internacional que re\u00fane a ni\u00f1as, ni\u00f1os y adolescentes junto con legisladores, profesionales del derecho, acad\u00e9micas, acad\u00e9micos y representantes de la sociedad civil con experiencia laboral relevante para influir en la justicia infantil, explorar las mejores pr\u00e1cticas, fomentar la cooperaci\u00f3n cient\u00edfica y crear conciencia sobre la justicia de este grupo etario en situaci\u00f3n de vulnerabilidad.<\/p>\n\n\n\n<p class=\"wp-block-paragraph\">La Suprema Corte de Justicia de la Naci\u00f3n ha generado una doctrina amplia en distintos aspectos que tienen que ver con la ni\u00f1ez cuando se acerca a un proceso o procedimiento judicial, particularmente en los 3 aspectos siguientes:<\/p>\n\n\n\n<p class=\"wp-block-paragraph\">1) En todos los procesos en donde est\u00e9n de por medio los derechos de la ni\u00f1ez, el ni\u00f1o o la ni\u00f1a tendr\u00e1n que ser escuchados<\/p>\n\n\n\n<p class=\"wp-block-paragraph\">2) La forma de recibir la declaraci\u00f3n, el testimonio o de acercarnos a poder percibir el sentimiento de las ni\u00f1as y los ni\u00f1os debe ser diferente dependiendo de su edad y de su desarrollo<\/p>\n\n\n\n<p class=\"wp-block-paragraph\">3) Es necesario tener tambi\u00e9n una t\u00e9cnica exclusiva, espec\u00edfica para valorar adecuadamente esa declaraci\u00f3n, aquello que el ni\u00f1o o la ni\u00f1a ha dicho o ha querido decir.<\/p>\n\n\n\n<p class=\"wp-block-paragraph\">C\u00f3mo bien lo se\u00f1ala el Ministro Presidente de la Suprema Corte, en un entorno mundial que deja en indefensi\u00f3n a las ni\u00f1as, ni\u00f1os y adolescentes es importante redoblar esfuerzos para que sus derechos se hagan una realidad.&nbsp;<\/p>\n\n\n\n<p class=\"wp-block-paragraph\">Por cierto, mientras que en la Suprema Corte de Justicia de la Naci\u00f3n se realizan esfuerzos extraordinarios para avanzar en el reconocimiento pleno de los Derechos Humanos; en Jalisco, el Magistrado Covarrubias es denunciado penalmente por Abuso Sexual Infantil.<\/p>\n\n\n\n<p class=\"wp-block-paragraph\">Este se\u00f1or tiene una larga historia de denuncias por acoso Sexual en la propia Universidad de Guadalajara. Tambi\u00e9n ha sido denunciado penalmente, sin embargo, siempre estuvo protegido por el poder patriarcal que lo llev\u00f3 incluso a la m\u00e1s alta magistratura en el Poder Judicial del Estado.<\/p>\n\n\n\n<p class=\"wp-block-paragraph\">Si esas denuncias hubiesen sido atendidas, hoy no estar\u00eda esta ni\u00f1a sufriendo este atentado a su integridad f\u00edsica y moral.<\/p>\n\n\n\n<p class=\"wp-block-paragraph\">Ojal\u00e1 que ahora si la Justicia alcance para destituir y sancionar a este depredador Sexual.<\/p>\n\n\n\n<p class=\"wp-block-paragraph\">medium.com\/dra-lupitaramos<\/p>\n\n\n\n<p class=\"wp-block-paragraph\">@dralupitaramosp<\/p>\n\n\n\n<p class=\"wp-block-paragraph\">lupitaramosponce@gmail.com<\/p>\n\n\n\n<p class=\"wp-block-paragraph\">Canal de Youtoube Dra. Lupita Ramos.<\/p>\n\n\n\n<p class=\"wp-block-paragraph\"><a href=\"https:\/\/www.youtube.com\/channel\/UCQ_bKrt9f4rkb7VST7-sYrg\">https:\/\/www.youtube.com\/channel\/UCQ_bKrt9f4rkb7VST7-sYrg<\/a><\/p>\n","protected":false},"excerpt":{"rendered":"<p>Esta semana del 15 al 20 de noviembre se lleva a cabo de manera virtual el \u201cCongreso Mundial sobre Justicia con la Ni\u00f1ez\u201d, evento muy importante que pone en el centro de la reflexi\u00f3n y la discusi\u00f3n, los derechos de ni\u00f1as, ni\u00f1os y adolescentes.<\/p>\n","protected":false},"author":3,"featured_media":8967,"comment_status":"open","ping_status":"open","sticky":false,"template":"","format":"standard","meta":{"_monsterinsights_skip_tracking":false,"footnotes":""},"categories":[692,91,35],"tags":[459],"class_list":["post-42130","post","type-post","status-publish","format-standard","has-post-thumbnail","category-692","category-lupita-ramos-ponce","category-opinion","tag-opinion"],"_links":{"self":[{"href":"https:\/\/redsemlac.com\/semmexico\/wp-json\/wp\/v2\/posts\/42130","targetHints":{"allow":["GET"]}}],"collection":[{"href":"https:\/\/redsemlac.com\/semmexico\/wp-json\/wp\/v2\/posts"}],"about":[{"href":"https:\/\/redsemlac.com\/semmexico\/wp-json\/wp\/v2\/types\/post"}],"author":[{"embeddable":true,"href":"https:\/\/redsemlac.com\/semmexico\/wp-json\/wp\/v2\/users\/3"}],"replies":[{"embeddable":true,"href":"https:\/\/redsemlac.com\/semmexico\/wp-json\/wp\/v2\/comments?post=42130"}],"version-history":[{"count":0,"href":"https:\/\/redsemlac.com\/semmexico\/wp-json\/wp\/v2\/posts\/42130\/revisions"}],"wp:featuredmedia":[{"embeddable":true,"href":"https:\/\/redsemlac.com\/semmexico\/wp-json\/wp\/v2\/media\/8967"}],"wp:attachment":[{"href":"https:\/\/redsemlac.com\/semmexico\/wp-json\/wp\/v2\/media?parent=42130"}],"wp:term":[{"taxonomy":"category","embeddable":true,"href":"https:\/\/redsemlac.com\/semmexico\/wp-json\/wp\/v2\/categories?post=42130"},{"taxonomy":"post_tag","embeddable":true,"href":"https:\/\/redsemlac.com\/semmexico\/wp-json\/wp\/v2\/tags?post=42130"}],"curies":[{"name":"wp","href":"https:\/\/api.w.org\/{rel}","templated":true}]}}