{"id":42077,"date":"2021-11-16T11:24:13","date_gmt":"2021-11-16T17:24:13","guid":{"rendered":"https:\/\/redsemlac.com\/semmexico\/?p=42077"},"modified":"2023-07-21T18:51:34","modified_gmt":"2023-07-21T23:51:34","slug":"encuentro-nacional-de-danza-reflexion-hacia-nuevos-ecosistemas-en-la-creacion-dancistica","status":"publish","type":"post","link":"https:\/\/redsemlac.com\/semmexico\/encuentro-nacional-de-danza-reflexion-hacia-nuevos-ecosistemas-en-la-creacion-dancistica\/","title":{"rendered":"Encuentro Nacional de Danza reflexi\u00f3n hacia nuevos ecosistemas en la creaci\u00f3n danc\u00edstica"},"content":{"rendered":"\n<ul class=\"wp-block-list\"><li><strong>Se re\u00fanen 28 compa\u00f1\u00edas de 16 entidades del pa\u00eds<\/strong><\/li><li><strong>Se retoma el camino que la contingencia sanitaria hab\u00eda truncado<\/strong><\/li><\/ul>\n\n\n\n<p class=\"wp-block-paragraph\"><strong>Redacci\u00f3n<br><\/strong>SemM\u00e9xico, Ciudad de M\u00e9xico, 16 de noviembre, 2021.- 28 compa\u00f1\u00edas de 16 estados a trav\u00e9s de 26 impactos danc\u00edsticos, 12 presentaciones y ocho obras digitales en esta ciudad, se reunieran en el Encuentro Nacional de Danza (ENDM\u00e9xico) 2021 y el coloquio&nbsp;<em>Ecosistemas de la danza. Pr\u00e1cticas y contextos.<\/em> Las actividades que se realizan del 15 al 21 de noviembre ser\u00e1n presenciales o a distancia.<br><br>Al inaugurar en forma virtual este encuentro, la directora general del Instituto Nacional de Bellas Artes y Literatura (INBAL), Lucina Jim\u00e9nez, afirm\u00f3 que este es un momento significativo, \u201cporque retomar el camino que la contingencia sanitaria trunc\u00f3 en el \u00e1mbito de la danza es fundamental. Lo estamos haciendo, poco a poco, de manera responsable, solidaria, emp\u00e1tica, pero tambi\u00e9n de forma reflexiva\u201d.&nbsp;<\/p>\n\n\n\n<p class=\"wp-block-paragraph\"><br>En el marco de las campa\u00f1as\u00a0<strong>#VolverAVerte<\/strong>\u00a0y \u201cContigo en la distancia\u201d de la Secretar\u00eda de Cultura del Gobierno de M\u00e9xico, coment\u00f3 que \u201csin duda es un espacio de convergencia para dialogar, en las actuales circunstancias, sobre la diversidad de pr\u00e1cticas existentes en las diferentes regiones del pa\u00eds, y poder visibilizar los distintos contextos y experiencias de la producci\u00f3n danc\u00edstica mexicana\u201d. \u00a0<br><br>En esta edici\u00f3n, la cual se inscribe dentro de la celebraci\u00f3n del 75 aniversario del INBAL, participan 28 compa\u00f1\u00edas y 129 artistas de 16 estados (Aguascalientes, Baja California, Chiapas, Ciudad de M\u00e9xico, Colima, Estado de M\u00e9xico, Jalisco, Guerrero, Michoac\u00e1n, Morelos, Oaxaca, Quer\u00e9taro, Puebla, Sonora, Veracruz y Yucat\u00e1n), adem\u00e1s de invitados de seis pa\u00edses que conforman la programaci\u00f3n del Encuentro y del Coloquio. \u00a0<br><br>Por ello, la directora general del INBAL dijo que los objetivos del ENDM\u00e9xico 2021 destacan el repensar los panoramas de este campo art\u00edstico en una era de pandemia derivada del COVID-19. De ah\u00ed -dijo- la importancia de crear un marco transversal de reflexi\u00f3n, as\u00ed como un tiempo para compartir sobre los imaginarios, las estrategias, econom\u00edas e ideas que sostienen a las pr\u00e1cticas danc\u00edsticas, mediante las actividades del coloquio\u00a0<em>Ecosistemas en la Danza. Pr\u00e1cticas y contextos<\/em>.\u00a0<br><br>Al referirse a la modalidad h\u00edbrida de estas actividades, se\u00f1al\u00f3 que es\u00a0una s\u00edntesis de los aprendizajes y nuevas maneras de dialogar a distancia y en proximidad con \u201cuna nueva forma de convivencia, y de creaci\u00f3n que emergieron durante y despu\u00e9s del encierro, en el que la danza habit\u00f3 de otra manera el espacio propio: las azoteas, los patios, la calle, el campo, las pantallas y la digitalidad\u201d, agreg\u00f3. Recuperar los escenarios y la corporalidad esc\u00e9nica presencial es fundamental para la pr\u00e1ctica art\u00edstica, a partir de nuevas condiciones. Finalmente, invit\u00f3 a poner la \u201csolidaridad, la esperanza, la empat\u00eda, como base de un futuro con sentido.\u201d\u00a0<br><br>Por \u00faltimo, precis\u00f3 la alianza con el Complejo Cultural Los Pinos, as\u00ed como la colaboraci\u00f3n con las alcald\u00edas Miguel Hidalgo, Benito Ju\u00e1rez y Cuauht\u00e9moc, y el espacio esc\u00e9nico independiente Un Teatro, la cual \u201cha sido estrat\u00e9gica para fortalecer la difusi\u00f3n y circulaci\u00f3n de obras danc\u00edsticas y coreogr\u00e1ficas en sus distintas y nuevas modalidades\u201d. \u00a0<br><\/p>\n\n\n\n<div class=\"wp-block-image\"><figure class=\"aligncenter size-full\"><a href=\"https:\/\/redsemlac.com\/semmexico\/wp-content\/uploads\/2021\/11\/ENDM-2021-3.jpg\"><img loading=\"lazy\" decoding=\"async\" width=\"626\" height=\"429\" src=\"https:\/\/redsemlac.com\/semmexico\/wp-content\/uploads\/2021\/11\/ENDM-2021-3.jpg\" alt=\"\" class=\"wp-image-42078\"\/><\/a><\/figure><\/div>\n\n\n\n<p class=\"wp-block-paragraph\"><br>En la transmisi\u00f3n estuvieron presentes\u00a0el fundador y director del Ballet Folkl\u00f3rico de la Universidad de Colima, Rafael Zamarripa; Natacha Melo, representante de la Plataforma Iberoamericana de Danza; la subdirectora general de Bellas Artes, Laura Ram\u00edrez Rasgado; el director del Complejo Cultural Los Pinos, Homero Fern\u00e1ndez y la coordinadora nacional de Danza, Nina Serratos Zavala; as\u00ed como el co-director art\u00edstico de la Compa\u00f1\u00eda Nacional de Danza, Cuauht\u00e9moc N\u00e1jera; el director del Centro de Producci\u00f3n de Danza Contempor\u00e1nea, Marco Antonio Silva.\u00a0<br><br>Por su parte, la coordinadora nacional de Danza, Nina Serratos, resalt\u00f3 que este Encuentro es una plataforma de visibilidad del quehacer danc\u00edstico nacional y un espacio de convergencia para dialogar sobre la diversidad de pr\u00e1cticas existentes en las regiones del pa\u00eds. \u201cPromueve el intercambio de conocimientos, la profesionalizaci\u00f3n y el fortalecimiento de redes entre los diversos agentes participantes de la producci\u00f3n danc\u00edstica y coreogr\u00e1fica mexicana.\u201d\u00a0<br><br>En tanto, la directora de Vinculaci\u00f3n Interinstitucional del CC-Los Pinos, Amalia Galv\u00e1n, coment\u00f3 que es una gran plataforma y que el Centro Cultural Los Pinos est\u00e1 gustoso de colaborar en el Encuentro. Manifest\u00f3 que fortalecer la unidad de las instituciones es lo que permite que estos proyectos puedan impactar en la sociedad y en las comunidades, y reiter\u00f3 el apoyo de Los Pinos a esta vinculaci\u00f3n interinstitucional.\u00a0<\/p>\n\n\n\n<p class=\"wp-block-paragraph\">SEM\/sj<\/p>\n","protected":false},"excerpt":{"rendered":"<p>Se re\u00fanen 28 compa\u00f1\u00edas de 16 entidades del pa\u00eds<\/p>\n","protected":false},"author":3,"featured_media":42079,"comment_status":"open","ping_status":"open","sticky":false,"template":"","format":"standard","meta":{"_monsterinsights_skip_tracking":false,"footnotes":""},"categories":[692,45,46],"tags":[],"class_list":["post-42077","post","type-post","status-publish","format-standard","has-post-thumbnail","category-692","category-cultura","category-cultura-cultura"],"_links":{"self":[{"href":"https:\/\/redsemlac.com\/semmexico\/wp-json\/wp\/v2\/posts\/42077","targetHints":{"allow":["GET"]}}],"collection":[{"href":"https:\/\/redsemlac.com\/semmexico\/wp-json\/wp\/v2\/posts"}],"about":[{"href":"https:\/\/redsemlac.com\/semmexico\/wp-json\/wp\/v2\/types\/post"}],"author":[{"embeddable":true,"href":"https:\/\/redsemlac.com\/semmexico\/wp-json\/wp\/v2\/users\/3"}],"replies":[{"embeddable":true,"href":"https:\/\/redsemlac.com\/semmexico\/wp-json\/wp\/v2\/comments?post=42077"}],"version-history":[{"count":0,"href":"https:\/\/redsemlac.com\/semmexico\/wp-json\/wp\/v2\/posts\/42077\/revisions"}],"wp:featuredmedia":[{"embeddable":true,"href":"https:\/\/redsemlac.com\/semmexico\/wp-json\/wp\/v2\/media\/42079"}],"wp:attachment":[{"href":"https:\/\/redsemlac.com\/semmexico\/wp-json\/wp\/v2\/media?parent=42077"}],"wp:term":[{"taxonomy":"category","embeddable":true,"href":"https:\/\/redsemlac.com\/semmexico\/wp-json\/wp\/v2\/categories?post=42077"},{"taxonomy":"post_tag","embeddable":true,"href":"https:\/\/redsemlac.com\/semmexico\/wp-json\/wp\/v2\/tags?post=42077"}],"curies":[{"name":"wp","href":"https:\/\/api.w.org\/{rel}","templated":true}]}}