{"id":42030,"date":"2021-11-15T10:53:34","date_gmt":"2021-11-15T16:53:34","guid":{"rendered":"https:\/\/redsemlac.com\/semmexico\/?p=42030"},"modified":"2023-07-21T18:51:35","modified_gmt":"2023-07-21T23:51:35","slug":"violeta-del-anahuac-affidamento","status":"publish","type":"post","link":"https:\/\/redsemlac.com\/semmexico\/violeta-del-anahuac-affidamento\/","title":{"rendered":"Violeta del An\u00e1huac| Affidamento"},"content":{"rendered":"\n<p class=\"wp-block-paragraph\"><strong>Isabel Ortega Morales<\/strong><\/p>\n\n\n\n<p class=\"wp-block-paragraph\">SemM\u00e9xico, 15 de noviembre, 2021.- Creo que la diputada de MORENA, Marisol Gas\u00e9, al sacar la pancarta para intentar descalificar a la Diputada perredista Olga Luz Espinoza, ojo, omito llamar hom\u00f3loga, no escupi\u00f3 para arriba, arroj\u00f3 el pa\u00f1al con \u201cmanchas excrementicias\u201d y le cay\u00f3 en la cara revelando su groser\u00eda, su falta de sororidad, educaci\u00f3n, congruencia, su historia y la falta de affidamento.<\/p>\n\n\n\n<p class=\"wp-block-paragraph\">Marisol Gas\u00e9 dec\u00eda sentir \u201chonor\u201d para legislar para las mujeres, ni\u00f1as y artistas, en la LXVI Legislatura de la c\u00e1mara de Diputados en el a\u00f1o 2021, aunque no se conozca que hizo y a\u00fan m\u00e1s para ser reelecta.<\/p>\n\n\n\n<p class=\"wp-block-paragraph\">Ese \u201chonor\u201d la llev\u00f3 a ser la imagen y vocera de la campa\u00f1a #V\u00e1monosRespetando contra la violencia de g\u00e9nero, que coordin\u00f3 Gerardo C\u00e1ndano y en el que participaron la propia Conavim, Comisi\u00f3n Nacional para Prevenir y Erradicar la Violencia contra las mujeres, as\u00ed como otras organizaciones civiles en el que tambi\u00e9n particip\u00f3 como artista al lado de reconocidas artistas como Aracely Ar\u00e1mbula, y periodistas como Paola Rojas.<\/p>\n\n\n\n<p class=\"wp-block-paragraph\">Pero mostr\u00f3 de qu\u00e9 est\u00e1 hecha y qu\u00e9 le falta. No cuestion\u00f3 a la legisladora Olga Luz Espinoza con argumentos, no escuch\u00f3 con respeto la posici\u00f3n que enarbolaba, sino que busc\u00f3 descalificar a priori a la persona y lo hizo con lo que tiene, con groser\u00eda y falta de respeto lo que nos lleva a considerar su falta de sororidad y affidamento.<\/p>\n\n\n\n<p class=\"wp-block-paragraph\">En la historia de los Congresos los legisladores varones impulsaban la respuesta a una mujer diputada con otra mujer de su fracci\u00f3n, lo hac\u00edan para que no quedara en el \u00e1mbito del terreno de la discusi\u00f3n legislativa el tema que abordaban, sino en el \u00e1mbito de asunto de mujeres y, por lo tanto, irrelevantes. Parece que as\u00ed sigue vi\u00e9ndose.<\/p>\n\n\n\n<p class=\"wp-block-paragraph\">Cuando digo que no se\u00f1alo a la Diputada Olga como \u201chom\u00f3loga\u201d de la Diputada Marisol es porque \u00e9sta \u00faltima evidencio que no es lo mismo encabezar una lucha de igualdad sin que est\u00e9 construida como tal, mientras la legisladora ofendida, y con ello a m\u00e1s mujeres, mostr\u00f3 respeto en su respuesta y respeto a su investidura, es decir, altura.<\/p>\n\n\n\n<p class=\"wp-block-paragraph\">Dos mujeres que representan la lucha de las mujeres y han buscado su empoderamiento y autoconstrucci\u00f3n son Marcela Lagarde y Sara Lovera.<\/p>\n\n\n\n<p class=\"wp-block-paragraph\">Marcela Lagarde nos habla de la sororidad \u201cde la hermandad entre mujeres\u201d de la que dice \u201ces percibirnos como iguales que podemos aliarnos, compartir y, sobre todo, cambiar nuestra realidad\u201d.<\/p>\n\n\n\n<p class=\"wp-block-paragraph\">La Activista y Periodista Sara Lovera pide a las mujeres \u201chay que affidarnos\u201d.<\/p>\n\n\n\n<p class=\"wp-block-paragraph\">Aunque ambas expresiones parecen f\u00e1ciles de asumir, mujeres que est\u00e1n en el poder y que debieran ser ejemplo de ese apoyo tan necesario y urgente para avanzar y consolidar nos muestran que a\u00fan est\u00e1n lejos de creerlo as\u00ed. Ojala venga la disculpa p\u00fablica de la que se ha ganado el calificativo p\u00fablico de #LadyCulera, y nos muestre que podemos equivocarnos, pero que tambi\u00e9n podemos avanzar.<\/p>\n","protected":false},"excerpt":{"rendered":"<p>Creo que la diputada de MORENA, Marisol Gas\u00e9, al sacar la pancarta para intentar descalificar a la Diputada perredista Olga Luz Espinoza, ojo, omito llamar hom\u00f3loga, no escupi\u00f3 para arriba<\/p>\n","protected":false},"author":3,"featured_media":38576,"comment_status":"open","ping_status":"open","sticky":false,"template":"","format":"standard","meta":{"_monsterinsights_skip_tracking":false,"footnotes":""},"categories":[692,198,35,197],"tags":[459],"class_list":["post-42030","post","type-post","status-publish","format-standard","has-post-thumbnail","category-692","category-isabel-ortega-morales","category-opinion","category-violeta-del-anahuac","tag-opinion"],"_links":{"self":[{"href":"https:\/\/redsemlac.com\/semmexico\/wp-json\/wp\/v2\/posts\/42030","targetHints":{"allow":["GET"]}}],"collection":[{"href":"https:\/\/redsemlac.com\/semmexico\/wp-json\/wp\/v2\/posts"}],"about":[{"href":"https:\/\/redsemlac.com\/semmexico\/wp-json\/wp\/v2\/types\/post"}],"author":[{"embeddable":true,"href":"https:\/\/redsemlac.com\/semmexico\/wp-json\/wp\/v2\/users\/3"}],"replies":[{"embeddable":true,"href":"https:\/\/redsemlac.com\/semmexico\/wp-json\/wp\/v2\/comments?post=42030"}],"version-history":[{"count":0,"href":"https:\/\/redsemlac.com\/semmexico\/wp-json\/wp\/v2\/posts\/42030\/revisions"}],"wp:featuredmedia":[{"embeddable":true,"href":"https:\/\/redsemlac.com\/semmexico\/wp-json\/wp\/v2\/media\/38576"}],"wp:attachment":[{"href":"https:\/\/redsemlac.com\/semmexico\/wp-json\/wp\/v2\/media?parent=42030"}],"wp:term":[{"taxonomy":"category","embeddable":true,"href":"https:\/\/redsemlac.com\/semmexico\/wp-json\/wp\/v2\/categories?post=42030"},{"taxonomy":"post_tag","embeddable":true,"href":"https:\/\/redsemlac.com\/semmexico\/wp-json\/wp\/v2\/tags?post=42030"}],"curies":[{"name":"wp","href":"https:\/\/api.w.org\/{rel}","templated":true}]}}