{"id":42020,"date":"2021-11-15T10:41:50","date_gmt":"2021-11-15T16:41:50","guid":{"rendered":"https:\/\/redsemlac.com\/semmexico\/?p=42020"},"modified":"2023-07-21T18:51:36","modified_gmt":"2023-07-21T23:51:36","slug":"concluye-escuela-comunitaria-para-la-paz-en-region-mixe-choapam","status":"publish","type":"post","link":"https:\/\/redsemlac.com\/semmexico\/concluye-escuela-comunitaria-para-la-paz-en-region-mixe-choapam\/","title":{"rendered":"Concluye Escuela Comunitaria para la Paz en Regi\u00f3n Mixe-Choapam"},"content":{"rendered":"\n<ul class=\"wp-block-list\"><li><strong><strong>Se fortalecen liderazgos j\u00f3venes, tejidos y paz comunitaria<\/strong><\/strong><\/li><\/ul>\n\n\n\n<ul class=\"wp-block-list\"><li><strong>Educaci\u00f3n popular, la comunalidad, g\u00e9nero, el enfoque intergeneracional son algunos de los saberes que se impartieron<\/strong><\/li><\/ul>\n\n\n\n<p class=\"wp-block-paragraph\"><strong>Redacci\u00f3n<\/strong><\/p>\n\n\n\n<p class=\"wp-block-paragraph\">SemM\u00e9xico, Oaxaca, 15 de noviembre, 2021.- Al clausurar la Escuela Comunitaria para la Paz: Tejiendo Palabras, cosechando desde la Equidad y Comunalidad, Emilie De Wolf de la organizaci\u00f3n Consorcio Oaxaca, destac\u00f3 como una de las acciones m\u00e1s importantes la construcci\u00f3n de proyectos por las y los j\u00f3venes, pero, sobre todo, el fortalecimiento de sus liderazgos, de las redes y tejidos comunitarios avanzando hacia la construcci\u00f3n de paz.<\/p>\n\n\n\n<p class=\"wp-block-paragraph\">Este fin de semana termin\u00f3 el periodo de formaci\u00f3n tras tres meses de trabajo en el que participaron j\u00f3venes de diversas comunidades de la regi\u00f3n Mixe-Choapam con el acompa\u00f1amiento de autoridades comunitarias del Comit\u00e9\u0301 Regional de Recursos Naturales Mixe-Choapam, CORENAMICH.<\/p>\n\n\n\n<p class=\"wp-block-paragraph\">A lo largo del proceso formativo, fueron recuperando, compartiendo y fortaleciendo saberes para la construcci\u00f3n de paz a partir de diversos abordajes como la educaci\u00f3n popular, la comunalidad, el g\u00e9nero, el enfoque intergeneracional y la transformaci\u00f3n positiva de conflictos.<\/p>\n\n\n\n<p class=\"wp-block-paragraph\">El curso fue convocado y coordinado por CORENAMICH, el defensor de derechos humanos ayuujk Dami\u00e1n Gallardo Mart\u00ednez, el Centro de Innovaci\u00f3n Integral para el Desarrollo Rural, Kukoj S.C. (CIINDER KUKOJ) y la organizaci\u00f3n Consorcio para el Di\u00e1logo Parlamentario y la Equidad Oaxaca A.C., en el marco del Servicio Civil para la Paz y de Pan Para el Mundo. Tambi\u00e9n cont\u00f3 con el aval otorgado por la Universidad Aut\u00f3noma Benito Ju\u00e1rez.<\/p>\n\n\n\n<p class=\"wp-block-paragraph\">En el transcurso de la sesi\u00f3n de clausura, el alumnado present\u00f3 proyectos comunitarios que fueron construyendo durante todo el proceso de la Escuela, enfocados en la defensa del ma\u00edz nativo, la articulaci\u00f3n de mujeres j\u00f3venes frente a la violencia de g\u00e9nero y en la transformaci\u00f3n positiva de conflictos agrarios.<\/p>\n\n\n\n<p class=\"wp-block-paragraph\">&nbsp;\u201cLa Escuela permiti\u00f3 ampliar nuestros conocimientos en materia de g\u00e9nero, defensa del territorio y transformaci\u00f3n de conflictos, conocimientos que seguiremos replicando con las comunidades con las que trabajamos\u201d, se\u00f1al\u00f3 a su vez Eduardo Gallardo V\u00e1squez del CORENAMICH &#8211; Ciinder Kukoj.<\/p>\n\n\n\n<p class=\"wp-block-paragraph\">La ceremonia de clausura fue acompa\u00f1ada por Kristin Gebhardt, coordinadora del Servicio Civil para la Paz de Pan Para el Mundo en M\u00e9xico quien recalc\u00f3 la relevancia de esta propuesta educativa \u00fanica y de los resultados alcanzados.<\/p>\n\n\n\n<p class=\"wp-block-paragraph\">La Escuela Comunitaria para la Paz fue clausurada por el Regidor de Educaci\u00f3n de Santa Mar\u00eda Tlahuitoltepec, quien felicit\u00f3 lo que calific\u00f3 como \u201cuna grandiosa labor\u201d especialmente significativa frente a \u201cun contexto cada vez m\u00e1s complejo\u201d.<\/p>\n\n\n\n<p class=\"wp-block-paragraph\">SEM\/sj<\/p>\n","protected":false},"excerpt":{"rendered":"<p>Se fortalecen liderazgos j\u00f3venes, tejidos y paz comunitaria<\/p>\n","protected":false},"author":3,"featured_media":42021,"comment_status":"open","ping_status":"open","sticky":false,"template":"","format":"standard","meta":{"_monsterinsights_skip_tracking":false,"footnotes":""},"categories":[692,54],"tags":[146],"class_list":["post-42020","post","type-post","status-publish","format-standard","has-post-thumbnail","category-692","category-mujeres","tag-oaxaca"],"_links":{"self":[{"href":"https:\/\/redsemlac.com\/semmexico\/wp-json\/wp\/v2\/posts\/42020","targetHints":{"allow":["GET"]}}],"collection":[{"href":"https:\/\/redsemlac.com\/semmexico\/wp-json\/wp\/v2\/posts"}],"about":[{"href":"https:\/\/redsemlac.com\/semmexico\/wp-json\/wp\/v2\/types\/post"}],"author":[{"embeddable":true,"href":"https:\/\/redsemlac.com\/semmexico\/wp-json\/wp\/v2\/users\/3"}],"replies":[{"embeddable":true,"href":"https:\/\/redsemlac.com\/semmexico\/wp-json\/wp\/v2\/comments?post=42020"}],"version-history":[{"count":0,"href":"https:\/\/redsemlac.com\/semmexico\/wp-json\/wp\/v2\/posts\/42020\/revisions"}],"wp:featuredmedia":[{"embeddable":true,"href":"https:\/\/redsemlac.com\/semmexico\/wp-json\/wp\/v2\/media\/42021"}],"wp:attachment":[{"href":"https:\/\/redsemlac.com\/semmexico\/wp-json\/wp\/v2\/media?parent=42020"}],"wp:term":[{"taxonomy":"category","embeddable":true,"href":"https:\/\/redsemlac.com\/semmexico\/wp-json\/wp\/v2\/categories?post=42020"},{"taxonomy":"post_tag","embeddable":true,"href":"https:\/\/redsemlac.com\/semmexico\/wp-json\/wp\/v2\/tags?post=42020"}],"curies":[{"name":"wp","href":"https:\/\/api.w.org\/{rel}","templated":true}]}}