{"id":42018,"date":"2021-11-15T10:37:46","date_gmt":"2021-11-15T16:37:46","guid":{"rendered":"https:\/\/redsemlac.com\/semmexico\/?p=42018"},"modified":"2023-07-21T18:51:36","modified_gmt":"2023-07-21T23:51:36","slug":"tras-la-puerta-del-poder-monreal-va-por-reforma-constitucional-contra-venta-de-ninas-en-comunidades-indigenas","status":"publish","type":"post","link":"https:\/\/redsemlac.com\/semmexico\/tras-la-puerta-del-poder-monreal-va-por-reforma-constitucional-contra-venta-de-ninas-en-comunidades-indigenas\/","title":{"rendered":"Tras la puerta del poder| Monreal va por reforma constitucional contra venta de ni\u00f1as en comunidades ind\u00edgenas"},"content":{"rendered":"\n<p class=\"wp-block-paragraph\"><strong>Roberto Vizca\u00edno<\/strong><strong><\/strong><\/p>\n\n\n\n<p class=\"wp-block-paragraph\">SemM\u00e9xico, 15 de noviembre, 2021.- El hecho es, siempre ha sido en M\u00e9xico, no s\u00f3lo en comunidades ind\u00edgenas sino rurales atrasadas, una constante inocultable. Se tramita en su mayor\u00eda entre padres, y los intercambios se realizan a trav\u00e9s de dinero, ganado o hasta licor.<\/p>\n\n\n\n<p class=\"wp-block-paragraph\">Al amparo de la figura de usos y costumbres y bajo el supuesto del derecho de la defensa de las culturas y tradiciones originales, las ni\u00f1as son entregadas por sus propios padres o familiares a sus compradores.<\/p>\n\n\n\n<p class=\"wp-block-paragraph\">Las historias sin fin de esta pr\u00e1ctica infame dependen centralmente de una inacci\u00f3n c\u00f3mplice del poder p\u00fablico, de los Presidentes de la Rep\u00fablica, de los gobernadores, de los alcaldes y de todos quienes forman la estructura del Gobierno y del Estado.<\/p>\n\n\n\n<p class=\"wp-block-paragraph\">La venta de ni\u00f1as ocurre tambi\u00e9n -hay que decirlo- en ese espacio de pasividad social c\u00f3mplice del&nbsp;<em>dejar hacer, dejar pasar<\/em>&nbsp;que supone un respeto a costumbres ancestrales de pueblos originarios y que no es m\u00e1s que algo abominable que no debe ser tolerado m\u00e1s.<\/p>\n\n\n\n<p class=\"wp-block-paragraph\">Es por ello que ahora, dice&nbsp;<strong>Ricardo Monreal<\/strong>, va por una reforma con constitucional que ataje y termine con la venta de ni\u00f1as en comunidades ind\u00edgenas.<\/p>\n\n\n\n<p class=\"wp-block-paragraph\">Es una pr\u00e1ctica, afirma, que constituye una violaci\u00f3n de los derechos humanos de ni\u00f1as y adolescentes, que afectan su desarrollo y el ejercicio de sus derechos humanos a la salud y a la educaci\u00f3n.<\/p>\n\n\n\n<p class=\"wp-block-paragraph\">La autonom\u00eda de las comunidades ind\u00edgenas afirma, debe garantizarse en todo momento, pero bajo el principio de que los llamados usos y costumbres&nbsp;<strong><em>no pueden estar por encima de los derechos de las menores<\/em><\/strong>.<\/p>\n\n\n\n<p class=\"wp-block-paragraph\">El zacatecano indic\u00f3 que conf\u00eda en que los obst\u00e1culos que se presentan hoy en el Legislativo no impidan la aprobaci\u00f3n de su iniciativa que es esencial para salvaguardar la integridad y derechos de ni\u00f1as y adolescentes esencialmente en pueblos y comunidades ind\u00edgenas.<\/p>\n\n\n\n<p class=\"wp-block-paragraph\">Para ello, adelant\u00f3, se propondr\u00e1 reformar el art\u00edculo 2 de la Constituci\u00f3n, a fin de establecer que, sin dem\u00e9rito del derecho de los pueblos y las comunidades originarias a la libre determinaci\u00f3n, estos pueblos deber\u00e1n respetar el inter\u00e9s superior de ni\u00f1as, ni\u00f1os y adolescentes, sin que se puedan justificar pr\u00e1cticas de compraventa por usos y costumbres.<\/p>\n\n\n\n<p class=\"wp-block-paragraph\"><strong>Cumplieron,&nbsp;<em>duerman con la conciencia tranquila<\/em><\/strong><\/p>\n\n\n\n<p class=\"wp-block-paragraph\">Ese fue el mensaje del presidente&nbsp;<strong>Andr\u00e9s Manuel L\u00f3pez Obrador por redes sociales<\/strong>&nbsp;a los 273 disputados de Morena, PT y Verde que a las 2:13 de la madrugada del domingo aprobaron finalmente, y sin moverle una coma, al presupuesto de egresos para 2022 por 7.08 billones de pesos que ir\u00e1n esencialmente a terminar las obras del tabasque\u00f1o en 2 Bocas, Tren Maya y Aeropuerto de Santa Luc\u00eda y a alimentar los programas asistenciales de entrega de dinero a 25 millones de mexicanos.<\/p>\n\n\n\n<p class=\"wp-block-paragraph\">La aprobaci\u00f3n se dio a pesar de 214 votos en contra y 0 abstenciones, y luego de una confrontaci\u00f3n que dur\u00f3 4 d\u00edas en la tribuna de San L\u00e1zaro desde d\u00f3nde se lanzaron cataratas de maldiciones y ofensas, especialmente de diputadas de Morena, Verde y PT contra las de PAN, PRI, PRD y MC y en las que hubo amagos, empujones y fuertes provocaciones.<\/p>\n\n\n\n<p class=\"wp-block-paragraph\">En ese lapso, las&nbsp;<strong>mil 994 reservas presentadas por PAN, PRI, PRD y MC fueron desechadas por la mayor\u00eda aplastante del oficialismo sin siquiera el m\u00e1s m\u00ednimo debate o exposici\u00f3n de razones y argumentos.<\/strong><\/p>\n\n\n\n<p class=\"wp-block-paragraph\"><strong>Al final qued\u00f3 claro que justamente eso se quer\u00eda: mostrar que el gobierno de Andr\u00e9s Manuel L\u00f3pez Obrador y sus instrumentos legislativos, las fracciones de Morena, Verde y PT no van a darle ning\u00fan espacio, ni a ceder en nada que pidan PRI, PAN, PRD y MC.<\/strong><\/p>\n\n\n\n<p class=\"wp-block-paragraph\"><strong>La fuerza de la mayor\u00eda contra cualquier raz\u00f3n.<\/strong><\/p>\n\n\n\n<p class=\"wp-block-paragraph\"><strong>Tampoco se cedi\u00f3 en nada ante peticiones de alcaldes, gobernadores, asociaciones y organizaciones sociales.<\/strong><\/p>\n\n\n\n<p class=\"wp-block-paragraph\"><strong>La base social apoya a AMLO. As\u00ed lo indican las encuestas que lo colocan con 65 por ciento de preferencias. A eso se atienen el tabasque\u00f1o y sus aliados.<\/strong><\/p>\n\n\n\n<p class=\"wp-block-paragraph\">Y h\u00e1ganle como quieran.<\/p>\n\n\n\n<p class=\"wp-block-paragraph\">&nbsp;&#8230;.<a href=\"mailto:rvizcainoa@gmail.com\" target=\"_blank\" rel=\"noreferrer noopener\">rvizcainoa@gmail.com<\/a>&nbsp;\/ Twitter: @_Vizcaino \/ Facebook \/&nbsp;<a href=\"https:\/\/www.facebook.com\/rvizcainoa\" target=\"_blank\" rel=\"noreferrer noopener\">https:\/\/www.facebook.com\/rvizcainoa<\/a>&nbsp;<\/p>\n","protected":false},"excerpt":{"rendered":"<p> El hecho es, siempre ha sido en M\u00e9xico, no s\u00f3lo en comunidades ind\u00edgenas sino rurales atrasadas, una constante inocultable.<\/p>\n","protected":false},"author":3,"featured_media":39589,"comment_status":"open","ping_status":"open","sticky":false,"template":"","format":"standard","meta":{"_monsterinsights_skip_tracking":false,"footnotes":""},"categories":[692,35,623,622],"tags":[459],"class_list":["post-42018","post","type-post","status-publish","format-standard","has-post-thumbnail","category-692","category-opinion","category-roberto-vizcaino","category-tras-la-puerta-del-poder","tag-opinion"],"_links":{"self":[{"href":"https:\/\/redsemlac.com\/semmexico\/wp-json\/wp\/v2\/posts\/42018","targetHints":{"allow":["GET"]}}],"collection":[{"href":"https:\/\/redsemlac.com\/semmexico\/wp-json\/wp\/v2\/posts"}],"about":[{"href":"https:\/\/redsemlac.com\/semmexico\/wp-json\/wp\/v2\/types\/post"}],"author":[{"embeddable":true,"href":"https:\/\/redsemlac.com\/semmexico\/wp-json\/wp\/v2\/users\/3"}],"replies":[{"embeddable":true,"href":"https:\/\/redsemlac.com\/semmexico\/wp-json\/wp\/v2\/comments?post=42018"}],"version-history":[{"count":0,"href":"https:\/\/redsemlac.com\/semmexico\/wp-json\/wp\/v2\/posts\/42018\/revisions"}],"wp:featuredmedia":[{"embeddable":true,"href":"https:\/\/redsemlac.com\/semmexico\/wp-json\/wp\/v2\/media\/39589"}],"wp:attachment":[{"href":"https:\/\/redsemlac.com\/semmexico\/wp-json\/wp\/v2\/media?parent=42018"}],"wp:term":[{"taxonomy":"category","embeddable":true,"href":"https:\/\/redsemlac.com\/semmexico\/wp-json\/wp\/v2\/categories?post=42018"},{"taxonomy":"post_tag","embeddable":true,"href":"https:\/\/redsemlac.com\/semmexico\/wp-json\/wp\/v2\/tags?post=42018"}],"curies":[{"name":"wp","href":"https:\/\/api.w.org\/{rel}","templated":true}]}}