{"id":41903,"date":"2021-11-12T14:30:18","date_gmt":"2021-11-12T20:30:18","guid":{"rendered":"https:\/\/redsemlac.com\/semmexico\/?p=41903"},"modified":"2023-07-21T18:51:39","modified_gmt":"2023-07-21T23:51:39","slug":"para-recordar-a-sor-juana-ines-de-la-cruz-charla-virtual-a-cargo-de-la-historiadora-gisela-von-wobeser","status":"publish","type":"post","link":"https:\/\/redsemlac.com\/semmexico\/para-recordar-a-sor-juana-ines-de-la-cruz-charla-virtual-a-cargo-de-la-historiadora-gisela-von-wobeser\/","title":{"rendered":"Para recordar a Sor Juana In\u00e9s de la Cruz, charla virtual a cargo de la historiadora Gisela von Wobeser"},"content":{"rendered":"\n<ul class=\"wp-block-list\"><li><strong>Ser\u00e1 este viernes 12 y versar\u00e1 sobre el libro&nbsp;<\/strong><strong><em>Vida de sor Juana In\u00e9s de la Cruz<\/em><\/strong><strong>&nbsp;<\/strong><\/li><\/ul>\n\n\n\n<p class=\"wp-block-paragraph\"><strong>Redacci\u00f3n<\/strong><\/p>\n\n\n\n<p class=\"wp-block-paragraph\">SemM\u00e9xico, Cd. de M\u00e9xico, 12 de noviembre, 2021.- Hoy recuerdan a Juana de Asbaje, mejor conocida como sor Juana In\u00e9s de la Cruz, a 370 a\u00f1os de su natalicio, con dos actividades virtuales, en el marco de la campa\u00f1a Contigo en la Distancia, organizado por la Secretar\u00eda de Cultura del Gobierno de M\u00e9xico y el Instituto Nacional de Bellas Artes y Literatura (INBAL), a trav\u00e9s de la Coordinaci\u00f3n Nacional de Literatura (CNL).,&nbsp;<\/p>\n\n\n\n<p class=\"wp-block-paragraph\">Esta conmemoraci\u00f3n estar\u00e1 a cargo de la historiadora Gisela von Wobeser, quien &nbsp;&nbsp;se adentrar\u00e1 en la vida de Juana In\u00e9s de Asbaje Ram\u00edrez de Santillana\u200b<em>,<\/em>&nbsp;desde su ni\u00f1ez, etapa en la que ya mostraba una \u201cpoderosa inclinaci\u00f3n a las letras\u201d, as\u00ed como su ingreso al convento de San Jer\u00f3nimo, su adopci\u00f3n de un estilo de vida moderno y las razones por las que logr\u00f3 una estabilidad econ\u00f3mica.&nbsp;<\/p>\n\n\n\n<p class=\"wp-block-paragraph\">De igual forma, har\u00e1 un recorrido breve por las obras y autores que conformaban la biblioteca de sor Juana, adem\u00e1s de su inclinaci\u00f3n por el saber universal y multidisciplinario. Tambi\u00e9n hablar\u00e1 sobre sus relaciones cortesanas y su cercan\u00eda con los intelectuales m\u00e1s prominentes de su tiempo. Finalmente, abordar\u00e1 el papel que jug\u00f3 en el Siglo de Oro espa\u00f1ol y su incursi\u00f3n en el campo de la teolog\u00eda.&nbsp;<\/p>\n\n\n\n<p class=\"wp-block-paragraph\">Por su parte, la coordinadora nacional de Literatura del INBAL, Leticia Luna Aguilar, recordar\u00e1 la vida y obra de la D\u00e9cima Musa, as\u00ed como a los cr\u00edticos y escritores que, durante el siglo XX, promovieron su difusi\u00f3n como una de las escritoras m\u00e1s relevantes en lengua castellana de todos los tiempos. Ambas actividades virtuales pueden ser consultadas en la cuenta de Facebook.&nbsp;<\/p>\n\n\n\n<p class=\"wp-block-paragraph\">La Secretar\u00eda de Cultura informa que&nbsp; el pasado martes 9 de noviembre, a trav\u00e9s de la cuenta de Facebook de la CNL (<a href=\"https:\/\/www.facebook.com\/coordinacion.literatura.mx\" target=\"_blank\" rel=\"noreferrer noopener\">\/coordinacion.literatura.mx<\/a>) se transmiti\u00f3 la c\u00e1psula&nbsp;<em>Sor Juana In\u00e9s de la Cruz y la arquitectura sagrada<\/em>, en la que particip\u00f3 L\u00e1zaro Frutis.&nbsp;<\/p>\n\n\n\n<p class=\"wp-block-paragraph\">El arquitecto especialista en restauraci\u00f3n de monumentos hist\u00f3ricos dio cuenta de c\u00f3mo la escritora novohispana se acerc\u00f3 a la arquitectura y dedic\u00f3 algunos poemas a los procesos del quehacer de la disciplina, como el arco triunfal descrito en su texto en prosa&nbsp;<em>Neptuno aleg\u00f3rico<\/em>&nbsp;que, de acuerdo con Octavio Paz, estaba ubicado frente a la puerta poniente de la Catedral Metropolitana.&nbsp;<\/p>\n\n\n\n<p class=\"wp-block-paragraph\">\u201cEn 1676, sor Juana escribi\u00f3 un villancico que se cant\u00f3 en la Catedral Metropolitana dedicado a las iglesias de los conventos de monjas, como La Concepci\u00f3n, Santa Mar\u00eda de Gracia, Porta Coeli, Las Mercedes y Regina\u201d, se\u00f1al\u00f3 Frutis.&nbsp;<\/p>\n\n\n\n<p class=\"wp-block-paragraph\">Agreg\u00f3 que sor Juana se interes\u00f3 por la arquitectura sagrada como el arte de proyectar armon\u00eda con el universo: \u201cSon obras que vibran al comp\u00e1s de la naturaleza y el cosmos, donde subyacen, emergen, descienden y ascienden esos c\u00f3digos como huella digital de la creaci\u00f3n con la misma proporci\u00f3n divina\u201d.&nbsp;<\/p>\n\n\n\n<p class=\"wp-block-paragraph\">Para finalizar, explic\u00f3 c\u00f3mo funcionaban los conventos femeninos en la \u00e9poca virreinal con fotograf\u00edas y planos del templo y exconvento de San Jer\u00f3nimo, construido en el siglo XVI (hoy Universidad del Claustro de Sor Juana),<em>&nbsp;<\/em>catalogado Patrimonio Cultural de la Humanidad, donde vivi\u00f3 la poeta novohispana entre 1669 y 1695. Asimismo, present\u00f3 una reconstrucci\u00f3n hipot\u00e9tica de lo que fue la celda y casa habitaci\u00f3n de la&nbsp;<em>D\u00e9cima Musa<\/em>.<\/p>\n\n\n\n<p class=\"wp-block-paragraph\">El recuerdo de Sorjuana, en el marco de la campa\u00f1a \u201cContigo en la distancia\u201d,&nbsp; se trasmitir\u00e1 este viernes 12 de noviembre, a las 17:00 horas, en la cuenta de Facebook de la CNL (<a href=\"https:\/\/www.facebook.com\/coordinacion.literatura.mx\" target=\"_blank\" rel=\"noreferrer noopener\">\/coordinacion.literatura.mx<\/a>). Es la c\u00e1psula literaria en torno al libro&nbsp;<em>Vida de sor Juana In\u00e9s de la Cruz<\/em>&nbsp;(2021), de la historiadora Gisela von Wobeser.&nbsp;<\/p>\n\n\n\n<p class=\"wp-block-paragraph\"><strong>Redes sociales<\/strong>&nbsp;<\/p>\n\n\n\n<p class=\"wp-block-paragraph\">Se pueden seguir las redes sociales del INBAL en Instagram (@INBAMX), Facebook (\/INBAmx) y Twitter (@bellasartesinba).&nbsp;<\/p>\n\n\n\n<p class=\"wp-block-paragraph\">Sigue las redes sociales de la Secretar\u00eda de Cultura en Twitter (@cultura_mx), Facebook (\/SecretariaCulturaMX) e Instagram (@culturamx).&nbsp;<\/p>\n","protected":false},"excerpt":{"rendered":"<p>Ser\u00e1 este viernes 12 y versar\u00e1 sobre el libro\u00a0Vida de sor Juana In\u00e9s de la Cruz\u00a0<\/p>\n","protected":false},"author":3,"featured_media":41904,"comment_status":"open","ping_status":"open","sticky":false,"template":"","format":"standard","meta":{"_monsterinsights_skip_tracking":false,"footnotes":""},"categories":[692,45,46],"tags":[],"class_list":["post-41903","post","type-post","status-publish","format-standard","has-post-thumbnail","category-692","category-cultura","category-cultura-cultura"],"_links":{"self":[{"href":"https:\/\/redsemlac.com\/semmexico\/wp-json\/wp\/v2\/posts\/41903","targetHints":{"allow":["GET"]}}],"collection":[{"href":"https:\/\/redsemlac.com\/semmexico\/wp-json\/wp\/v2\/posts"}],"about":[{"href":"https:\/\/redsemlac.com\/semmexico\/wp-json\/wp\/v2\/types\/post"}],"author":[{"embeddable":true,"href":"https:\/\/redsemlac.com\/semmexico\/wp-json\/wp\/v2\/users\/3"}],"replies":[{"embeddable":true,"href":"https:\/\/redsemlac.com\/semmexico\/wp-json\/wp\/v2\/comments?post=41903"}],"version-history":[{"count":0,"href":"https:\/\/redsemlac.com\/semmexico\/wp-json\/wp\/v2\/posts\/41903\/revisions"}],"wp:featuredmedia":[{"embeddable":true,"href":"https:\/\/redsemlac.com\/semmexico\/wp-json\/wp\/v2\/media\/41904"}],"wp:attachment":[{"href":"https:\/\/redsemlac.com\/semmexico\/wp-json\/wp\/v2\/media?parent=41903"}],"wp:term":[{"taxonomy":"category","embeddable":true,"href":"https:\/\/redsemlac.com\/semmexico\/wp-json\/wp\/v2\/categories?post=41903"},{"taxonomy":"post_tag","embeddable":true,"href":"https:\/\/redsemlac.com\/semmexico\/wp-json\/wp\/v2\/tags?post=41903"}],"curies":[{"name":"wp","href":"https:\/\/api.w.org\/{rel}","templated":true}]}}