{"id":41900,"date":"2021-11-11T22:14:36","date_gmt":"2021-11-12T04:14:36","guid":{"rendered":"https:\/\/redsemlac.com\/semmexico\/?p=41900"},"modified":"2023-07-21T18:51:39","modified_gmt":"2023-07-21T23:51:39","slug":"susana-harp-se-registra-como-aspirante-de-morena-a-la-gubernatura-de-oaxaca","status":"publish","type":"post","link":"https:\/\/redsemlac.com\/semmexico\/susana-harp-se-registra-como-aspirante-de-morena-a-la-gubernatura-de-oaxaca\/","title":{"rendered":"Susana Harp se registra como aspirante de morena a la gubernatura de Oaxaca"},"content":{"rendered":"\n<ul class=\"wp-block-list\"><li><strong>Se compromete a construir un gobierno basado en los principios de no mentir, no robar y no traicionar al pueblo.<\/strong><\/li><\/ul>\n\n\n\n<p class=\"wp-block-paragraph\"><strong>Redacci\u00f3n<\/strong><\/p>\n\n\n\n<p class=\"wp-block-paragraph\">SemM\u00e9xico, Oaxaca, 11 de noviembre, 2021. \u2013 La Senadora Susana Harp Iturribarr\u00eda, se registr\u00f3 como candidata a la gubernatura por el partido morena en Oaxaca, con el compromiso de construir un gobierno honesto y transparente que haga frente a la corrupci\u00f3n y a funcionarios corruptos.<\/p>\n\n\n\n<p class=\"wp-block-paragraph\">En entrevista, posterior a su registro, la congresista indic\u00f3 que Oaxaca merece un gobierno que sirva al pueblo y no llegue a servirse a beneficio propio, un gobierno sin corrupci\u00f3n\u201d.<\/p>\n\n\n\n<p class=\"wp-block-paragraph\">Dijo que, busca ser la abanderada de morena, con el objetivo de consolidar la transformaci\u00f3n que tanto se requiere para el progreso de la entidad.<\/p>\n\n\n\n<p class=\"wp-block-paragraph\">Harp Iturribarr\u00eda, consider\u00f3 que, las y los oaxaque\u00f1os, tienen el leg\u00edtimo derecho de aspirar a servirle a Oaxaca. Sin embargo, dijo, debe existir congruencia y hacerlo bajo los principios de \u201cno mentir, no robar y no traicionar al pueblo\u201d.<\/p>\n\n\n\n<p class=\"wp-block-paragraph\">&nbsp;\u201cEn Oaxaca estamos listas y listos para construir un gobierno que honre la grandeza y la diversidad de esta tierra; que trabaje a favor de quienes menos tienen y a favor de quienes hist\u00f3ricamente han sido ignorados\u201d, se\u00f1al\u00f3 la tambi\u00e9n presidenta de cultura en el Senado de la Rep\u00fablica.<\/p>\n\n\n\n<p class=\"wp-block-paragraph\">La tambi\u00e9n Presidenta de Cultura en el Senado de la Rep\u00fablica, ha destacado por su trabajo legislativo en la lucha por el reconocimiento de los derechos de las y los habitantes de los pueblos y comunidades afromexicanas.<\/p>\n\n\n\n<p class=\"wp-block-paragraph\">De igual forma la ha caracterizado su trabajo para enfrentar a las grandes empresas trasnacionales, y as\u00ed evitar el plagio de textiles tradicionales para generar mayores oportunidades para las familias artesanas.<\/p>\n\n\n\n<p class=\"wp-block-paragraph\">Entre otras reformas a la ley, la Senadora Morenista, propuso y logr\u00f3, la modificaci\u00f3n de la Ley Federal del Derecho de Autor, con el objetivo de impedir que cualquier persona, f\u00edsica o moral, pueda explotar con fines de lucro y sin contraprestaciones, las obras artesanales y de la cultura popular.<\/p>\n\n\n\n<p class=\"wp-block-paragraph\">SEM\/sj<\/p>\n","protected":false},"excerpt":{"rendered":"<p>Se compromete a construir un gobierno basado en los principios de no mentir, no robar y no traicionar al pueblo.<\/p>\n","protected":false},"author":3,"featured_media":41901,"comment_status":"open","ping_status":"open","sticky":false,"template":"","format":"standard","meta":{"_monsterinsights_skip_tracking":false,"footnotes":""},"categories":[692,54],"tags":[146],"class_list":["post-41900","post","type-post","status-publish","format-standard","has-post-thumbnail","category-692","category-mujeres","tag-oaxaca"],"_links":{"self":[{"href":"https:\/\/redsemlac.com\/semmexico\/wp-json\/wp\/v2\/posts\/41900","targetHints":{"allow":["GET"]}}],"collection":[{"href":"https:\/\/redsemlac.com\/semmexico\/wp-json\/wp\/v2\/posts"}],"about":[{"href":"https:\/\/redsemlac.com\/semmexico\/wp-json\/wp\/v2\/types\/post"}],"author":[{"embeddable":true,"href":"https:\/\/redsemlac.com\/semmexico\/wp-json\/wp\/v2\/users\/3"}],"replies":[{"embeddable":true,"href":"https:\/\/redsemlac.com\/semmexico\/wp-json\/wp\/v2\/comments?post=41900"}],"version-history":[{"count":0,"href":"https:\/\/redsemlac.com\/semmexico\/wp-json\/wp\/v2\/posts\/41900\/revisions"}],"wp:featuredmedia":[{"embeddable":true,"href":"https:\/\/redsemlac.com\/semmexico\/wp-json\/wp\/v2\/media\/41901"}],"wp:attachment":[{"href":"https:\/\/redsemlac.com\/semmexico\/wp-json\/wp\/v2\/media?parent=41900"}],"wp:term":[{"taxonomy":"category","embeddable":true,"href":"https:\/\/redsemlac.com\/semmexico\/wp-json\/wp\/v2\/categories?post=41900"},{"taxonomy":"post_tag","embeddable":true,"href":"https:\/\/redsemlac.com\/semmexico\/wp-json\/wp\/v2\/tags?post=41900"}],"curies":[{"name":"wp","href":"https:\/\/api.w.org\/{rel}","templated":true}]}}