{"id":41895,"date":"2021-11-11T16:12:56","date_gmt":"2021-11-11T22:12:56","guid":{"rendered":"https:\/\/redsemlac.com\/semmexico\/?p=41895"},"modified":"2023-07-21T18:51:40","modified_gmt":"2023-07-21T23:51:40","slug":"trabajo-legislativo-13-con-perspectiva-de-genero","status":"publish","type":"post","link":"https:\/\/redsemlac.com\/semmexico\/trabajo-legislativo-13-con-perspectiva-de-genero\/","title":{"rendered":"Trabajo legislativo 13 % con perspectiva de g\u00e9nero"},"content":{"rendered":"\n<p class=\"wp-block-paragraph\">Soledad Jarqu\u00edn Edgar<\/p>\n\n\n\n<p class=\"wp-block-paragraph\">SemM\u00e9xico, 11 de noviembre, 2021.- Este s\u00e1bado habr\u00e1 terminado el periodo de la LXIV Legislatura del Congreso de Oaxaca, llamada Legislatura de la Paridad, una donde hubo 23 diputadas de 42 que la conforman. Ellas, tambi\u00e9n estuvieron al frente de la mayor\u00eda de las comisiones, pero en el poder-poder de la Junta de Coordinaci\u00f3n Pol\u00edtica, fueron dos, una de ellas destituida por sus propias compa\u00f1eras y compa\u00f1eros de partido.<\/p>\n\n\n\n<p class=\"wp-block-paragraph\">El saldo de la gesti\u00f3n de las diputadas de la Legislatura de la Paridad fue bueno en cuanto a las propuestas que llegaron a buen puerto y que, aunque no lo crean, son parte de la historia de las mujeres de Oaxaca por aprobar el aborto legal hasta la semana n\u00famero doce. Una lucha feminista de a\u00f1os, lo que convirti\u00f3 a Oaxaca en el n\u00famero dos del pa\u00eds en reconocer ese derecho de las mujeres, tambi\u00e9n se elimin\u00f3 de la Constituci\u00f3n Pol\u00edtica del Estado de Oaxaca el reconocimiento y protecci\u00f3n del producto desde la fecundaci\u00f3n y se modific\u00f3 la ley de Salud para garantizar la atenci\u00f3n de las mujeres que deseen abortar. Todo esto a pesar de la derecha militante e institucionalizada que se opuso hasta el \u00faltimo momento.&nbsp;<\/p>\n\n\n\n<p class=\"wp-block-paragraph\">A diferencia de quienes dijeron que las diputadas respond\u00edan a intereses del \u201cdemonio\u201d, del comunismo o de quien sabe qui\u00e9n, se busc\u00f3 garantizar un derecho negado por a\u00f1os a las mujeres, su derecho a decidir. Adem\u00e1s, por supuesto, esta demanda social se convierte en una forma de proteger su vida. Recordemos que el aborto penalizado en la ley y estigmatizado por la sociedad, orill\u00f3 a cientos de mujeres a interrumpir un embarazo en las peores condiciones. Lo que signific\u00f3 la muerte para cientos de mujeres, en tanto otras sufrieron mutilaciones o discapacidades. Bueno, con las modificaciones legales nada de eso debe ocurrir ya. Es cosa de tiempo.<\/p>\n\n\n\n<p class=\"wp-block-paragraph\">En esta diputaci\u00f3n, con una mayor\u00eda de Morena, se aprobaron casi 700 \u201casuntos con perspectiva de g\u00e9nero\u201d, entre iniciativas, puntos de acuerdo y dict\u00e1menes. Parecer\u00eda mucho \u00bfverdad? Y aunque tendr\u00edamos que echar las campanas al vuelo, esos casi 700 asuntos con perspectiva de g\u00e9nero representan apenas el 13 por ciento del total \u201cde asuntos\u201d que pasaron por el congreso, donde para no dejar, diremos que el 87 por ciento de las iniciativas eran ciegas o sin carga de g\u00e9nero. Bueno sabemos que no eran las iniciativas sino quienes las miraban. Congreso prehist\u00f3rico en tiempos de la igualdad.&nbsp;<\/p>\n\n\n\n<p class=\"wp-block-paragraph\">Y no s\u00f3lo eso, hubo acciones inocuas. Como la creaci\u00f3n de la Comisi\u00f3n Especial de Seguimiento a la Atenci\u00f3n de V\u00edctimas de los casos de violencia por raz\u00f3n de g\u00e9nero y feminicidios en el estado. Nombre rimbombante para una comisi\u00f3n que la verdad pas\u00f3 de noche desde su creaci\u00f3n.<\/p>\n\n\n\n<p class=\"wp-block-paragraph\">Por otro lado, fue evidente que, a pesar de ser mayor\u00eda, las diputadas respondieron en asuntos vitales a los intereses pol\u00edticos de sus grupos parlamentarios. El hecho m\u00e1s evidente ocurri\u00f3 con el nombramiento de los Magistrados del Tribunal Superior de Justicia de Oaxaca y otros que se dieron como el nombramiento del Fiscal General. Esa subordinaci\u00f3n, un asunto de g\u00e9nero que tendr\u00e1n que de-construir en sus vidas para ser mejores cada d\u00eda, eso s\u00ed que ni qu\u00e9.<\/p>\n\n\n\n<p class=\"wp-block-paragraph\">Desde comisiones se sab\u00eda que las propuestas estaban plagadas de irregularidad, algunos de esos personajes eran simplemente inelegibles por la Ley, pero poco o nada les import\u00f3, incluso la advertencia que hicieron madres de v\u00edctimas, feministas y mujeres con conciencia de g\u00e9nero. Como en los viejos tiempos cuando el ejecutivo priista ordenaba a los legisladores priistas. As\u00ed respondi\u00f3 el Congreso de Oaxaca, a pesar de tener una mayor\u00eda morenista sirvi\u00f3 al inter\u00e9s del gobernador priistas.&nbsp;<\/p>\n\n\n\n<p class=\"wp-block-paragraph\">\u00bfLo sabr\u00e1 el presidente? Porque no s\u00e9 qu\u00e9 es peor, casarse fuera del pa\u00eds, invitar a personas non gratas para el presidente, subirse a aviones privados\u2026o ser de Morena y servir al viejo r\u00e9gimen priista, e irse como se ha dicho con cuestionamientos serios de corrupci\u00f3n, como sucede con el presidente de la Jucopo, el morenista Fredie Delf\u00edn Avenda\u00f1o, acusado medi\u00e1ticamente de desviar recursos p\u00fabicos. Otra basurita en el arroz que arruina estos tres a\u00f1os es la detenci\u00f3n reciente del diputado priista Gustavo NN presuntamente vinculado al narco. Por cierto, quienes saben dicen que Gustavo NN es operador pol\u00edtico del exgobernador y padre del actual gobernador de Oaxaca, Jos\u00e9 Murat.<\/p>\n\n\n\n<p class=\"wp-block-paragraph\">Sin duda, esta fue una legislatura de grandes sorpresas. Habr\u00e1 nuevos cap\u00edtulos en esta novela que como ya es costumbre en M\u00e9xico, termina con acusaciones criminales y de las cuales ha sido imposible la sustracci\u00f3n por parte de quienes integran la LXIV Legislatura. Todav\u00eda faltan otras y otros que ser\u00e1n llamados a cuentas por sus acciones del pasado. Todo depende del Fiscal General de Oaxaca.<\/p>\n\n\n\n<p class=\"wp-block-paragraph\">Luego hablamos de quienes llegan a la LXV Legislatura tambi\u00e9n con pasados interesantes, priistas con buenos colmillos, pero con pasados truculentos.<\/p>\n","protected":false},"excerpt":{"rendered":"<p>Soledad Jarqu\u00edn Edgar SemM\u00e9xico, 11 de noviembre, 2021.- Este s\u00e1bado habr\u00e1 terminado el periodo de la LXIV Legislatura del Congreso de Oaxaca, llamada Legislatura de la Paridad, una donde hubo 23 diputadas de 42 que la conforman. Ellas, tambi\u00e9n estuvieron al frente de la mayor\u00eda de las comisiones, pero en el poder-poder de la Junta [&hellip;]<\/p>\n","protected":false},"author":3,"featured_media":8460,"comment_status":"open","ping_status":"open","sticky":false,"template":"","format":"standard","meta":{"_monsterinsights_skip_tracking":false,"footnotes":""},"categories":[692,96,35,75],"tags":[],"class_list":["post-41895","post","type-post","status-publish","format-standard","has-post-thumbnail","category-692","category-mujeres-y-politica","category-opinion","category-soledad-jarquin-edgar"],"_links":{"self":[{"href":"https:\/\/redsemlac.com\/semmexico\/wp-json\/wp\/v2\/posts\/41895","targetHints":{"allow":["GET"]}}],"collection":[{"href":"https:\/\/redsemlac.com\/semmexico\/wp-json\/wp\/v2\/posts"}],"about":[{"href":"https:\/\/redsemlac.com\/semmexico\/wp-json\/wp\/v2\/types\/post"}],"author":[{"embeddable":true,"href":"https:\/\/redsemlac.com\/semmexico\/wp-json\/wp\/v2\/users\/3"}],"replies":[{"embeddable":true,"href":"https:\/\/redsemlac.com\/semmexico\/wp-json\/wp\/v2\/comments?post=41895"}],"version-history":[{"count":0,"href":"https:\/\/redsemlac.com\/semmexico\/wp-json\/wp\/v2\/posts\/41895\/revisions"}],"wp:featuredmedia":[{"embeddable":true,"href":"https:\/\/redsemlac.com\/semmexico\/wp-json\/wp\/v2\/media\/8460"}],"wp:attachment":[{"href":"https:\/\/redsemlac.com\/semmexico\/wp-json\/wp\/v2\/media?parent=41895"}],"wp:term":[{"taxonomy":"category","embeddable":true,"href":"https:\/\/redsemlac.com\/semmexico\/wp-json\/wp\/v2\/categories?post=41895"},{"taxonomy":"post_tag","embeddable":true,"href":"https:\/\/redsemlac.com\/semmexico\/wp-json\/wp\/v2\/tags?post=41895"}],"curies":[{"name":"wp","href":"https:\/\/api.w.org\/{rel}","templated":true}]}}