{"id":41886,"date":"2021-11-11T15:43:29","date_gmt":"2021-11-11T21:43:29","guid":{"rendered":"https:\/\/redsemlac.com\/semmexico\/?p=41886"},"modified":"2023-07-21T18:51:40","modified_gmt":"2023-07-21T23:51:40","slug":"sutnotimex-pide-a-gobernacion-abrir-dialogo-para-solucionar-huelga-de-20-meses","status":"publish","type":"post","link":"https:\/\/redsemlac.com\/semmexico\/sutnotimex-pide-a-gobernacion-abrir-dialogo-para-solucionar-huelga-de-20-meses\/","title":{"rendered":"SutNotimex pide a Gobernaci\u00f3n abrir di\u00e1logo para solucionar huelga de 20 meses"},"content":{"rendered":"\n<p class=\"wp-block-paragraph\">Han sufrido 7 intentos de romper su huelga reconocida por las autoridades laborales<\/p>\n\n\n\n<p class=\"wp-block-paragraph\">Acusan, en mitin en Bucareli, a Sanjuana Mart\u00ednez Montemayor de violar los derechos sistem\u00e1ticamente<\/p>\n\n\n\n<p class=\"wp-block-paragraph\">Redacci\u00f3n<\/p>\n\n\n\n<p class=\"wp-block-paragraph\">SemM\u00e9xico, Cd. de M\u00e9xico, 11 de noviembre, 2021.- Integrantes del Sindicato \u00danico de Trabajadores de Notimex (SutNotimex) pidieron ayer, en mitin frente a la Secretar\u00eda de Gobernaci\u00f3n (Segob) abrir el di\u00e1logo para solucionar la huelga de Notimex, Agencia de Noticias del Estado Mexicano, que lleva m\u00e1s de 20 meses, pese a las reiteradas instrucciones del presidente Andr\u00e9s Manuel L\u00f3pez Obrador para concluir el conflicto.<\/p>\n\n\n\n<p class=\"wp-block-paragraph\">Con banderas rojinegras y mantas, las y los trabajadores expresaron su inter\u00e9s para que se ayude a cumplir con el ordenamiento del primer mandatario del pa\u00eds y se pueda levantar el conflicto laboral con estricto apego a la Ley.<\/p>\n\n\n\n<p class=\"wp-block-paragraph\">Las y los integrantes del SutNotimex insistieron en la necesidad de retomar las mesas de negociaci\u00f3n de alto nivel, ya que el alargamiento de la huelga tiene un impacto significativo en el erario, adem\u00e1s de que se atenta contra los principios b\u00e1sicos de la reforma laboral, uno de los principales logros de esta administraci\u00f3n.<\/p>\n\n\n\n<p class=\"wp-block-paragraph\">Ante la falta de disposici\u00f3n de la directora de Notimex, Sanjuana Mart\u00ednez Montemayor, para dialogar y alcanzar un acuerdo con el sindicato, la huelga estall\u00f3 el 21 de febrero de 2019 y hoy es la m\u00e1s larga en la historia del pa\u00eds en un organismo p\u00fablico.<\/p>\n\n\n\n<p class=\"wp-block-paragraph\">La huelga fue declarada legalmente existente por parte de la autoridad laboral, ante la cual se acreditaron violaciones a m\u00e1s de 30 cl\u00e1usulas del Contrato Colectivo de Trabajo, en las que se incluyen despidos injustificados.<\/p>\n\n\n\n<p class=\"wp-block-paragraph\">Sin embargo, pese a los ordenamientos de la Junta Federal de Conciliaci\u00f3n y Arbitraje, la directora de Notimex act\u00faa sin reconocer las resoluciones jur\u00eddicas y los llamados del presidente Andr\u00e9s Manuel L\u00f3pez Obrador para resolver el conflicto.<\/p>\n\n\n\n<p class=\"wp-block-paragraph\">Desde el estallamiento de huelga a la fecha, periodistas y personal de Notimex, dijeron, han enfrentado ataques por parte de la funcionaria p\u00fablica, al menos siete intentos de romper la huelga, entre los que se ha buscado la confrontaci\u00f3n, el uso de la Fiscal\u00eda General de la Rep\u00fablica y la Guardia Nacional, entre otras instancias, por acusaciones falsas.<\/p>\n\n\n\n<p class=\"wp-block-paragraph\">En la actualidad, las y los trabajadores, en su mayor\u00eda mujeres, mantienen cuatro campamentos, pese a la falta de recursos econ\u00f3micos, inclemencias del tiempo y la pandemia del Covid-19.<\/p>\n","protected":false},"excerpt":{"rendered":"<p>Han sufrido 7 intentos de romper su huelga reconocida por las autoridades laborales Acusan, en mitin en Bucareli, a Sanjuana Mart\u00ednez Montemayor de violar los derechos sistem\u00e1ticamente Redacci\u00f3n SemM\u00e9xico, Cd. de M\u00e9xico, 11 de noviembre, 2021.- Integrantes del Sindicato \u00danico de Trabajadores de Notimex (SutNotimex) pidieron ayer, en mitin frente a la Secretar\u00eda de Gobernaci\u00f3n [&hellip;]<\/p>\n","protected":false},"author":3,"featured_media":41887,"comment_status":"open","ping_status":"open","sticky":false,"template":"","format":"standard","meta":{"_monsterinsights_skip_tracking":false,"footnotes":""},"categories":[692,55],"tags":[],"class_list":["post-41886","post","type-post","status-publish","format-standard","has-post-thumbnail","category-692","category-periodistas"],"_links":{"self":[{"href":"https:\/\/redsemlac.com\/semmexico\/wp-json\/wp\/v2\/posts\/41886","targetHints":{"allow":["GET"]}}],"collection":[{"href":"https:\/\/redsemlac.com\/semmexico\/wp-json\/wp\/v2\/posts"}],"about":[{"href":"https:\/\/redsemlac.com\/semmexico\/wp-json\/wp\/v2\/types\/post"}],"author":[{"embeddable":true,"href":"https:\/\/redsemlac.com\/semmexico\/wp-json\/wp\/v2\/users\/3"}],"replies":[{"embeddable":true,"href":"https:\/\/redsemlac.com\/semmexico\/wp-json\/wp\/v2\/comments?post=41886"}],"version-history":[{"count":0,"href":"https:\/\/redsemlac.com\/semmexico\/wp-json\/wp\/v2\/posts\/41886\/revisions"}],"wp:featuredmedia":[{"embeddable":true,"href":"https:\/\/redsemlac.com\/semmexico\/wp-json\/wp\/v2\/media\/41887"}],"wp:attachment":[{"href":"https:\/\/redsemlac.com\/semmexico\/wp-json\/wp\/v2\/media?parent=41886"}],"wp:term":[{"taxonomy":"category","embeddable":true,"href":"https:\/\/redsemlac.com\/semmexico\/wp-json\/wp\/v2\/categories?post=41886"},{"taxonomy":"post_tag","embeddable":true,"href":"https:\/\/redsemlac.com\/semmexico\/wp-json\/wp\/v2\/tags?post=41886"}],"curies":[{"name":"wp","href":"https:\/\/api.w.org\/{rel}","templated":true}]}}