{"id":41860,"date":"2021-11-10T14:49:01","date_gmt":"2021-11-10T20:49:01","guid":{"rendered":"https:\/\/redsemlac.com\/semmexico\/?p=41860"},"modified":"2023-07-21T18:51:41","modified_gmt":"2023-07-21T23:51:41","slug":"imss-sin-atender-un-solo-aborto-por-violacion-sexual-en-10-anos-gire","status":"publish","type":"post","link":"https:\/\/redsemlac.com\/semmexico\/imss-sin-atender-un-solo-aborto-por-violacion-sexual-en-10-anos-gire\/","title":{"rendered":"IMSS, sin atender un solo aborto por violaci\u00f3n sexual en 10 a\u00f1os: GIRE"},"content":{"rendered":"\n<ul class=\"wp-block-list\"><li><strong>La organizaci\u00f3n present\u00f3 informe sobre derecho a decidir de mujeres y personas gestantes 2021<\/strong><\/li><li><strong>No brindaron un solo servicio de aborto legal los estados de Oaxaca, Colima y Quer\u00e9taro<\/strong><strong>&nbsp;que por violaci\u00f3n sexual es un derecho<\/strong><\/li><\/ul>\n\n\n\n<p class=\"wp-block-paragraph\"><strong>Adriana Lobo<\/strong><\/p>\n\n\n\n<p class=\"wp-block-paragraph\">SemM\u00e9xico\/La Lista, Cd. de M\u00e9xico, 10 de noviembre, 2021.-, En los \u00faltimos 10 a\u00f1os, el&nbsp;Instituto Mexicano del Seguro Social y los estados de Oaxaca, Colima y Quer\u00e9taro&nbsp;no han brindado un solo servicio de aborto legal por violaci\u00f3n sexual, a pesar de ser un derecho en materia de salud reproductiva, reporta GIRE.<\/p>\n\n\n\n<p class=\"wp-block-paragraph\">En su informe \u201cEl camino hacia la justicia reproductiva: una d\u00e9cada de avances y pendientes\u201d, el&nbsp;Grupo de Informaci\u00f3n en Reproducci\u00f3n Elegida&nbsp;(<a href=\"https:\/\/gire.org.mx\/\" target=\"_blank\" rel=\"noreferrer noopener\">GIRE<\/a>) da cuenta de los indicadores en materia de justicia reproductiva para las mujeres en M\u00e9xico.<\/p>\n\n\n\n<p class=\"wp-block-paragraph\">En \u00e9l destaca que ha habido un total de&nbsp;487 casos de aborto legal por violaci\u00f3n sexual&nbsp;atendidos en los \u00faltimos 10 a\u00f1os. De estos, ninguno ocurri\u00f3 en los tres estados ni en el IMSS, la principal instituci\u00f3n de servicios de salud p\u00fablica en M\u00e9xico,&nbsp;<a href=\"https:\/\/www.inegi.org.mx\/temas\/derechohabiencia\/\" target=\"_blank\" rel=\"noreferrer noopener\">al atender al 50% de la poblaci\u00f3n<\/a>.<\/p>\n\n\n\n<p class=\"wp-block-paragraph\">El ISSSTE y la Secretar\u00eda de Salud federal&nbsp;no respondieron a las solicitudes de informaci\u00f3n formuladas por GIRE con respecto a los casos de aborto legal asistidos por casos de violaci\u00f3n sexual, respondieron otra cosa o dijeron que esa informaci\u00f3n era inexistente. Lo mismo ocurri\u00f3 en el caso de los estados de&nbsp;Quintana Roo, Chiapas, Hidalgo y Morelos.<\/p>\n\n\n\n<p class=\"wp-block-paragraph\">De 2016 a septiembre de 2021, las cifras de incidencia delictiva del Secretariado Ejecutivo del sistema Nacional de Seguridad P\u00fablica indican que hubo&nbsp;<a href=\"https:\/\/www.gob.mx\/sesnsp\/acciones-y-programas\/incidencia-delictiva-del-fuero-comun-nueva-metodologia?state=published\" target=\"_blank\" rel=\"noreferrer noopener\">73 mil 787 denuncias por violaci\u00f3n simple en todo el pa\u00eds<\/a>, de los cuales.<\/p>\n\n\n\n<p class=\"wp-block-paragraph\">El informe destaca que las reformas en materia de salud y la Norma Oficial Mexicana 046&nbsp;garantiza el acceso al aborto en casos de violaci\u00f3n y sexual y reconocen que la denuncia es un derecho de la v\u00edctima, mas no una obligaci\u00f3n, por lo que no debe ser un requisito para el acceso a los servicios de salud, como el aborto.<\/p>\n\n\n\n<p class=\"wp-block-paragraph\">\u201cSin embargo,&nbsp;el desconocimiento de estas disposiciones por parte de las autoridades, del personal de salud y de algunos juzgadores, ha actuado como un obst\u00e1culo para el acceso a estos servicios\u201d, advierte el informe.<\/p>\n\n\n\n<p class=\"wp-block-paragraph\">En el caso del aborto, el informe de GIRE destaca las sentencias de septiembre de 2021 de la Suprema Corte de Justicia de la Naci\u00f3n (SCJN) que declar\u00f3 inconstitucional la criminalizaci\u00f3n del aborto de manera absoluta en todo el pa\u00eds, para las personas gestantes.<\/p>\n\n\n\n<p class=\"wp-block-paragraph\">En cuanto a criminalizaci\u00f3n, se destaca que hubo un registro de&nbsp;3 mil 656 denuncias por delito de aborto, de 2010 a 2020. De estos casos, s\u00f3lo hay 380 registros de juicios penales y que en ese mismo lapso&nbsp;hubo 28 mujeres en prisi\u00f3n definitiva.<\/p>\n\n\n\n<p class=\"wp-block-paragraph\">Asimismo, enfatiza que la regulaci\u00f3n de la objeci\u00f3n de conciencia que decidi\u00f3 la Corte, es parte fundamental para acceder al derecho a decidir y proteger a v\u00edctimas de violaci\u00f3n sexual, pues de 2010 a 2020, se contabilizaron 487 abortos legales, un servicio que se debe dar en casos de v\u00edctimas que hayan quedado embarazas a consecuencia de este delito.<\/p>\n\n\n\n<h2 class=\"wp-block-heading\"><strong>La pandemia aument\u00f3 la frecuencia de ces\u00e1reas en M\u00e9xico a niveles r\u00e9cord<\/strong><\/h2>\n\n\n\n<p class=\"wp-block-paragraph\">Durante el a\u00f1o de la pandemia de Covid-19, por primera vez hubo un mayor n\u00famero de ces\u00e1reas que partos en M\u00e9xico.<\/p>\n\n\n\n<p class=\"wp-block-paragraph\">En 2020, el 50% de los nacimientos registrados en M\u00e9xico se atendieron por ces\u00e1rea, lo que representa tres veces m\u00e1s el tope m\u00e1ximo del 15% que establece la Organizaci\u00f3n Mundial de la Salud.<\/p>\n\n\n\n<p class=\"wp-block-paragraph\">Una de las causas de este alto n\u00famero de ces\u00e1reas se debe a&nbsp;una mala gesti\u00f3n de los recursos de salud, lo que genera violencia obst\u00e9trica, indica el informe de GIRE. Tambi\u00e9n las malas condiciones del sistema de salud, y el impacto que tuvo la pandemia en los servicios que se ofrecen, generaron un incremento en la Raz\u00f3n de Mortalidad Materna.<\/p>\n\n\n\n<p class=\"wp-block-paragraph\">&nbsp;\u201cHa permanecido desaprovechado el primer nivel de atenci\u00f3n de la salud para la atenci\u00f3n de partos de bajo riesgo, el segundo y el tercer nivel se encuentran saturados, con consecuencias como un alto n\u00famero de ces\u00e1reas injustificadas, insuficiencia de infraestructura, equipo, insumos y personal capacitado\u201d, dice el informe.<\/p>\n\n\n\n<p class=\"wp-block-paragraph\">El informe confirma que la Raz\u00f3n de Mortalidad Materna para 2021 tiene una \u201cregresi\u00f3n de cerca de una d\u00e9cada\u201d, pues en 2010, hab\u00edan 51.5 muertes por cada 100 mil nacidos y para abril de 2020, la cifra era de 27.1 muertes por cada 100 mil beb\u00e9s reci\u00e9n nacidos pero este a\u00f1o, se han registrado 50.8 muertes por cada 100 mil nacimientos hasta la semana epidemiol\u00f3gica 16.<\/p>\n\n\n\n<p class=\"wp-block-paragraph\"><em>La Lista<\/em>&nbsp;dio a conocer este mes que durante el 2020, M\u00e9xico registr\u00f3 su&nbsp;<a href=\"https:\/\/la-lista.com\/genero\/2021\/10\/29\/2020-muertes-maternas-15-anos\" target=\"_blank\" rel=\"noreferrer noopener\">peor cifra de&nbsp;muertes maternas<\/a>&nbsp;en los \u00faltimos 15 a\u00f1os, con un total de mil 186 fallecimientos de mujeres por esta causa, un incremento del 36.7% respecto al 2019.<\/p>\n\n\n\n<p class=\"wp-block-paragraph\">\u201cAl desgaste del sistema de salud hay que agregar efectos de la pandemia por Covid-19, que ha disminuido las opciones de las mujeres para recibir atenci\u00f3n m\u00e9dica prenatal y durante el parto y ha llevado a un aumento significativo de los casos de muerte materna en el pa\u00eds\u201d, dice el informe del GIRE.<\/p>\n\n\n\n<h2 class=\"wp-block-heading\"><strong>La pandemia afect\u00f3 a mujeres que trabajan<\/strong><\/h2>\n\n\n\n<p class=\"wp-block-paragraph\">La vida laboral de las mujeres tambi\u00e9n se vio afectada durante la pandemia por Covid-19, pues han sido las personas m\u00e1s afectadas en cuanto a sus derechos laborales durante la emergencia sanitaria, lo que les dificulta el acceso a servicios de guarder\u00eda gratuitos, aunado a la&nbsp;desaparici\u00f3n en 2019 del Programa de Estancias Infantiles para Madres Trabajadoras.<\/p>\n\n\n\n<p class=\"wp-block-paragraph\">\u201cDurante la pandemia, la tasa de ocupaci\u00f3n de los hombres disminuy\u00f3 un 6.5%, mientras que la de las mujeres lo hizo un 14.1%. Hasta 2021, el Estado mexicano ha ratificado 81 convenios de la OIT sobre seguridad social, de los cuales 67 est\u00e1n en vigor\u201d.<\/p>\n\n\n\n<p class=\"wp-block-paragraph\">Adem\u00e1s, desde un a\u00f1o antes, hab\u00eda desaparecido el Programa de Estancias Infantiles para Apoyar a Madres Trabajadoras enfocado a familias sin acceso a seguridad social, lo que represent\u00f3 cierres en un importante n\u00famero de estancias enfocadas a familias sin seguridad social, se\u00f1ala el informe.<\/p>\n\n\n\n<h2 class=\"wp-block-heading\">Esterilizaci\u00f3n forzada en M\u00e9xico y muertes por violencia obst\u00e9trica<\/h2>\n\n\n\n<p class=\"wp-block-paragraph\">Entre los casos que ha documentado y asesorado GIRE, se encuentran algunos que han llegado hasta la SCJN con impugnaciones por falta de acceso a servicios o violencia obst\u00e9trica.<\/p>\n\n\n\n<p class=\"wp-block-paragraph\">El de Sonia de 31 a\u00f1os es un ejemplo. Ella acudi\u00f3 a tener a su beb\u00e9 en un hospital del IMSS pero en este sitio le condicionaron la atenci\u00f3n para que aceptara esterilizarse.<\/p>\n\n\n\n<p class=\"wp-block-paragraph\">\u201cDos d\u00edas despu\u00e9s de haber ingresado, le informaron que le har\u00edan ces\u00e1rea. Una doctora le condicion\u00f3 la atenci\u00f3n m\u00e9dica a la firma de un consentimiento para que le realizaran la Oclusi\u00f3n Tubaria Bilateral (m\u00e9todo de anticoncepci\u00f3n permanente)\u201d, relata el informe de GIRE.<\/p>\n\n\n\n<p class=\"wp-block-paragraph\">Tras la denuncia, los ministros de la Suprema Corte concluyeron que se viol\u00f3 su derecho a la integridad personal cuando se le condicion\u00f3 una esterilizaci\u00f3n no consentida y determinaron que hubo violencia de g\u00e9nero y violencia obst\u00e9trica. Sonia fue una de las mujeres v\u00edctimas de anticoncepci\u00f3n forzada, que un 13.95% de las mujeres reconoci\u00f3 haber sufrido, seg\u00fan la ENDIREH 2016.<\/p>\n\n\n\n<p class=\"wp-block-paragraph\">Otro caso de violencia obst\u00e9trica, acompa\u00f1ado por el GIRE, es el de Susana, una mujer de 26 a\u00f1os, ind\u00edgena tzotzil, que acudi\u00f3 al hospital de la mujer en San Crist\u00f3bal de las Casas, Chiapas, para practicarse una ces\u00e1rea, pero acab\u00f3 falleciendo sin explicaci\u00f3n para su familia.<\/p>\n\n\n\n<p class=\"wp-block-paragraph\">\u201cDesde que lleg\u00f3 (al hospital) fue v\u00edctima de maltratos por parte del personal\u201d, describe el informe del GIRE. Por su caso, el 17 de julio de ese a\u00f1o la Comisi\u00f3n Nacional de Derechos Humanos emiti\u00f3 una recomendaci\u00f3n a las autoridades.<\/p>\n\n\n\n<p class=\"wp-block-paragraph\">El informe sobre la \u00faltima d\u00e9cada y el periodo de pandemia en M\u00e9xico cita estad\u00edsticas, sentencias ganadas en favor de los derechos de las mujeres y documenta la situaci\u00f3n que persiste en las diferentes entidades del pa\u00eds sobre aborto, violencia obst\u00e9trica, muerte materna, vida laboral, reproductiva y reproducci\u00f3n asistida.<\/p>\n","protected":false},"excerpt":{"rendered":"<p>La organizaci\u00f3n present\u00f3 informe sobre derecho a decidir de mujeres y personas gestantes 2021<\/p>\n","protected":false},"author":3,"featured_media":41861,"comment_status":"open","ping_status":"open","sticky":false,"template":"","format":"standard","meta":{"_monsterinsights_skip_tracking":false,"footnotes":""},"categories":[692,54],"tags":[149],"class_list":["post-41860","post","type-post","status-publish","format-standard","has-post-thumbnail","category-692","category-mujeres","tag-mujeres"],"_links":{"self":[{"href":"https:\/\/redsemlac.com\/semmexico\/wp-json\/wp\/v2\/posts\/41860","targetHints":{"allow":["GET"]}}],"collection":[{"href":"https:\/\/redsemlac.com\/semmexico\/wp-json\/wp\/v2\/posts"}],"about":[{"href":"https:\/\/redsemlac.com\/semmexico\/wp-json\/wp\/v2\/types\/post"}],"author":[{"embeddable":true,"href":"https:\/\/redsemlac.com\/semmexico\/wp-json\/wp\/v2\/users\/3"}],"replies":[{"embeddable":true,"href":"https:\/\/redsemlac.com\/semmexico\/wp-json\/wp\/v2\/comments?post=41860"}],"version-history":[{"count":0,"href":"https:\/\/redsemlac.com\/semmexico\/wp-json\/wp\/v2\/posts\/41860\/revisions"}],"wp:featuredmedia":[{"embeddable":true,"href":"https:\/\/redsemlac.com\/semmexico\/wp-json\/wp\/v2\/media\/41861"}],"wp:attachment":[{"href":"https:\/\/redsemlac.com\/semmexico\/wp-json\/wp\/v2\/media?parent=41860"}],"wp:term":[{"taxonomy":"category","embeddable":true,"href":"https:\/\/redsemlac.com\/semmexico\/wp-json\/wp\/v2\/categories?post=41860"},{"taxonomy":"post_tag","embeddable":true,"href":"https:\/\/redsemlac.com\/semmexico\/wp-json\/wp\/v2\/tags?post=41860"}],"curies":[{"name":"wp","href":"https:\/\/api.w.org\/{rel}","templated":true}]}}