{"id":41812,"date":"2021-11-09T16:07:30","date_gmt":"2021-11-09T22:07:30","guid":{"rendered":"https:\/\/redsemlac.com\/semmexico\/?p=41812"},"modified":"2023-07-21T18:51:43","modified_gmt":"2023-07-21T23:51:43","slug":"solalinde-dice-que-no-le-hara-el-juego-a-quienes-manipulan-por-intereses-politico","status":"publish","type":"post","link":"https:\/\/redsemlac.com\/semmexico\/solalinde-dice-que-no-le-hara-el-juego-a-quienes-manipulan-por-intereses-politico\/","title":{"rendered":"Solalinde dice que no le har\u00e1 el juego a quienes manipulan por intereses pol\u00edtico"},"content":{"rendered":"\n<p class=\"wp-block-paragraph\"><strong>* Asegura que hay quienes quieren desacreditar a AMLO<\/strong><\/p>\n\n\n\n<p class=\"wp-block-paragraph\"><strong>* Llega caravana migrante al Istmo en Oaxaca<\/strong><\/p>\n\n\n\n<p class=\"wp-block-paragraph\"><strong>Patricia Brise\u00f1o<\/strong><\/p>\n\n\n\n<p class=\"wp-block-paragraph\">SemM\u00e9xico, Oaxaca, Integrantes de la \u201cCaravana por la Libertad, la Dignidad y la Paz\u201d conformada por migrantes, en su mayor\u00eda centroamericanos, llegaron al Parque Central Municipal de Chahuites, en la zona oriente de la regi\u00f3n del Istmo de Tehuantepec, Oaxaca.<\/p>\n\n\n\n<p class=\"wp-block-paragraph\">El sacerdote y defensor de los derechos humanos, Alejandro Solalinde Guerra adelant\u00f3 que el albergue \u201cHermanos en el Camino\u00bb, ubicado en Ciudad Ixtepec, no recibir\u00e1 a ninguno de los participantes de esta caravana, en caso de que lo soliciten.<\/p>\n\n\n\n<p class=\"wp-block-paragraph\">&nbsp;\u201cCon gusto atenderemos a personas o grupos, pero no en caravana\u201d, dijo.<\/p>\n\n\n\n<p class=\"wp-block-paragraph\">El pasado fin de semana, el presb\u00edtero refiri\u00f3 que \u201cno le har\u00e1 el juego a quienes la manipulan por intereses pol\u00edticos y econ\u00f3micos de los Estados Unidos\u201d.<\/p>\n\n\n\n<p class=\"wp-block-paragraph\">Solalinde Guerra se\u00f1al\u00f3 a la organizaci\u00f3n Pueblo Sin Fronteras y su director Irineo M\u00fajica Arzate, por \u201cpresionar a las y los migrantes de la caravana a no aceptar las visas humanitarias ofrecidas por el gobierno federal para acreditar su estancia regular en M\u00e9xico, porque tienen el prop\u00f3sito de desacreditar al presidente Andr\u00e9s Manuel L\u00f3pez Obrador\u201d.<\/p>\n\n\n\n<p class=\"wp-block-paragraph\">Aunque, tambi\u00e9n se\u00f1al\u00f3 que esta organizaci\u00f3n se \u201caprovecha\u201d de la mala conducci\u00f3n del tema migratorio en M\u00e9xico, para organizar las caravanas migrantes y promover esos intereses capitalistas de los Estados Unidos.<\/p>\n\n\n\n<p class=\"wp-block-paragraph\">Las personas migrantes han tenido dificultades para avanzar, pues solo recorren un aproximado de 20 kil\u00f3metros por d\u00eda en su lenta marcha, debido a la falta de transporte que pudiera llevarlos a la Ciudad de M\u00e9xico y, posteriormente, a la frontera con la Uni\u00f3n Americana.<\/p>\n\n\n\n<p class=\"wp-block-paragraph\">La tarde del domingo, la caravana de migrantes procedente de Chiapas ingres\u00f3 a territorio oaxaque\u00f1o, lo que llev\u00f3 a la interrupci\u00f3n del tr\u00e1fico de veh\u00edculos en la carretera de Arriaga, Chiapas, a Los Corazones, San Pedro Tapanatepec y posteriormente al municipio de Chahuites, Oaxaca.<\/p>\n\n\n\n<p class=\"wp-block-paragraph\">La Secretar\u00eda de Seguridad P\u00fablica del Estado, a trav\u00e9s de la Polic\u00eda Vial participa en el operativo coordinado por el Instituto Nacional de Migraci\u00f3n y la Guardia Nacional.<\/p>\n\n\n\n<p class=\"wp-block-paragraph\">SEM\/pb<\/p>\n","protected":false},"excerpt":{"rendered":"<p>Asegura que hay quienes quieren desacreditar a AMLO<\/p>\n","protected":false},"author":3,"featured_media":41813,"comment_status":"open","ping_status":"open","sticky":false,"template":"","format":"standard","meta":{"_monsterinsights_skip_tracking":false,"footnotes":""},"categories":[692,52],"tags":[],"class_list":["post-41812","post","type-post","status-publish","format-standard","has-post-thumbnail","category-692","category-hombres"],"_links":{"self":[{"href":"https:\/\/redsemlac.com\/semmexico\/wp-json\/wp\/v2\/posts\/41812","targetHints":{"allow":["GET"]}}],"collection":[{"href":"https:\/\/redsemlac.com\/semmexico\/wp-json\/wp\/v2\/posts"}],"about":[{"href":"https:\/\/redsemlac.com\/semmexico\/wp-json\/wp\/v2\/types\/post"}],"author":[{"embeddable":true,"href":"https:\/\/redsemlac.com\/semmexico\/wp-json\/wp\/v2\/users\/3"}],"replies":[{"embeddable":true,"href":"https:\/\/redsemlac.com\/semmexico\/wp-json\/wp\/v2\/comments?post=41812"}],"version-history":[{"count":0,"href":"https:\/\/redsemlac.com\/semmexico\/wp-json\/wp\/v2\/posts\/41812\/revisions"}],"wp:featuredmedia":[{"embeddable":true,"href":"https:\/\/redsemlac.com\/semmexico\/wp-json\/wp\/v2\/media\/41813"}],"wp:attachment":[{"href":"https:\/\/redsemlac.com\/semmexico\/wp-json\/wp\/v2\/media?parent=41812"}],"wp:term":[{"taxonomy":"category","embeddable":true,"href":"https:\/\/redsemlac.com\/semmexico\/wp-json\/wp\/v2\/categories?post=41812"},{"taxonomy":"post_tag","embeddable":true,"href":"https:\/\/redsemlac.com\/semmexico\/wp-json\/wp\/v2\/tags?post=41812"}],"curies":[{"name":"wp","href":"https:\/\/api.w.org\/{rel}","templated":true}]}}