{"id":41798,"date":"2021-11-09T12:16:23","date_gmt":"2021-11-09T18:16:23","guid":{"rendered":"https:\/\/redsemlac.com\/semmexico\/?p=41798"},"modified":"2023-07-21T18:51:43","modified_gmt":"2023-07-21T23:51:43","slug":"entresemana-oscar-el-pulcro-democrata-y-patriota","status":"publish","type":"post","link":"https:\/\/redsemlac.com\/semmexico\/entresemana-oscar-el-pulcro-democrata-y-patriota\/","title":{"rendered":"Entresemana| \u00d3scar el pulcro, dem\u00f3crata y patriota\u2026"},"content":{"rendered":"\n<p class=\"wp-block-paragraph\">Mois\u00e9s S\u00e1nchez Lim\u00f3n<br>SemM\u00e9xico, 9 de noviembre, 2021.- Ver y escuchar para creer.<br>Ocurri\u00f3 el pasado viernes 05 de noviembre, en el pleno de la C\u00e1mara de Diputados cuando subieron a tribuna personajes que se presume representan a un sector de la poblaci\u00f3n y se asumen honestos, educados, pulcros, dem\u00f3cratas y patriotas. Pero, \u00a1sopas!<\/p>\n\n\n\n<p class=\"wp-block-paragraph\">Bueno, bueno, hay negros en el arroz, que no negritos por el tama\u00f1o de su proeza para dejar mal parados y paradas a sus pares. De pena ajena, andan por la vida enga\u00f1ando a la ciudadan\u00eda o, en todo caso, mostr\u00e1ndose en la desnudez del primitivismo pol\u00edtico.<\/p>\n\n\n\n<p class=\"wp-block-paragraph\">Porros verbales. Y \u00d3scar Cant\u00f3n Zetina es la revelaci\u00f3n de la LXV Legislatura y se alza en el mimetismo de la praxis de Gerardo Fern\u00e1ndez Noro\u00f1a, dupla que confunde disenso con injuria.<\/p>\n\n\n\n<p class=\"wp-block-paragraph\">Cant\u00f3n como Su Alteza Seren\u00edsima que presume haber estudiado en la Facultad de Ciencias Pol\u00edticas y Sociales de la UNAM, pero nunca se le vio en la que conocimos como \u201cla escuelita\u201d ni mucho menos en la cafeter\u00eda. Declara haber cursado la carrera de \u201cCiencias de la Comunicaci\u00f3n\u201d, cuando la carrera se denominaba Periodismo y Comunicaci\u00f3n Colectiva.<\/p>\n\n\n\n<p class=\"wp-block-paragraph\">\u00bfSer\u00e1 que el licenciado Cant\u00f3n Zetina se equivoc\u00f3 de escuela y curs\u00f3 la carrera por correo en los Institutos Patrulla de aquellos d\u00edas?<\/p>\n\n\n\n<p class=\"wp-block-paragraph\">Lo cierto es que \u00d3scar como el Duce Andr\u00e9s Manuel, no iba a la Universidad porque se la pasaba en la militancia y el chambismo priista. Por ejemplo, en 1972, cuando deb\u00eda estar rumbo a la UNAM era consejero universitario de la Universidad Ju\u00e1rez Aut\u00f3noma de Tabasco; y en 1974 ya cobraba como jefe de divulgaci\u00f3n de la Aseguradora Nacional Agr\u00edcola y Ganadera, S.A.<\/p>\n\n\n\n<p class=\"wp-block-paragraph\">Y luego, \u00a1caray!, ese mismo a\u00f1o, 1974, ascendi\u00f3 a jefe de la secci\u00f3n de gestor\u00eda de la Direcci\u00f3n General de Asuntos Jur\u00eddicos de la Secretar\u00eda de la Presidencia de la Rep\u00fablica. Y, \u00bfser\u00e1 que lo corrieron?, en el mismo 1974 se fue como jefe de secci\u00f3n en la Biblioteca del Congreso de la Uni\u00f3n.<\/p>\n\n\n\n<p class=\"wp-block-paragraph\">\u00bfYa pintaba para legislador pero no estudiaba?<\/p>\n\n\n\n<p class=\"wp-block-paragraph\">Cuesti\u00f3n de recordar que el licenciado \u00d3scar Cant\u00f3n ha sido dos veces diputado federal, lo es por tercera ocasi\u00f3n como plurinominal en la actual LXV Legislatura; en 2009, cuando fue perredista, el Tribunal Electoral del Poder Judicial de la Federaci\u00f3n le neg\u00f3 la diputaci\u00f3n federal plurinominal&#8211;, una vez diputado local y dos veces senador, am\u00e9n de que en 2018 fue candidato del PVEM al gobierno de Tabasco.<\/p>\n\n\n\n<p class=\"wp-block-paragraph\">Pero, le cuento, casualmente y por motivos harto personales, el 20 de junio de 2018 renunci\u00f3 a la candidatura, en realidad le quitaron la candidatura porque dos d\u00edas antes se hab\u00eda sumado ni m\u00e1s ni menos que a la campa\u00f1a de Ad\u00e1n Augusto L\u00f3pez Hern\u00e1ndez, abanderado por Morena y finalmente gobernador, cargo al que, cosas de la vida, solicit\u00f3 licencia para incorporarse al gabinetazo del Duce como secretario de Gobernaci\u00f3n.<\/p>\n\n\n\n<p class=\"wp-block-paragraph\">As\u00ed, la suerte ha sonre\u00eddo al licenciado Cant\u00f3n porque le dieron una chambita como delegado de Morena en Veracruz y ahora goza de la diputaci\u00f3n plurinominal. \u00a1Caray! La suerte del bien relacionado machuch\u00f3n con hartas palancas, como en aquellos d\u00edas cuando dizque estudiaba en la UNAM y con 20 a\u00f1os de edad cobraba como jefe en el gobierno priista de Luis Echeverr\u00eda \u00c1lvarez.<\/p>\n\n\n\n<p class=\"wp-block-paragraph\">Pero, vaya, hoy paga esa buena palanca y se alza como un diputado federal que defiende, parafraseando a Don Pepe L\u00f3pez Portillo con aquello de defender al peso como un perro, defiende a la causa de Morena y, por supuesto, a Su Alteza Seren\u00edsima Andr\u00e9s Manuel Primero.<\/p>\n\n\n\n<p class=\"wp-block-paragraph\">\u00a1Faltaba m\u00e1s!<\/p>\n\n\n\n<p class=\"wp-block-paragraph\">Sin duda, entre 500 legisladoras y legisladores federales que integran a la C\u00e1mara de Diputados hay sin duda ciudadanos de bien, educados y correctos, conocedores de las leyes aunque hay quienes no saben que la Constituci\u00f3n Pol\u00edtica de los Estados Unidos Mexicanos est\u00e1 integrada por 136 art\u00edculos y 19 transitorios, contenidos en 9 t\u00edtulos. En serio.<\/p>\n\n\n\n<p class=\"wp-block-paragraph\">Una sacudida a la memoria siempre es un recurso socorrido para que a los vivos y sedicentes dem\u00f3cratas no se les olvide su nacencia pol\u00edtica. Por ejemplo, el licenciado Cant\u00f3n form\u00f3 parte de aquella bancada del PRI en la LVI Legislatura, criticada por haber aprobado el incremento del IVA de 10 a 15 por ciento. Recuerdos de la Roque se\u00f1al, festejada por el dem\u00f3crata Cant\u00f3n Zetina.<br>Veamos.<\/p>\n\n\n\n<p class=\"wp-block-paragraph\">\u00bfCrees que alg\u00fan d\u00eda est\u00e9s en Morena?, preguntaron al entonces candidato del verde al gobierno tabasque\u00f1o, el licenciado \u00d3scar Cant\u00f3n Zetina. \u201cNo, no, no. Yo no me veo, la verdad\u2026\u201d, respondi\u00f3 titubeante. Hoy, es un recalcitrante morenista en ejercicio del poder que le da una diputaci\u00f3n federal para insultar, denostar\u2026<br>Porque el pasado viernes 5 del mes que corre, el pulcro Cant\u00f3n Zetina subi\u00f3 a tribuna, un espacio al que pocos de los 500 diputados federales tienen acceso.<\/p>\n\n\n\n<p class=\"wp-block-paragraph\">Comparec\u00eda Lorenzo C\u00f3rdova Vianello, consejero presidente del Instituto Nacional Electoral, uno de los pocos expertos en derecho electoral que hay en el pa\u00eds y que, desde el Instituto de Investigaciones Jur\u00eddicas de la UNAM, en el re\u00f1ido proceso electoral de 2006 fue la fuente de consulta obligada por quienes cubr\u00edamos esta elecci\u00f3n.<\/p>\n\n\n\n<p class=\"wp-block-paragraph\">A C\u00f3rdova Vianello se le cit\u00f3 a comparecer para explicar el fundamento de solicitar m\u00e1s de 20 mil millones de pesos de presupuesto para el ejercicio fiscal 2022. Pero el fondo del emplazamiento fue para exhibirlo, insultarlo, descalificarlo, especialmente por las bancadas de Morena, el PT y el PVEM, en consonancia con la postura del Duce Andr\u00e9s Manuel que quiere desaparecer al INE.<\/p>\n\n\n\n<p class=\"wp-block-paragraph\">No era secreto c\u00f3mo se comportar\u00edan. Pero, el licenciado Cant\u00f3n se llev\u00f3 la tarde, porque de Fern\u00e1ndez Noro\u00f1a no sorprende el florido lenguaje; dicen que es muy inteligente y lee como pocos. El problema es que a Noro\u00f1a la inteligencia y la lectura no le dan pulcritud y niveles de tribuno, porque el insulto es su divisa en tribuna.<\/p>\n\n\n\n<p class=\"wp-block-paragraph\">Pero, bueno, el licenciado Cant\u00f3n se despach\u00f3 con la cuchara grande y, en ese af\u00e1n de ser m\u00e1s lopezobradorista y moreno que Su Alteza Seren\u00edsima, primero despreci\u00f3 el saludo de Lorenzo C\u00f3rdova y hasta le espet\u00f3 \u201cno me toque, no somos iguales\u201d, cuando el consejero presidente le dio una palmada en la espalda. Luego, lea usted.<\/p>\n\n\n\n<p class=\"wp-block-paragraph\">El diputado \u00d3scar Cant\u00f3n Zetina: Distinguida asamblea. (Lorenzo) C\u00f3rdova, de d\u00f3nde te naci\u00f3 lo farsante, de d\u00f3nde te naci\u00f3 lo obsesivo enfermizo. Yo fui compa\u00f1ero hace 40 a\u00f1os del diputado federal Arnaldo C\u00f3rdova, ese s\u00ed era dem\u00f3crata. Aqu\u00ed construimos parte de la democracia que este se\u00f1or se ha empe\u00f1ado envilecer acto con acto.<\/p>\n\n\n\n<p class=\"wp-block-paragraph\">De d\u00f3nde te naci\u00f3 lo farsante. \u00bfPor qu\u00e9 no contestas lo de tu sueldo? \u00bfLa inmoralidad de tu sueldo? \u00bfPor qu\u00e9 no te lo bajas? Porque vives otra realidad, porque no vives en el M\u00e9xico de los 30 millones que votaron por Andr\u00e9s Manuel L\u00f3pez Obrador.<\/p>\n\n\n\n<p class=\"wp-block-paragraph\">Ustedes no entienden, ciritos y lorencitos, no entienden la austeridad republicana que est\u00e1 pidiendo el pueblo de M\u00e9xico. Est\u00e1n haciendo una simulaci\u00f3n y una farsa, por eso invocas aqu\u00ed a la revoluci\u00f3n e invocas con el mayor cinismo a un distinguido intelectual de izquierda, como es Galeano, para defender los privilegios, para defender las omisiones, para defender las corrupciones, para defender las complicidades, para defender los altos sueldos, para eso lo invocas. Eso es ser un farsante (\u2026).<\/p>\n\n\n\n<p class=\"wp-block-paragraph\">El diputado \u00d3scar Cant\u00f3n Zetina: C\u00f3rdova, por qu\u00e9 eres un obsesivo enfermizo. Por qu\u00e9 odias a Andr\u00e9s Manuel L\u00f3pez Obrador. Por qu\u00e9 hiciste con fanfarronadas, dijiste que jam\u00e1s llegar\u00eda a presidente de la Rep\u00fablica. Pero mira, a ti te avala el se\u00f1or equis y a Andr\u00e9s Manuel L\u00f3pez Obrador lo avalan 30 millones de votos. Esa es la diferencia entre tu obsesi\u00f3n, entre tu obsesi\u00f3n enfermiza y aqu\u00ed no has contestado nada de lo que ten\u00edas que haber contestado.<\/p>\n\n\n\n<p class=\"wp-block-paragraph\">Aqu\u00ed dicen que ganaron muchas elecciones. Te equivocas. Las gan\u00f3 el pueblo de M\u00e9xico. Las gan\u00f3 la mayor\u00eda del pueblo. Para qu\u00e9 pides 5 mil millones de pesos de aumento al presupuesto del INE. El pueblo de M\u00e9xico no necesita dinero para ganar elecciones. Morena y Andr\u00e9s Manuel gan\u00f3 elecciones sin comprar un voto, ni regalar una despensa. Eso, eso es ser democracia. T\u00fa eres un farsante\u2026<br>El presidente diputado Sergio Carlos Guti\u00e9rrez Luna: Concluya diputado.<br>El diputado \u00d3scar Cant\u00f3n Zetina: \u2026eres un farsante y una obsesiva demencia (le dijo a Lorenzo C\u00f3rdova)<\/p>\n\n\n\n<p class=\"wp-block-paragraph\">\u00bfQu\u00e9 le parece? Sin duda, sin duda, el licenciado Cant\u00f3n Zetina se gan\u00f3 una estrellita y se destaca en el Bronx Legislativo que mienta madres y reta a golpes a sus pares, que blofea y mancha al Poder Legislativo como lo hizo, tambi\u00e9n, el diputado Jos\u00e9 Gerardo Rodolfo Fern\u00e1ndez Noro\u00f1a en la sesi\u00f3n del pasado viernes 5, que descalific\u00f3 al INE porque, dijo, \u201cen su enloquecedora arrogancia se cree adem\u00e1s autoridad sanitaria\u201d.<\/p>\n\n\n\n<p class=\"wp-block-paragraph\">Adem\u00e1s, a las posturas del PRD y de Movimiento Ciudadano las calific\u00f3 como \u201cel servilismo vergonzoso\u201d. En fin. \u00d3scar Cant\u00f3n y la amnesia que le abraz\u00f3 apenas se volvi\u00f3 al morenismo; Cant\u00f3n Zetina que busca mantener bajo llave pormenores de su carrera protagonista y trepadora, \u00e9sta s\u00ed oportunista. C\u00f3rdova Vianello se defiende solo. \u00bfHabr\u00e1 quien justifique y defienda a Cant\u00f3n Zetina? Digo.<\/p>\n\n\n\n<p class=\"wp-block-paragraph\">sanchezlimon@gmail.com www.entresemana.mx , @sanchezlimon @sanchezlimon1<\/p>\n","protected":false},"excerpt":{"rendered":"<p>Ver y escuchar para creer.<\/p>\n","protected":false},"author":3,"featured_media":41799,"comment_status":"open","ping_status":"open","sticky":false,"template":"","format":"standard","meta":{"_monsterinsights_skip_tracking":false,"footnotes":""},"categories":[692,105,83,35],"tags":[],"class_list":["post-41798","post","type-post","status-publish","format-standard","has-post-thumbnail","category-692","category-entresemana","category-moises-sanchez-limon","category-opinion"],"_links":{"self":[{"href":"https:\/\/redsemlac.com\/semmexico\/wp-json\/wp\/v2\/posts\/41798","targetHints":{"allow":["GET"]}}],"collection":[{"href":"https:\/\/redsemlac.com\/semmexico\/wp-json\/wp\/v2\/posts"}],"about":[{"href":"https:\/\/redsemlac.com\/semmexico\/wp-json\/wp\/v2\/types\/post"}],"author":[{"embeddable":true,"href":"https:\/\/redsemlac.com\/semmexico\/wp-json\/wp\/v2\/users\/3"}],"replies":[{"embeddable":true,"href":"https:\/\/redsemlac.com\/semmexico\/wp-json\/wp\/v2\/comments?post=41798"}],"version-history":[{"count":0,"href":"https:\/\/redsemlac.com\/semmexico\/wp-json\/wp\/v2\/posts\/41798\/revisions"}],"wp:featuredmedia":[{"embeddable":true,"href":"https:\/\/redsemlac.com\/semmexico\/wp-json\/wp\/v2\/media\/41799"}],"wp:attachment":[{"href":"https:\/\/redsemlac.com\/semmexico\/wp-json\/wp\/v2\/media?parent=41798"}],"wp:term":[{"taxonomy":"category","embeddable":true,"href":"https:\/\/redsemlac.com\/semmexico\/wp-json\/wp\/v2\/categories?post=41798"},{"taxonomy":"post_tag","embeddable":true,"href":"https:\/\/redsemlac.com\/semmexico\/wp-json\/wp\/v2\/tags?post=41798"}],"curies":[{"name":"wp","href":"https:\/\/api.w.org\/{rel}","templated":true}]}}