{"id":41795,"date":"2021-11-09T11:11:15","date_gmt":"2021-11-09T17:11:15","guid":{"rendered":"https:\/\/redsemlac.com\/semmexico\/?p=41795"},"modified":"2023-07-21T18:51:43","modified_gmt":"2023-07-21T23:51:43","slug":"nacen-en-mexico-148-hijos-e-hijas-de-migrantes","status":"publish","type":"post","link":"https:\/\/redsemlac.com\/semmexico\/nacen-en-mexico-148-hijos-e-hijas-de-migrantes\/","title":{"rendered":"Nacen en M\u00e9xico 148 hijos e hijas de migrantes"},"content":{"rendered":"\n<ul class=\"wp-block-list\"><li>La cifra es cuatro veces m\u00e1s grande que la registrada el a\u00f1o pasado, cuando por la pandemia cerraron fronteras<\/li><li>Alent\u00f3 el \u00e9xodo de embarazadas a EE.UU. decisi\u00f3n de Joe Biden de prohibir su deportaci\u00f3n<\/li><\/ul>\n\n\n\n<p class=\"wp-block-paragraph\">Roxana Gonz\u00e1lez<br>SemM\u00e9xico\/ElSoldeM\u00e9xico, Cd. de M\u00e9xico, 9 de noviembre, 2021.- En lo que va del a\u00f1o, m\u00e1s de un centenar de ni\u00f1os y ni\u00f1as de madres migrantes en su trayecto hacia Estados Unidos nacieron en M\u00e9xico, seg\u00fan registros oficiales. El n\u00famero podr\u00eda duplicarse ya que cada vez son m\u00e1s las mujeres que recurren a las llamadas parteras para dar a luz ante el miedo de ser deportadas al asistir a un hospital y no registran a sus hijos hasta que logran cruzar la frontera norte.<\/p>\n\n\n\n<p class=\"wp-block-paragraph\">De acuerdo con cifras consultadas en bases de datos de registros civiles de Ciudad Ju\u00e1rez, Tijuana, Piedras Negras, Tapachula y Tenosique, de enero a octubre pasado fueron registrados como mexicanos por nacimiento un total de 148 beb\u00e9s de madres migrantes, principalmente procedentes de Centroam\u00e9rica. La cifra es cuatro veces mayor a la del mismo periodo de 2020, cuando la pandemia de Covid-19 oblig\u00f3 al cierre de fronteras y con ello a una ca\u00edda de la migraci\u00f3n indocumentada.<\/p>\n\n\n\n<p class=\"wp-block-paragraph\">De acuerdo con el art\u00edculo 30 de la Constituci\u00f3n, son mexicanos por nacimiento los que nazcan en territorio de la Rep\u00fablica, sea cual fuere la nacionalidad de sus padres.<\/p>\n\n\n\n<p class=\"wp-block-paragraph\">La decisi\u00f3n del presidente estadounidense, Joe Biden, de prohibir que las migrantes embarazadas o que hayan dado a luz recientemente sean llevadas a centros de detenci\u00f3n migratorios, alent\u00f3 el \u00e9xodo de embarazadas hacia la Uni\u00f3n Americana, considera Mar\u00eda Hern\u00e1ndez, trabajadora social de la organizaci\u00f3n Derechos Humanos Integrales en Acci\u00f3n A.C (DHIA). Aunque el decreto no las exime de ser deportadas.<\/p>\n\n\n\n<p class=\"wp-block-paragraph\">Aurora, de origen hondure\u00f1o, dio a luz a Alfredo el mismo d\u00eda que fue deportada por la Patrulla Fronteriza a Ciudad Ju\u00e1rez, Chihuahua. Narra a El Sol de M\u00e9xico que crey\u00f3 tener a su beb\u00e9 en pleno R\u00edo Bravo pues cruz\u00f3 ya con contracciones.<\/p>\n\n\n\n<p class=\"wp-block-paragraph\">\u201cCre\u00ed tenerlo en el r\u00edo, ten\u00eda dolores; y apenas cruzamos, la Patrulla Fronteriza nos detuvo. Dos horas despu\u00e9s ya est\u00e1bamos de regreso en Ciudad Ju\u00e1rez y seis horas m\u00e1s tarde tuve a mi ni\u00f1o en el refugio, atendida por una partera, pues acudimos a un hospital, pero por falta de documentos no me atendieron\u201d, se\u00f1al\u00f3.<\/p>\n\n\n\n<p class=\"wp-block-paragraph\">Aurora decidi\u00f3 migrar de su natal Tegucigalpa, Honduras, con casi ocho meses de gestaci\u00f3n con la idea de que su hijo naciera en Estados Unidos y con ello poder quedarse en ese pa\u00eds. Sin embargo y pese a su embarazo, fue deportada junto con su pareja y ahora espera que el menor tenga al menos un mes de nacido para regresar a su pa\u00eds.<\/p>\n\n\n\n<p class=\"wp-block-paragraph\">Mar\u00eda Hern\u00e1ndez asegura que semanas despu\u00e9s del anuncio de Biden, 30 embarazadas buscaron la asistencia de DHIA, cuya sede se encuentra en Ciudad Ju\u00e1rez, en menos de 15 d\u00edas, una cifra nunca antes registrada.<\/p>\n\n\n\n<p class=\"wp-block-paragraph\">\u201cPara ellas, lo primordial es que sus hijos\/hijas nazcan en Estados Unidos, porque eso les permitir\u00e1 quedarse all\u00e1, aunque muchas de ellas no logran cruzar por el propio embarazo y tienen a sus hijos aqu\u00ed\u201d, afirm\u00f3 Fernanda Ortega, promotora de salud de DHIA.<\/p>\n\n\n\n<p class=\"wp-block-paragraph\">En M\u00e9xico, a las migrantes que tienen a sus hijos\/hijas y consiguen registrarlos para obtener un acta de nacimiento, se les otorga una tarjeta de residentes por v\u00ednculo familiar. Sin embargo, s\u00f3lo una minor\u00eda se establece en el pa\u00eds porque prefieren seguir el camino hacia Estados Unidos. A los padres, si viajan con la embarazada, tambi\u00e9n se les otorga dicha tarjeta.<\/p>\n\n\n\n<p class=\"wp-block-paragraph\">De acuerdo con la Organizaci\u00f3n Internacional para las Migraciones (OIM), la mayor\u00eda de las mujeres migrantes que transitan por M\u00e9xico est\u00e1n en edad reproductiva y son altamente vulnerables a violencia sexual en sus distintas formas.<\/p>\n\n\n\n<p class=\"wp-block-paragraph\">La OIM explica que, en su trayecto hacia Estados Unidos, pueden estar embarazadas o quedar embarazadas, lo que tiene muchas implicaciones para ellas pues en muchos casos se trata de embarazos no deseados a consecuencia de violencia ya sea de la pareja o de los miembros del crimen organizado, incluidos los llamados coyotes.<\/p>\n\n\n\n<p class=\"wp-block-paragraph\">\u201cHemos tenido casos en los que las mujeres no tienen como pagar y su cuerpo se convierte en un tipo de moneda para poder continuar el viaje, lo que las hace muy vulnerables a quedar embarazadas\u201d, afirma por su parte Yolice Quero, coordinadora de la Unidad de Protecci\u00f3n de la OIM en M\u00e9xico.<\/p>\n\n\n\n<p class=\"wp-block-paragraph\">A\u00f1ade que, en la mayor\u00eda de los casos, las mujeres que migran tienen dif\u00edcil el tema de la prevenci\u00f3n de embarazos durante su trayecto. \u201cEn Tijuana, por ejemplo, vimos un incremento en el uso de parteras en contexto urbanos; mientras que en Tapachula, las embarazadas que solicitaban un diagn\u00f3stico de embarazo en riesgo para poder acceder a controles prenatales adecuados durante la pandemia, ten\u00edan dificultades para obtenerlo en algunos casos\u201d.<\/p>\n\n\n\n<p class=\"wp-block-paragraph\">Seg\u00fan estimaciones de organizaciones de apoyo a migrantes, 80 embarazadas viajan en la caravana que desde hace dos semanas parti\u00f3 de Tapachula con destino a la Ciudad de M\u00e9xico para regularizar su situaci\u00f3n migratoria. La caravana est\u00e1 conformada por entre cuatro y seis mil extranjeros en su mayor\u00eda de Hait\u00ed, El Salvador, Honduras y Guatemala, incluidos unos mil 200 menores de edad.<\/p>\n\n\n\n<p class=\"wp-block-paragraph\">SEM-ElSolDeM\u00e9xico\/rg<\/p>\n","protected":false},"excerpt":{"rendered":"<p>La cifra es cuatro veces m\u00e1s grande que la registrada el a\u00f1o pasado, cuando por la pandemia cerraron fronteras<\/p>\n","protected":false},"author":3,"featured_media":41796,"comment_status":"open","ping_status":"open","sticky":false,"template":"","format":"standard","meta":{"_monsterinsights_skip_tracking":false,"footnotes":""},"categories":[692,54],"tags":[],"class_list":["post-41795","post","type-post","status-publish","format-standard","has-post-thumbnail","category-692","category-mujeres"],"_links":{"self":[{"href":"https:\/\/redsemlac.com\/semmexico\/wp-json\/wp\/v2\/posts\/41795","targetHints":{"allow":["GET"]}}],"collection":[{"href":"https:\/\/redsemlac.com\/semmexico\/wp-json\/wp\/v2\/posts"}],"about":[{"href":"https:\/\/redsemlac.com\/semmexico\/wp-json\/wp\/v2\/types\/post"}],"author":[{"embeddable":true,"href":"https:\/\/redsemlac.com\/semmexico\/wp-json\/wp\/v2\/users\/3"}],"replies":[{"embeddable":true,"href":"https:\/\/redsemlac.com\/semmexico\/wp-json\/wp\/v2\/comments?post=41795"}],"version-history":[{"count":0,"href":"https:\/\/redsemlac.com\/semmexico\/wp-json\/wp\/v2\/posts\/41795\/revisions"}],"wp:featuredmedia":[{"embeddable":true,"href":"https:\/\/redsemlac.com\/semmexico\/wp-json\/wp\/v2\/media\/41796"}],"wp:attachment":[{"href":"https:\/\/redsemlac.com\/semmexico\/wp-json\/wp\/v2\/media?parent=41795"}],"wp:term":[{"taxonomy":"category","embeddable":true,"href":"https:\/\/redsemlac.com\/semmexico\/wp-json\/wp\/v2\/categories?post=41795"},{"taxonomy":"post_tag","embeddable":true,"href":"https:\/\/redsemlac.com\/semmexico\/wp-json\/wp\/v2\/tags?post=41795"}],"curies":[{"name":"wp","href":"https:\/\/api.w.org\/{rel}","templated":true}]}}