{"id":41778,"date":"2021-11-08T13:44:59","date_gmt":"2021-11-08T19:44:59","guid":{"rendered":"https:\/\/redsemlac.com\/semmexico\/?p=41778"},"modified":"2023-07-21T18:51:44","modified_gmt":"2023-07-21T23:51:44","slug":"lilian-lopez-camberos-recibe-el-premio-bellas-artes-nellie-campobello-2021","status":"publish","type":"post","link":"https:\/\/redsemlac.com\/semmexico\/lilian-lopez-camberos-recibe-el-premio-bellas-artes-nellie-campobello-2021\/","title":{"rendered":"Lili\u00e1n L\u00f3pez Camberos recibe el Premio Bellas Artes Nellie Campobello 2021"},"content":{"rendered":"\n<ul class=\"wp-block-list\"><li><strong>Por su obra Quisiera quedarme quieta, en la categor\u00eda de Cuento Hispanoamericano<\/strong><\/li><\/ul>\n\n\n\n<ul class=\"wp-block-list\"><li><strong>A partir de 2020, este premio se dedica a reconocer la importancia de la obra cuent\u00edstica escrita solo por mujeres<em>\u00a0<\/em><\/strong><\/li><\/ul>\n\n\n\n<p class=\"wp-block-paragraph\">SemM\u00e9xico, Cd. de M\u00e9xico, 8 de noviembre, 2021.- La escritora, editora y traductora mexicana Lili\u00e1n L\u00f3pez Camberos recibi\u00f3 de manera virtual el Premio Bellas Artes de Cuento Hispanoamericano&nbsp;<em>Nellie Campobello<\/em>&nbsp;2021, el cual es entregado por la Secretar\u00eda de Cultura del Gobierno de M\u00e9xico y el Instituto Nacional de Bellas Artes y Literatura (INBAL), a trav\u00e9s de la Coordinaci\u00f3n Nacional de Literatura (CNL), en conjunto con el Gobierno del estado de Durango, por medio de su Instituto de Cultura (ICED). &nbsp;<\/p>\n\n\n\n<p class=\"wp-block-paragraph\">La ceremonia de premiaci\u00f3n form\u00f3 parte de la campa\u00f1a \u201cContigo en la distancia\u201d de la Secretar\u00eda de Cultura, a trav\u00e9s de Facebook de las instituciones convocantes. &nbsp;<\/p>\n\n\n\n<p class=\"wp-block-paragraph\">Para Lili\u00e1n L\u00f3pez Camberos recibir el premio con el nombre de Nellie Campobello es un honor muy grande como escritora, como lectora y como mexicana. Como lectora, porque \u201csiempre me impresion\u00f3 mucho la fuerza de sus descripciones, y c\u00f3mo el plano de la existencia real parec\u00eda existir y a la vez estar por encima de todo lo escrito\u201d.&nbsp;<\/p>\n\n\n\n<p class=\"wp-block-paragraph\">Sobre su libro&nbsp;<em>Quisiera quedarme quieta<\/em>&nbsp;se\u00f1al\u00f3 que lo escribi\u00f3 gracias al apoyo del Fondo Nacional para la Cultura y las Artes, en la emisi\u00f3n de la convocatoria de J\u00f3venes Creadores 2010, en la categor\u00eda de cuento, aunque continu\u00f3 trabaj\u00e1ndolo en talleres durante un tiempo.&nbsp;<\/p>\n\n\n\n<p class=\"wp-block-paragraph\">La directora general del INBAL, Lucina Jim\u00e9nez, record\u00f3 la destacada trayectoria de la narradora originaria de Villa de Ocampo, Durango, y dijo que Nellie Campobello es una de las grandes figuras de la literatura mexicana, por lo que este premio a partir de 2020 se dedica a reconocer la importancia de la obra cuent\u00edstica escrita solo por mujeres en idioma espa\u00f1ol y en aquellas lenguas ind\u00edgenas en las cuales la escritura encuentra una fuente de expresi\u00f3n. Nos parec\u00eda fundamental que este premio se dedicada a las mujeres.&nbsp;<\/p>\n\n\n\n<p class=\"wp-block-paragraph\">Asimismo, reconoci\u00f3 la labor que se realiza con el ICED al construir una gran relaci\u00f3n de trabajo colaborativo en favor de la literatura a trav\u00e9s del Premio Bellas Artes de Cuento Hispanoamericano&nbsp;<em>Nellie Campobello.&nbsp;<\/em><\/p>\n\n\n\n<p class=\"wp-block-paragraph\">Tras felicitar a Lili\u00e1n L\u00f3pez por este reconocimiento y por su trayectoria abierta en el campo de las letras, el periodismo en M\u00e9xico y Am\u00e9rica Latina, indic\u00f3 que en la obra&nbsp;sit\u00faa a la mujer en el centro de un universo en el cual domina el viaje y lo on\u00edrico. Y a partir de lo cotidiano, la autora genera atm\u00f3sferas y sensaciones, extendiendo as\u00ed la posibilidad de infinitas historias en movimiento.&nbsp;<\/p>\n\n\n\n<p class=\"wp-block-paragraph\">Al referirse a la obra de la editora, traductora y docente, la titular del INBAL mencion\u00f3 que es su primer libro,&nbsp;<a href=\"https:\/\/login.microsoftonline.com\/common\/oauth2\/logout?ui_locales=es-MX&amp;mkt=es-MX&amp;ru=https%3A%2F%2Foutlook.office.com%2Fmail%2Finbox\" target=\"_blank\" rel=\"noreferrer noopener\">Cerrar sesi\u00f3n<\/a>lo cual habla de su talento y de que tiene abierto un camino trascendente en la literatura en su lengua. \u201cHabremos de leer, no solo por el reconocimiento que recibe, sino porque la palabra de Lili\u00e1n est\u00e1 tambi\u00e9n presente en el periodismo, donde ella hace una expresi\u00f3n profundamente fuerte, con una pluma contundente alrededor de la figura de las mujeres, a trav\u00e9s de la manera de c\u00f3mo ella percibe nuestras realidades\u201d.&nbsp;&nbsp;<\/p>\n\n\n\n<p class=\"wp-block-paragraph\">La relevancia de la obra se origina en el planteamiento de lo que habr\u00eda sucedido con los grandes personajes femeninos de haber sido creados por mujeres, como puede ser el caso de Madame Bovary o Ana Karenina. Sobresale la calidad narrativa mostrando, a partir de la cotidianeidad, la complejidad humana mediante agudas reflexiones que llegan a ser en ocasiones apenas un grito en la garganta de personajes como Ver\u00f3nica. &nbsp;<\/p>\n\n\n\n<p class=\"wp-block-paragraph\"><strong>Escritoras con una narrativa excelente&nbsp;<\/strong><\/p>\n\n\n\n<p class=\"wp-block-paragraph\">Por su parte, la directora general del ICED, Socorro Soto Alan\u00eds, dijo que se trata de un certamen \u201cmuy bien posicionado, en el que participan mujeres escritoras con una narrativa excelente, que nos da cuenta de c\u00f3mo est\u00e1n escribiendo en M\u00e9xico e Hispanoam\u00e9rica\u201d. &nbsp;<\/p>\n\n\n\n<p class=\"wp-block-paragraph\">La tambi\u00e9n poeta felicit\u00f3 a la ganadora y se\u00f1al\u00f3 que \u201ctras obtener el Premio Bellas Artes de Cuento Hispanoamericano Nellie Campobello 2021, la autora entra a las ligas mayores de las letras mexicanas\u201d.&nbsp;<\/p>\n\n\n\n<p class=\"wp-block-paragraph\">En tanto, la coordinadora nacional de Literatura, Leticia Luna Aguilar, ley\u00f3 el acta del jurado integrado por las escritoras Itzel Guevara del \u00c1ngel y Atenea Cruz, adem\u00e1s del escritor Ernesto Parra Aguilar, quienes otorgaron por unanimidad este galard\u00f3n a L\u00f3pez Camberos el pasado 12 de octubre de 2021 por su obra&nbsp;<em>Quisiera quedarme quieta<\/em>&nbsp;(2020). &nbsp;<\/p>\n\n\n\n<p class=\"wp-block-paragraph\">El Premio Bellas Artes de Cuento Hispanoamericano&nbsp;<em>Nellie Campobello&nbsp;<\/em>fue convocado por primera vez en 2018. En sus primeras dos emisiones el certamen estuvo dirigido a escritoras y escritores que participaran con un libro de cuentos o relatos, escrito en espa\u00f1ol, cuya primera edici\u00f3n se hubiera publicado en M\u00e9xico, Am\u00e9rica Latina o Espa\u00f1a, durante el a\u00f1o anterior a la convocatoria.<\/p>\n\n\n\n<p class=\"wp-block-paragraph\">SEM\/sj<\/p>\n","protected":false},"excerpt":{"rendered":"<p>A partir de 2020, este premio se dedica a reconocer la importancia de la obra cuent\u00edstica escrita solo por mujeres\u00a0<\/p>\n","protected":false},"author":3,"featured_media":41779,"comment_status":"open","ping_status":"open","sticky":false,"template":"","format":"standard","meta":{"_monsterinsights_skip_tracking":false,"footnotes":""},"categories":[692,45,46],"tags":[],"class_list":["post-41778","post","type-post","status-publish","format-standard","has-post-thumbnail","category-692","category-cultura","category-cultura-cultura"],"_links":{"self":[{"href":"https:\/\/redsemlac.com\/semmexico\/wp-json\/wp\/v2\/posts\/41778","targetHints":{"allow":["GET"]}}],"collection":[{"href":"https:\/\/redsemlac.com\/semmexico\/wp-json\/wp\/v2\/posts"}],"about":[{"href":"https:\/\/redsemlac.com\/semmexico\/wp-json\/wp\/v2\/types\/post"}],"author":[{"embeddable":true,"href":"https:\/\/redsemlac.com\/semmexico\/wp-json\/wp\/v2\/users\/3"}],"replies":[{"embeddable":true,"href":"https:\/\/redsemlac.com\/semmexico\/wp-json\/wp\/v2\/comments?post=41778"}],"version-history":[{"count":0,"href":"https:\/\/redsemlac.com\/semmexico\/wp-json\/wp\/v2\/posts\/41778\/revisions"}],"wp:featuredmedia":[{"embeddable":true,"href":"https:\/\/redsemlac.com\/semmexico\/wp-json\/wp\/v2\/media\/41779"}],"wp:attachment":[{"href":"https:\/\/redsemlac.com\/semmexico\/wp-json\/wp\/v2\/media?parent=41778"}],"wp:term":[{"taxonomy":"category","embeddable":true,"href":"https:\/\/redsemlac.com\/semmexico\/wp-json\/wp\/v2\/categories?post=41778"},{"taxonomy":"post_tag","embeddable":true,"href":"https:\/\/redsemlac.com\/semmexico\/wp-json\/wp\/v2\/tags?post=41778"}],"curies":[{"name":"wp","href":"https:\/\/api.w.org\/{rel}","templated":true}]}}