{"id":41774,"date":"2021-11-08T13:42:38","date_gmt":"2021-11-08T19:42:38","guid":{"rendered":"https:\/\/redsemlac.com\/semmexico\/?p=41774"},"modified":"2023-07-21T18:51:44","modified_gmt":"2023-07-21T23:51:44","slug":"cuba-acompanamientos-que-alejan-la-violencia-y-devuelven-la-fe","status":"publish","type":"post","link":"https:\/\/redsemlac.com\/semmexico\/cuba-acompanamientos-que-alejan-la-violencia-y-devuelven-la-fe\/","title":{"rendered":"Cuba: Acompa\u00f1amientos que alejan la violencia y devuelven la fe"},"content":{"rendered":"\n<p class=\"wp-block-paragraph\"><strong>* <\/strong><strong>Ahora puedo decir que tengo amor propio<\/strong><\/p>\n\n\n\n<p class=\"wp-block-paragraph\"><strong>* <\/strong><strong>Siempre existir\u00e1n nuevas v\u00edas de soluci\u00f3n y caminos que recorrer, no estamos solas<\/strong><\/p>\n\n\n\n<p class=\"wp-block-paragraph\"><strong>Lirians Gordillo Pi\u00f1a<\/strong><strong><\/strong><\/p>\n\n\n\n<p class=\"wp-block-paragraph\">SemM\u00e9xico\/SEMlac, La Habana, 8 de noviembre, 2021. &#8211; Hilda lo pens\u00f3 mucho antes de atreverse a contar los a\u00f1os de violencia machista. El bienestar de sus hijos la impuls\u00f3 a buscar ayuda y pensar en otras mujeres fue el argumento que la anim\u00f3 a compartir su historia.<\/p>\n\n\n\n<p class=\"wp-block-paragraph\"><br>\u00abMe aferr\u00e9 a un&nbsp;<a href=\"http:\/\/www.redsemlac-cuba.net\/redsemlac\/violencia\/ck85-debates\/violencia-y-comunicacion-como-se-naturaliza-el-mito-del-amor-romantico\/\" target=\"_blank\" rel=\"noreferrer noopener\">amor que me hac\u00eda da\u00f1o<\/a>, sufr\u00ed insultos, maltratos f\u00edsicos y psicol\u00f3gicos; me violaron una y otra vez. Yo aguantaba. Con el tiempo, mis hijos, lo mejor que me pudo haber pasado, provocaron en m\u00ed un despertar, hicieron que sacara fuerzas y decidiera mi futuro y el de ellos. Hoy estoy aqu\u00ed, m\u00e1s viva que nunca, trabajando y criando a mis hijos con todo el amor del mundo, lejos de violencia y los malos tratos\u00bb, cuenta esta cubana a&nbsp;<a href=\"http:\/\/www.redsemlac-cuba.net\/\" target=\"_blank\" rel=\"noreferrer noopener\">SEMlac<\/a>.<\/p>\n\n\n\n<p class=\"wp-block-paragraph\"><br>Para proteger su identidad, prefiere no decir su nombre, solo que reside en la provincia Las Tunas, a unos 660 kil\u00f3metros de La Habana. Hilda es un nombre falso, que la protege de las secuelas y el estigma que dejan las violencias machistas.<\/p>\n\n\n\n<p class=\"wp-block-paragraph\"><br>El&nbsp;<a href=\"http:\/\/www.redsemlac-cuba.net\/redsemlac\/violencia\/ck83-noticias\/piezas-infantiles-en-la-violencia-machista\/\" target=\"_blank\" rel=\"noreferrer noopener\">impacto de la violencia intrafamiliar en su hijo mayor<\/a>&nbsp;fue el catalizador que la llev\u00f3 a buscar ayuda profesional, pues el ni\u00f1o hab\u00eda presenciado el abuso estando ella embarazada.<\/p>\n\n\n\n<p class=\"wp-block-paragraph\"><br>\u00abEl mayor comenz\u00f3 a presentar problemas para dormir, casi todo el tiempo estaba llorando, le hizo rechazo a la escuela y no se separaba de mi lado. Entonces fue que me llen\u00e9 de valor y decid\u00ed buscar ayuda\u00bb, recuerda.<\/p>\n\n\n\n<p class=\"wp-block-paragraph\"><br>Una compa\u00f1era de trabajo le sugiri\u00f3 asistir al Centro Comunitario de Salud Mental Graciela Bustillos, en busca de orientaci\u00f3n. La instituci\u00f3n, adscrita al Ministerio de Salud P\u00fablica, cuenta con un servicio de atenci\u00f3n a&nbsp;<a href=\"http:\/\/www.redsemlac-cuba.net\/redsemlac\/violencia\/ck84-opinan-especialistas\/adolescencias-sexualidades-y-violencias-una-mirada-articulada\/\" target=\"_blank\" rel=\"noreferrer noopener\">adolescentes v\u00edctimas de abuso sexual<\/a>&nbsp;y de violencia de g\u00e9nero. Los primeros y terceros viernes de cada mes se realizan las consultas para adolescentes y las consejer\u00edas funcionan los martes.<\/p>\n\n\n\n<p class=\"wp-block-paragraph\"><br>\u00abLa violencia de g\u00e9nero en Las Tunas afecta a mujeres de todos los estratos sociales, desde amas de casa hasta profesionales, mujeres heterosexuales y mujeres homosexuales. Contin\u00faa primando la cultura sexista, heteronormativa y machista, que se expresa en actitudes y conductas violentas\u00bb, explica la psic\u00f3loga Elia Marina Brito Hidalgo.<\/p>\n\n\n\n<p class=\"wp-block-paragraph\"><br>La especialista del Centro Provincial de Higiene, Epidemiolog\u00eda y Microbiolog\u00eda en Las Tunas y colaboradora del servicio de atenci\u00f3n a v\u00edctimas de violencia cuenta que las violencias machistas se expresan en conductas que van desde prohibiciones y amenazas, hasta golpes, laceraciones o&nbsp;<a href=\"http:\/\/www.redsemlac-cuba.net\/redsemlac\/violencia\/ck85-debates\/femicidios-en-cuba-el-poder-de-los-datos\/\" target=\"_blank\" rel=\"noreferrer noopener\">asesinatos<\/a>.<\/p>\n\n\n\n<p class=\"wp-block-paragraph\"><br>Seg\u00fan la experta, las manifestaciones de la violencia m\u00e1s diagnosticadas en el servicio son la psicol\u00f3gica,&nbsp;<a href=\"http:\/\/www.redsemlac-cuba.net\/redsemlac\/violencia\/ck85-debates\/violencia-sexual-maltrato-a-puertas-cerradas\/\" target=\"_blank\" rel=\"noreferrer noopener\">la sexual<\/a>, la f\u00edsica y la patrimonial. Apunta, adem\u00e1s, que existe una tendencia al incremento de la&nbsp;<a href=\"http:\/\/www.redsemlac-cuba.net\/redsemlac\/violencia\/ck85-debates\/violencia-diversidad-sexual-e-identidades-de-genero-debates-inconclusos\/\" target=\"_blank\" rel=\"noreferrer noopener\">violencia machista y lesbof\u00f3bica contra mujeres homosexuales<\/a>.<\/p>\n\n\n\n<p class=\"wp-block-paragraph\"><br>Esa tendencia tambi\u00e9n la corrobora la psic\u00f3loga Mayel\u00edn Ayala, especialista del Programa de ITS VIH-sida en Las Tunas.<\/p>\n\n\n\n<p class=\"wp-block-paragraph\"><br>\u00abA nuestro servicio han acudido&nbsp;<a href=\"http:\/\/www.redsemlac-cuba.net\/redsemlac\/violencia\/ck83-noticias\/acoso-sexual-a-mujeres-lesbianas-bisexuales-y-trans-denota-doble-violencia\/\" target=\"_blank\" rel=\"noreferrer noopener\">mujeres lesbianas que han sido v\u00edctimas<\/a>&nbsp;por parte de familiares y personas de su comunidad, nunca por su pareja. Otro grupo han sido las mujeres que practican sexo transaccional y tambi\u00e9n, aunque no es un indicador alto, hemos recibido solicitud de ayuda de mujeres trabajadoras, profesionales, con un alto nivel cultural\u00bb, declara Ayala a SEMlac.<\/p>\n\n\n\n<p class=\"wp-block-paragraph\"><br>La psic\u00f3loga forma parte del Observatorio de Violencia, un servicio del Programa de ITS VIH-sida en Las Tunas que ofrece acompa\u00f1amiento y asesor\u00eda a las personas\u00a0<a href=\"http:\/\/www.redsemlac-cuba.net\/redsemlac\/violencia\/vunerabilidad-de-la-comunidad-lgbtq-ante-el-ejercicio-de-la-violencia-basada-en-genero\/\" target=\"_blank\" rel=\"noreferrer noopener\">LGBTIQ (lesbianas, gays, bisexuales, transg\u00e9nero, intersexuales y queers)<\/a>. El servicio surgi\u00f3 en 2019 y ofrece asistencia psicol\u00f3gica diaria de 8:30 am a 12:00 pm. Cada jueves los casos que lo requieren reciben asesor\u00eda legal.<br><br><strong>Impulsos para una atenci\u00f3n efectiva<\/strong><\/p>\n\n\n\n<p class=\"wp-block-paragraph\"><br>Hilda es reflejo de su entorno y su historia muestra los desenlaces posibles cuando las redes de apoyo, informales y formales, funcionan. Por eso, ante cada pregunta, responde con seguridad y confianza en los servicios que la han acompa\u00f1ado en el viaje hacia la sobrevivencia y la recuperaci\u00f3n de su felicidad.<\/p>\n\n\n\n<p class=\"wp-block-paragraph\"><br>\u00abAhora puedo decir que tengo amor propio. Con la ayuda que me ofrecieron a tiempo, ayudo con mi experiencia a otras que, como yo, est\u00e1n ahogadas en sus penas y sufrimientos y no saben decir, &#8216;hasta aqu\u00ed'\u00bb, confirma a SEMlac.<br>El acompa\u00f1amiento a tiempo, especializado, sin sentirse juzgada o cuestionada, fue el sost\u00e9n que le permiti\u00f3 reencontrarse, ganar confianza y autoestima. Por eso les recomienda a otras mujeres, que pueden estar pasando por situaciones similares, que busquen ayuda.<\/p>\n\n\n\n<p class=\"wp-block-paragraph\"><br>\u00abSiempre existir\u00e1n nuevas v\u00edas de soluci\u00f3n y caminos que recorrer, no estamos solas. Hay personas calificadas y preparadas esperando a que nos decidamos a buscarlas y les contemos nuestros problemas, para ayudarnos a tener una vida digna, derechos, que se respeten nuestros criterios y puntos de vista. Y mejor: ayudarnos a ser felices y a que esos d\u00edas oscuros se conviertan en luz\u00bb, reflexiona Hilda.<\/p>\n\n\n\n<p class=\"wp-block-paragraph\"><br>Las especialistas consultadas por SEMlac destacan la importancia de visibilizar las violencias machistas y reconocerlas como un problema de salud. Esta concepci\u00f3n, afirman, ha sido central para el desarrollo de dos servicios de atenci\u00f3n en la cabecera provincial y el impacto positivo en las historias de vida de sobrevivientes de violencia de g\u00e9nero.<\/p>\n\n\n\n<p class=\"wp-block-paragraph\"><br>\u00abSe ha logrado sistematizar acciones que han permitido visualizar este problema de salud desde una perspectiva integral, que incluye como piedra angular la prevenci\u00f3n, promoci\u00f3n y la educaci\u00f3n integral de la sexualidad, adem\u00e1s de la atenci\u00f3n psicol\u00f3gica\u00bb, afirma Brito Hidalgo.<\/p>\n\n\n\n<p class=\"wp-block-paragraph\"><br>La sensibilizaci\u00f3n y la capacitaci\u00f3n de profesionales, como parte de un proyecto de prevenci\u00f3n de violencia intrafamiliar desde una perspectiva de g\u00e9nero y derechos, impulsado por el Centro Nacional de Educaci\u00f3n Sexual (Cenesex) y la oficina de Oxfam en Cuba, fue un antecedente importante.<\/p>\n\n\n\n<p class=\"wp-block-paragraph\"><br>\u00abEn ese momento logramos consultas en todos los municipios\u00bb, precisa Brito Hidalgo al referirse a la iniciativa desarrollada en 2017 y que articul\u00f3 tambi\u00e9n a la Uni\u00f3n Nacional de Juristas de Cuba (UNJC) y el Centro Oscar Arnulfo Romero. (OAR).<\/p>\n\n\n\n<p class=\"wp-block-paragraph\"><br>Pero desde mucho antes, en la provincia oriental, se denunciaban las violencias machistas. La psic\u00f3loga y profesora universitaria rememora que desde 2011 se celebra en Las Tunas la Jornada Nacional por la no violencia contra las mujeres y las ni\u00f1as.<\/p>\n\n\n\n<p class=\"wp-block-paragraph\"><br>La comunicaci\u00f3n p\u00fablica y la prensa tambi\u00e9n han sido claves en la promoci\u00f3n de acciones. En 2015, el Grupo de Acompa\u00f1amiento y Sensibilizaci\u00f3n de G\u00e9nero y Ruralidad (GeRu) impuls\u00f3 la campa\u00f1a Tambi\u00e9n son golpes, sobre la violencia psicol\u00f3gica en el municipio Jes\u00fas Men\u00e9ndez, ubicado en el extremo oriental de la provincia.<\/p>\n\n\n\n<p class=\"wp-block-paragraph\"><br>\u00abHoy existen espacios fijos en los diferentes medios y se le da seguimiento a esta problem\u00e1tica; tambi\u00e9n se han dise\u00f1ado productos comunicativos como sueltos, cartillas dirigidas a la mujer, plegables, anuncios radiales y televisivos\u00bb, refiere Brito Hidalgo.<\/p>\n\n\n\n<p class=\"wp-block-paragraph\"><br>A esos avances, la tambi\u00e9n profesora de la Facultad de Ciencias M\u00e9dicas en la provincia agrega la existencia de espacios en las Casas de Orientaci\u00f3n a la Mujer y la Familia de la Federaci\u00f3n de Mujeres Cubanas (FMC) y la existencia de programas de capacitaci\u00f3n mediante cursos acreditados, talleres y conferencias.<br>Sin embargo, ambas especialistas estiman que no es suficiente e identifican desaf\u00edos en la atenci\u00f3n, sobre todo en la<a href=\"http:\/\/www.redsemlac-cuba.net\/redsemlac\/violencia\/ck83-noticias\/por-respuestas-efectivas-frente-a-violencia-machista\/\" target=\"_blank\" rel=\"noreferrer noopener\">&nbsp;respuesta integrada e integral a las violencias machistas<\/a>&nbsp;en el territorio.<\/p>\n\n\n\n<p class=\"wp-block-paragraph\"><br>Para Brito Hidalgo, hace falta dise\u00f1ar, implementar y desarrollar pol\u00edticas p\u00fablicas dirigidas a las familias, que incluyan el reconocimiento a \u00abla pluralidad de las formas de vivir la sexualidad, el libre ejercicio de los derechos, la prevenci\u00f3n de manifestaciones de violencia, la injusticia e intolerancia en la regi\u00f3n\u00bb.<\/p>\n\n\n\n<p class=\"wp-block-paragraph\"><br>Propone, adem\u00e1s, identificar y compartir entre profesionales y operadores del Derecho&nbsp;<a href=\"http:\/\/www.redsemlac-cuba.net\/redsemlac\/violencia\/ck83-noticias\/herencias-patriarcales-en-el-escenario-juridico\/\" target=\"_blank\" rel=\"noreferrer noopener\">buenas pr\u00e1cticas jur\u00eddicas para el enfrentamiento a manifestaciones de discriminaci\u00f3n<\/a>&nbsp;y violencia en distintos \u00e1mbitos: familiar, laboral, comunitario, entre otros.<\/p>\n\n\n\n<p class=\"wp-block-paragraph\"><br>\u00abTeniendo en cuenta que se ha avanzado mucho en cuanto a divulgaci\u00f3n y conocimiento del problema, ser\u00eda un desaf\u00edo la implicaci\u00f3n de otros sectores que permitir\u00eda un mejor trabajo intersectorial, me refiero al Ministerio de Trabajo y Seguridad Social (MTSS), el Ministerio del Interior (MININT), la Polic\u00eda Nacional Revolucionaria (PNR) y la Direcci\u00f3n de Vivienda\u00bb, agrega Ayala.<\/p>\n\n\n\n<p class=\"wp-block-paragraph\">SEM-SEMlac\/lgp<\/p>\n","protected":false},"excerpt":{"rendered":"<p> Ahora puedo decir que tengo amor propio<\/p>\n","protected":false},"author":3,"featured_media":41775,"comment_status":"open","ping_status":"open","sticky":false,"template":"","format":"standard","meta":{"_monsterinsights_skip_tracking":false,"footnotes":""},"categories":[692,53],"tags":[],"class_list":["post-41774","post","type-post","status-publish","format-standard","has-post-thumbnail","category-692","category-internacional"],"_links":{"self":[{"href":"https:\/\/redsemlac.com\/semmexico\/wp-json\/wp\/v2\/posts\/41774","targetHints":{"allow":["GET"]}}],"collection":[{"href":"https:\/\/redsemlac.com\/semmexico\/wp-json\/wp\/v2\/posts"}],"about":[{"href":"https:\/\/redsemlac.com\/semmexico\/wp-json\/wp\/v2\/types\/post"}],"author":[{"embeddable":true,"href":"https:\/\/redsemlac.com\/semmexico\/wp-json\/wp\/v2\/users\/3"}],"replies":[{"embeddable":true,"href":"https:\/\/redsemlac.com\/semmexico\/wp-json\/wp\/v2\/comments?post=41774"}],"version-history":[{"count":0,"href":"https:\/\/redsemlac.com\/semmexico\/wp-json\/wp\/v2\/posts\/41774\/revisions"}],"wp:featuredmedia":[{"embeddable":true,"href":"https:\/\/redsemlac.com\/semmexico\/wp-json\/wp\/v2\/media\/41775"}],"wp:attachment":[{"href":"https:\/\/redsemlac.com\/semmexico\/wp-json\/wp\/v2\/media?parent=41774"}],"wp:term":[{"taxonomy":"category","embeddable":true,"href":"https:\/\/redsemlac.com\/semmexico\/wp-json\/wp\/v2\/categories?post=41774"},{"taxonomy":"post_tag","embeddable":true,"href":"https:\/\/redsemlac.com\/semmexico\/wp-json\/wp\/v2\/tags?post=41774"}],"curies":[{"name":"wp","href":"https:\/\/api.w.org\/{rel}","templated":true}]}}