{"id":41768,"date":"2021-11-08T13:33:19","date_gmt":"2021-11-08T19:33:19","guid":{"rendered":"https:\/\/redsemlac.com\/semmexico\/?p=41768"},"modified":"2023-07-21T18:51:44","modified_gmt":"2023-07-21T23:51:44","slug":"colombia-ninas-y-adolescentes-criminalizadas-por-abortar","status":"publish","type":"post","link":"https:\/\/redsemlac.com\/semmexico\/colombia-ninas-y-adolescentes-criminalizadas-por-abortar\/","title":{"rendered":"Colombia: Ni\u00f1as y adolescentes criminalizadas por abortar"},"content":{"rendered":"\n<p class=\"wp-block-paragraph\"><strong>* Las adolescentes entre 12 y 17 a\u00f1os las m\u00e1s afectadas<\/strong><\/p>\n\n\n\n<p class=\"wp-block-paragraph\"><strong>* Una violencia que se ha invisibilizado y naturalizado desde hace a\u00f1os<\/strong><\/p>\n\n\n\n<p class=\"wp-block-paragraph\"><strong>Redacci\u00f3n, especial<\/strong><\/p>\n\n\n\n<p class=\"wp-block-paragraph\">SemM\u00e9xico\/SEMlacCuba, Caracas, Venezuela, 8 de noviembre, 2021.- Las ni\u00f1as y las adolescentes en Colombia son las mayores v\u00edctimas de violencia sexual y, a su vez, las m\u00e1s criminalizadas por abortar, pese a que la interrupci\u00f3n voluntaria del embarazo es legal en casos de violaci\u00f3n, seg\u00fan se detalla en un informe publicado en el pa\u00eds latinoamericano en la primera semana de noviembre.<\/p>\n\n\n\n<p class=\"wp-block-paragraph\">La investigaci\u00f3n, realizada por el Centro de Derechos Reproductivos, ha sido difundida en el marco de la campa\u00f1a regional \u201cSon ni\u00f1as, no madres\u201d y a las puertas de que la Corte Constitucional de Colombia emita una decisi\u00f3n sobre la petici\u00f3n de eliminar el delito de aborto del C\u00f3digo Penal que han realizado m\u00e1s de 90 organizaciones de la sociedad civil.<\/p>\n\n\n\n<p class=\"wp-block-paragraph\">En el documento se se\u00f1ala que a 2019, el 73 por ciento de los 26 mil 158 casos examinados por presunto delito sexual en el Instituto de Medicina Legal y Ciencias Forenses (INMLCF) tuvieron por v\u00edctima a una ni\u00f1a o adolescente entre los 0 y los 17 a\u00f1os, siendo las adolescentes entre 12 y 17 a\u00f1os las m\u00e1s afectadas, con un total de 9 472 denuncias. En muchos de los casos, los agresores corresponden a personas de su c\u00edrculo social o familiar.<\/p>\n\n\n\n<p class=\"wp-block-paragraph\">\u201cEstas desgarradoras cifras corresponden a aquellos casos que son denunciados. Sin embargo, se estima que exista un importante subregistro causado, entre otras, por las dificultades para presentar una denuncia que afectan a todas las v\u00edctimas, pero que pueden ser m\u00e1s profundas para las ni\u00f1as y adolescentes\u201d, dicen las autoras en el informe.<\/p>\n\n\n\n<p class=\"wp-block-paragraph\">Por otra parte, se expone que las ni\u00f1as y adolescentes son el grupo poblacional m\u00e1s afectado por la criminalizaci\u00f3n del aborto, pues representan el 24 por ciento del total de las condenas, seg\u00fan otra investigaci\u00f3n realizada recientemente por La Mesa por la Vida y la Salud de las Mujeres.<\/p>\n\n\n\n<p class=\"wp-block-paragraph\">Esta es una violencia que se ha invisibilizado y naturalizado desde hace a\u00f1os, asegura la directora regional para Am\u00e9rica Latina del Centro de Derechos Reproductivos, Catalina Mart\u00ednez. \u201cMuchos de los casos no llegan a tener sentencia judicial en contra de los agresores\u201d, se\u00f1ala.<\/p>\n\n\n\n<p class=\"wp-block-paragraph\">\u201cEste es uno de los primeros factores que disuade a las ni\u00f1as y adolescentes a seguir denunciando y a que los hombres en este sistema patriarcal piensen que no hay consecuencias por lo que hacen\u201d, agrega.<\/p>\n\n\n\n<p class=\"wp-block-paragraph\">Sin embargo, enfatiza que se trata de un problema estructural. \u201cEs un tema al que no se le ha podido hacer frente de la mejor forma, no solo por la falta de sentencias contra agresores, sino tambi\u00e9n por no aterrizar protocolos claros sobre violencia sexual y no tener educaci\u00f3n sexual integral en los colegios que le permita a las ni\u00f1as entender cuando est\u00e1n en una relaci\u00f3n abusiva o cuando est\u00e1n siendo v\u00edctimas de violencia\u201d, explica.<\/p>\n\n\n\n<p class=\"wp-block-paragraph\">Datos del Fondo de Poblaci\u00f3n de Naciones Unidas (UNFPA) revelan que Colombia se encuentra dentro del grupo de pa\u00edses con mayores tasas de fecundidad adolescente de la regi\u00f3n (77,7 por mil), por encima del promedio general de Sur Am\u00e9rica, Centro Am\u00e9rica y el Caribe (70,2; 72,7 y 66,8 respectivamente). Esto quiere decir que una gran cantidad de mujeres tienen un hijo en edades tempranas.<\/p>\n\n\n\n<p class=\"wp-block-paragraph\">El Alto Comisionado de las Naciones Unidas para los Derechos Humanos, por su parte, tambi\u00e9n ha se\u00f1alado que, en 2018, 15 ni\u00f1as entre 10 a 14 a\u00f1os dieron a luz diariamente en Colombia y que el 86 por ciento del total de las mujeres agredidas sexualmente durante ese a\u00f1o fueron ni\u00f1as y adolescentes.<\/p>\n\n\n\n<p class=\"wp-block-paragraph\">\u201cNos estamos enfrentando a una epidemia silenciosa, que es la maternidad forzada de ni\u00f1as que han sobrevivido a la violencia sexual. Y en ese sentido, este informe refuerza y hace visible que estamos hablando de una problem\u00e1tica regional y que debemos actuar al respecto\u201d, asegura Marianny S\u00e1nchez, directora asociada de Comunicaciones para Am\u00e9rica Latina de Planned Parenthood Global, organizaci\u00f3n fundadora de la campa\u00f1a \u201cSon ni\u00f1as, no madres\u201d.<\/p>\n\n\n\n<p class=\"wp-block-paragraph\">En el informe tambi\u00e9n se analiza la criminalizaci\u00f3n de las ni\u00f1as y adolescentes que abortan, pese a que desde 2006 la interrupci\u00f3n voluntaria del embarazo (IVE) es legal en casos de violencia sexual.<\/p>\n\n\n\n<p class=\"wp-block-paragraph\">\u201cLos partos en ni\u00f1as menores de 14 a\u00f1os aumentaron un 22,2 por ciento en el segundo trimestre del 2021. Y esto realmente es atroz porque sobre ellas s\u00ed o s\u00ed se presume que existi\u00f3 una violencia sexual y debieron de haber accedido al aborto bajo la causal de violencia sexual\u201d, asegura Mart\u00ednez.<\/p>\n\n\n\n<p class=\"wp-block-paragraph\">\u201cEl hecho de que el delito exista, pese a que est\u00e1n las causales, sigue siendo un obst\u00e1culo para que las ni\u00f1as accedan a servicios de salud\u201d, agrega.<\/p>\n\n\n\n<p class=\"wp-block-paragraph\">Seg\u00fan datos recopilados por el Centro, las menores de edad son m\u00e1s sancionadas que las mujeres en los dem\u00e1s grupos de edad. Si bien el 12,5 por ciento de los casos investigados involucran mujeres menores de edad, el 24 por ciento de las sancionadas son menores.<\/p>\n\n\n\n<p class=\"wp-block-paragraph\">Entre las principales barreras para acceder al aborto est\u00e1n la falta de informaci\u00f3n y educaci\u00f3n y, por supuesto, el estigma. \u201cLa mayor\u00eda de estas ni\u00f1as viven en zonas rurales o en situaci\u00f3n de pobreza, en donde la informaci\u00f3n y la educaci\u00f3n sobre salud sexual y reproductiva es muy escasa\u201d, afirma Mart\u00ednez.<\/p>\n\n\n\n<p class=\"wp-block-paragraph\">Y cuando estas ni\u00f1as llegan al servicio de salud, a menudo en etapas estacionales muy avanzadas por el mismo desconocimiento, las estigmatizan y les niegan el servicio.<\/p>\n\n\n\n<p class=\"wp-block-paragraph\">\u201cCuando hablamos de abortos negados a ni\u00f1as que fueron v\u00edctimas de violencia sexual operan estereotipos que est\u00e1n en el piso de la violencia basada en g\u00e9nero, que son la cosificaci\u00f3n de las mujeres y las ni\u00f1as. &nbsp;Este pensamiento de que SEMlac Cuba: Una mirada diferente a la informaci\u00f3n podemos ser consumidas, agredidas\u201d, sostiene S\u00e1nchez, de Planned Parenthood Global.<\/p>\n\n\n\n<p class=\"wp-block-paragraph\">Adem\u00e1s, enfatiza, detr\u00e1s de la objeci\u00f3n de conciencia opera una creencia de que la maternidad \u201cpuede ser el cielo a pesar de que hayas quedado embarazada viviendo el infierno de la violencia sexual\u201d.<\/p>\n\n\n\n<p class=\"wp-block-paragraph\">Debido a esta realidad, las voceras de ambas organizaciones reiteran la importancia de que la Corte Constitucional elimine el delito de aborto del C\u00f3digo Penal colombiano. Una decisi\u00f3n que puede marcar otro hito en Am\u00e9rica Latina.<\/p>\n\n\n\n<p class=\"wp-block-paragraph\">SEM-SEMlacCuba<\/p>\n","protected":false},"excerpt":{"rendered":"<p> Las adolescentes entre 12 y 17 a\u00f1os las m\u00e1s afectadas<\/p>\n","protected":false},"author":3,"featured_media":41769,"comment_status":"open","ping_status":"open","sticky":false,"template":"","format":"standard","meta":{"_monsterinsights_skip_tracking":false,"footnotes":""},"categories":[692,53],"tags":[],"class_list":["post-41768","post","type-post","status-publish","format-standard","has-post-thumbnail","category-692","category-internacional"],"_links":{"self":[{"href":"https:\/\/redsemlac.com\/semmexico\/wp-json\/wp\/v2\/posts\/41768","targetHints":{"allow":["GET"]}}],"collection":[{"href":"https:\/\/redsemlac.com\/semmexico\/wp-json\/wp\/v2\/posts"}],"about":[{"href":"https:\/\/redsemlac.com\/semmexico\/wp-json\/wp\/v2\/types\/post"}],"author":[{"embeddable":true,"href":"https:\/\/redsemlac.com\/semmexico\/wp-json\/wp\/v2\/users\/3"}],"replies":[{"embeddable":true,"href":"https:\/\/redsemlac.com\/semmexico\/wp-json\/wp\/v2\/comments?post=41768"}],"version-history":[{"count":0,"href":"https:\/\/redsemlac.com\/semmexico\/wp-json\/wp\/v2\/posts\/41768\/revisions"}],"wp:featuredmedia":[{"embeddable":true,"href":"https:\/\/redsemlac.com\/semmexico\/wp-json\/wp\/v2\/media\/41769"}],"wp:attachment":[{"href":"https:\/\/redsemlac.com\/semmexico\/wp-json\/wp\/v2\/media?parent=41768"}],"wp:term":[{"taxonomy":"category","embeddable":true,"href":"https:\/\/redsemlac.com\/semmexico\/wp-json\/wp\/v2\/categories?post=41768"},{"taxonomy":"post_tag","embeddable":true,"href":"https:\/\/redsemlac.com\/semmexico\/wp-json\/wp\/v2\/tags?post=41768"}],"curies":[{"name":"wp","href":"https:\/\/api.w.org\/{rel}","templated":true}]}}