{"id":41756,"date":"2021-11-08T13:12:22","date_gmt":"2021-11-08T19:12:22","guid":{"rendered":"https:\/\/redsemlac.com\/semmexico\/?p=41756"},"modified":"2023-07-21T18:51:45","modified_gmt":"2023-07-21T23:51:45","slug":"la-criminalizacion-de-mujeres-con-emergencias-obstetricas","status":"publish","type":"post","link":"https:\/\/redsemlac.com\/semmexico\/la-criminalizacion-de-mujeres-con-emergencias-obstetricas\/","title":{"rendered":"La criminalizaci\u00f3n de mujeres con emergencias obst\u00e9tricas"},"content":{"rendered":"\n<ul class=\"wp-block-list\"><li><strong> Historias de mujeres perseguidas por la \u201cjusticia\u201d<\/strong><\/li><\/ul>\n\n\n\n<ul class=\"wp-block-list\"><li><strong>En M\u00e9xico, del 15 al 20 % de los embarazos diagnosticados concluyen en aborto espont\u00e1neo<\/strong><\/li><\/ul>\n\n\n\n<p class=\"wp-block-paragraph\"><strong>Lilia Balam y Katia Rej\u00f3n<\/strong><\/p>\n\n\n\n<p class=\"has-text-align-right wp-block-paragraph\"><em>Esta investigaci\u00f3n fue realizada con el apoyo del<\/em><\/p>\n\n\n\n<p class=\"has-text-align-right wp-block-paragraph\"><em>Fondo de Acci\u00f3n Urgente de Am\u00e9rica Latina y el Caribe<\/em><\/p>\n\n\n\n<p class=\"has-text-align-right wp-block-paragraph\"><em>a trav\u00e9s de UNASSE y Las Libres<\/em><\/p>\n\n\n\n<p class=\"wp-block-paragraph\">SemM\u00e9xico, M\u00e9rida, Yuc., 8 de noviembre, 2021.- Alejandra* acababa de cumplir 17 a\u00f1os cuando tuvo un aborto espont\u00e1neo en su escuela. Antes de ese d\u00eda, su vida era \u201cs\u00faper normal\u201d, estaba enfoc\u00e1ndose en terminar el bachillerato para estudiar una carrera. Ahora, lleva dos a\u00f1os enfrentando un proceso penal: la acusan de homicidio en raz\u00f3n de parentesco por esa emergencia obst\u00e9trica.<\/p>\n\n\n\n<p class=\"wp-block-paragraph\">Ella desconoc\u00eda que estaba embarazada, ni siquiera lo sospechaba: meses antes hab\u00eda tenido relaciones sexuales con protecci\u00f3n. Despu\u00e9s, tuvo su per\u00edodo menstrual como siempre. \u201cVi que me baj\u00f3&nbsp;y pens\u00e9 \u2018ya estuvo\u2019. No le tom\u00e9 importancia, porque siempre he tenido un per\u00edodo irregular\u201d, narr\u00f3 en entrevista.<\/p>\n\n\n\n<p class=\"wp-block-paragraph\">Tampoco present\u00f3 ning\u00fan s\u00edntoma caracter\u00edstico del embarazo. Si bien subi\u00f3 de peso, nunca \u201chizo panza\u201d. Ni ella, ni sus familiares ni amistades notaron alg\u00fan cambio f\u00edsico dr\u00e1stico.<\/p>\n\n\n\n<p class=\"wp-block-paragraph\">El 30 de octubre del 2019, la joven comenz\u00f3 a sentir molestias estomacales, pero las atribuy\u00f3 a comer en exceso las naranjas dulces que hab\u00eda comprado para la celebraci\u00f3n del Janal Pix\u00e1n (D\u00eda de Muertos) que se realizar\u00eda en su escuela.&nbsp;<\/p>\n\n\n\n<p class=\"wp-block-paragraph\">Incluso su padre, Gonzalo*, le llam\u00f3 la atenci\u00f3n: pronostic\u00f3 que las frutas le har\u00edan da\u00f1o. Al d\u00eda siguiente, no le extra\u00f1\u00f3 que Alejandra se quejara de dolor de est\u00f3mago y pidiera no ir a clases. \u00c9l la reprendi\u00f3 y la llev\u00f3 a la escuela.<\/p>\n\n\n\n<p class=\"wp-block-paragraph\">Al llegar, la adolescente no aguant\u00f3 m\u00e1s el malestar. Fue corriendo al ba\u00f1o, con la esperanza de aliviarse, pero no fue as\u00ed. Sali\u00f3 del sanitario, pero regres\u00f3 de nueva cuenta y not\u00f3 que estaba sangrando.&nbsp;Entonces, despu\u00e9s de sentir un fuerte dolor, tuvo un aborto espont\u00e1neo de tercer trimestre.<\/p>\n\n\n\n<p class=\"wp-block-paragraph\">\u201cVi que [el producto] cay\u00f3 al inodoro, escuch\u00e9 el golpe y lo primero que hice fue agarrarlo. Qued\u00e9 en shock porque yo no sab\u00eda que estaba embarazada. El ba\u00f1o es peque\u00f1o, entonces lo agarr\u00e9 y busqu\u00e9 d\u00f3nde asentarlo, quise subir mi pantal\u00f3n para salir a pedir ayuda, pero ya no reaccion\u00e9. Ah\u00ed me desmay\u00e9, romp\u00ed una puerta al caer y solo escuch\u00e9 que alguien entr\u00f3 y habl\u00f3 a la coordinadora\u201d, explic\u00f3.<\/p>\n\n\n\n<p class=\"wp-block-paragraph\">Personal del colegio la sac\u00f3 con una silla de ruedas del ba\u00f1o y la traslad\u00f3 a la direcci\u00f3n, luego llam\u00f3 a una ambulancia. Al llegar, los param\u00e9dicos la interrogaron con insistencia: cre\u00edan que ella se hab\u00eda provocado un aborto.&nbsp;<\/p>\n\n\n\n<p class=\"wp-block-paragraph\">Se encargaron del feto, aunque no ten\u00eda signos vitales, y llamaron a otra ambulancia para que auxiliara a la joven y la llevara al Hospital General Regional del Instituto Mexicano del Seguro Social (IMSS) \u201cBenito Ju\u00e1rez\u201d.<\/p>\n\n\n\n<p class=\"wp-block-paragraph\">Mientras tanto, personal de Polic\u00eda Municipal, la Secretar\u00eda de Seguridad P\u00fablica (SSP), y la Fiscal\u00eda General del Estado (FGE), se present\u00f3 en la escuela para acordonar el \u00e1rea donde ocurrieron los hechos e interrogar al personal acad\u00e9mico y docente.<\/p>\n\n\n\n<p class=\"wp-block-paragraph\">No hab\u00eda pasado ni el mediod\u00eda cuando los agentes de la Fiscal\u00eda acudieron al hospital. Entrevistaron a Gonzalo, revisaron la mochila de Alejandra en busca de pastillas, vendas u otros art\u00edculos que hubiera utilizado para ocultar el embarazo, y solicitaron el celular de la muchacha.<\/p>\n\n\n\n<p class=\"wp-block-paragraph\">Personal de la FGE intent\u00f3 entrevistarla ese mismo d\u00eda, pero el doctor de Alejandra no lo permiti\u00f3: les record\u00f3 que era una menor de edad. El m\u00e9dico advirti\u00f3 a Gonzalo y le recomend\u00f3 quedarse porque podr\u00edan tratar de interrogarla en la madrugada.<\/p>\n\n\n\n<p class=\"wp-block-paragraph\">\u201cDicho y hecho: llegaron en la madrugada, y quer\u00edan hablar con ella. El doctor se port\u00f3 muy amable y dijo \u2018nadie puede hablar con ella a menos que est\u00e9 su tutor presente, no le pueden tomar declaraci\u00f3n ni nada, que se vayan a buscar ladrones, delincuentes, a esos deben buscar, esto pas\u00f3 porque pas\u00f3\u2019\u201d, declar\u00f3 el pap\u00e1.<\/p>\n\n\n\n<p class=\"wp-block-paragraph\">Entre tanto, Alejandra estaba luchando por sobrevivir. Tuvo un desgarre vaginal y la hemorragia fue tan fuerte, que le produjo anemia. De hecho, el doctor que la atendi\u00f3 rega\u00f1\u00f3 a los param\u00e9dicos por tardar tanto en trasladarla al hospital, pues cuando lleg\u00f3 estaba al borde de un shock hipovol\u00e9mico, una afecci\u00f3n de emergencia en la que el coraz\u00f3n es incapaz de bombear suficiente sangre al cuerpo y puede ocasionar que muchos \u00f3rganos dejen de funcionar.&nbsp;<\/p>\n\n\n\n<figure class=\"wp-block-image size-full\"><a href=\"https:\/\/redsemlac.com\/semmexico\/wp-content\/uploads\/2021\/11\/ABORTO-2.jpg\"><img loading=\"lazy\" decoding=\"async\" width=\"1024\" height=\"683\" src=\"https:\/\/redsemlac.com\/semmexico\/wp-content\/uploads\/2021\/11\/ABORTO-2.jpg\" alt=\"\" class=\"wp-image-41758\"\/><\/a><\/figure>\n\n\n\n<p class=\"wp-block-paragraph\">La FGE regres\u00f3 tres d\u00edas despu\u00e9s para hacerle pruebas de sangre y orina a Alejandra. Si bien requer\u00edan los an\u00e1lisis para realizar una prueba de dopaje, argumentaron que con ellos detectar\u00edan si hab\u00eda tomado una pastilla abortiva. Esto pese a que el misoprostol, medicamento recomendado por la Organizaci\u00f3n Mundial de la Salud (OMS) para interrumpir un embarazo, no se puede detectar con ese tipo de pruebas.<\/p>\n\n\n\n<p class=\"wp-block-paragraph\">La joven estuvo internada durante semana y media. Y a los pocos d\u00edas, la Fiscal\u00eda apareci\u00f3 de nuevo. Citaron a declarar a su padre, su abuela, su t\u00eda y a una de sus amigas. Incluso localizaron a quien hab\u00eda sido la pareja de Alejandra y le pidieron acudir a la dependencia.<\/p>\n\n\n\n<p class=\"wp-block-paragraph\">Pas\u00f3 un tiempo en el que la familia no tuvo noticias del proceso jur\u00eddico. En el 2020, citaron a declarar al hermanito de la joven, que en ese entonces ten\u00eda 15 a\u00f1os. En la Agencia 32 del Ministerio P\u00fablico le dijeron a su tutor que \u00e9l o la ex pareja de Alejandra pod\u00edan denunciar a la joven por los hechos. El padre de la muchacha se neg\u00f3.<\/p>\n\n\n\n<p class=\"wp-block-paragraph\">\u201cMe dijeron que si yo quer\u00eda, ser\u00eda uno de los principales para denunciar, si yo no estaba de acuerdo o sent\u00eda que mi hija fuera culpable. Pero no lo voy a hacer\u201d, expres\u00f3.<\/p>\n\n\n\n<p class=\"wp-block-paragraph\">Despu\u00e9s el proceso se volvi\u00f3 a estancar, hasta finales del 2020, cuando notificaron formalmente a Alejandra que estaba acusada de homicidio en raz\u00f3n de parentesco por el parto fortuito, porque, seg\u00fan su interpretaci\u00f3n de la necropsia, ella asfixi\u00f3 al producto.&nbsp;<\/p>\n\n\n\n<h2 class=\"wp-block-heading\"><strong>No es un caso aislado&nbsp;<\/strong><\/h2>\n\n\n\n<p class=\"wp-block-paragraph\">Alejandra es una de las ocho mujeres que, en los \u00faltimos 16 a\u00f1os, fueron acusadas de homicidio en raz\u00f3n de parentesco tras un aborto espont\u00e1neo o un parto fortuito en Yucat\u00e1n. Ambas son emergencias obst\u00e9tricas que requieren atenci\u00f3n intrahospitalaria urgente, no delitos.<\/p>\n\n\n\n<p class=\"wp-block-paragraph\">De acuerdo con las sentencias encontradas en el archivo del Poder Judicial de Yucat\u00e1n y a trav\u00e9s de solicitudes de acceso a la informaci\u00f3n en la Plataforma Nacional de Transparencia (PNT), la mitad de esas mujeres era menor de edad cuando sucedieron los hechos; las otras cuatro ten\u00edan entre 19 y 27 a\u00f1os y tuvieron que enfrentar un juicio por un delito que se castiga hasta con 60 a\u00f1os de c\u00e1rcel.<\/p>\n\n\n\n<p class=\"wp-block-paragraph\">\u00bfPor qu\u00e9 se est\u00e1 acusando a las mujeres con emergencias obst\u00e9tricas de asesinato? Especialistas y activistas han insistido en que es una consecuencia de la criminalizaci\u00f3n del aborto en M\u00e9xico: los estereotipos, prejuicios y las leyes que penalizan la interrupci\u00f3n voluntaria, as\u00ed como aquellas que protegen la vida desde la fecundaci\u00f3n, han ocasionado que se trate como delincuentes a quienes pierden un embarazo de forma espont\u00e1nea o han tenido un parto fortuito, es decir, que entran en labor de parto de manera prematura fuera de un hospital.&nbsp;<\/p>\n\n\n\n<p class=\"wp-block-paragraph\">El C\u00f3digo Penal Federal y el C\u00f3digo Penal de Yucat\u00e1n se\u00f1alan que el aborto es la muerte del producto en cualquier momento de la pre\u00f1ez, por lo cual incluso las emergencias obst\u00e9tricas que ocurren en los \u00faltimos meses de embarazo podr\u00edan clasificarse como abortos.<\/p>\n\n\n\n<p class=\"wp-block-paragraph\">Al acusar a las mujeres de homicidio en raz\u00f3n se parentesco, las autoridades pretenden determinar que el producto naci\u00f3 vivo y que fue privado de la vida de manera dolosa por la mujer, basando esta teor\u00eda en la edad gestacional del producto y en pruebas forenses obsoletas e imprecisas, como la docimasia pulmonar, indic\u00f3 el Grupo de Informaci\u00f3n en Reproducci\u00f3n Elegida (GIRE).<\/p>\n\n\n\n<p class=\"wp-block-paragraph\">Esto resulta m\u00e1s grave pues, como explic\u00f3 la activista Ver\u00f3nica Cruz S\u00e1nchez de la organizaci\u00f3n Las Libres, hoy en d\u00eda en M\u00e9xico no se encarcela a mujeres que interrumpen sus embarazos de manera voluntaria bajo el delito de aborto, pero s\u00ed existen mujeres en la c\u00e1rcel por homicidio en raz\u00f3n de parentesco.&nbsp;<\/p>\n\n\n\n<h2 class=\"wp-block-heading\"><strong>No todos los partos son color de rosa<\/strong><\/h2>\n\n\n\n<p class=\"wp-block-paragraph\">En M\u00e9xico, del 15 al 20 por ciento de los embarazos diagnosticados concluyen en aborto espont\u00e1neo, de acuerdo con el Instituto Mexicano de Seguro Social (IMSS). Y a&nbsp;nivel mundial, alrededor de seis por ciento termina en parto prematuro, detall\u00f3 el doctor Alfonso Gerardo Carrera Riva Palacio, ginec\u00f3logo y director M\u00e9dico de la Fundaci\u00f3n Marie Stopes y Coordinador de Global Doctor For Choice en M\u00e9xico.&nbsp;<\/p>\n\n\n\n<p class=\"wp-block-paragraph\">Los abortos espont\u00e1neos pueden presentarse en cualquier momento de la pre\u00f1ez, pero m\u00e9dicamente se nombran como tales cuando un embri\u00f3n o feto muere o es expulsado antes de la semana 20 de embarazo, o pesa menos de 500 gramos. Si pesa m\u00e1s o el incidente ocurre despu\u00e9s de la semana 22, se suele emplear el t\u00e9rmino m\u00e9dico \u201cmuerte fetal\u201d, seg\u00fan la organizaci\u00f3n Planned Parenthood y el IMSS.<\/p>\n\n\n\n<p class=\"wp-block-paragraph\">La Organizaci\u00f3n Mundial de la Salud (OMS), se\u00f1ala que se considera un parto prematuro cuando la labor de parto ocurre antes de las 37 semanas de gestaci\u00f3n: se considera extremo cuando es antes de las 28 semanas, muy prematuro cuando es de las 28 a las 32 semanas, y prematuro tard\u00edo, de 32 a 37 semanas.<\/p>\n\n\n\n<p class=\"wp-block-paragraph\">Se les denomina \u201cpartos fortuitos\u201d si ocurren fuera de las instalaciones m\u00e9dicas y por lo tanto, presentan un elevado riesgo de mortalidad y morbilidad, seg\u00fan art\u00edculos de la Revista de la Comisi\u00f3n Nacional de Arbitraje M\u00e9dico (CONAMED).&nbsp;<\/p>\n\n\n\n<p class=\"wp-block-paragraph\">Las razones m\u00e9dicas por las que un embarazo no llega a t\u00e9rmino son muchas y muy variadas.&nbsp;Los partos prematuros est\u00e1n asociados a diversos factores, algunos intr\u00ednsecos y otros hereditarios. Existen familias en las que todos los partos son prematuros o en las que existen p\u00e9rdidas en la gestaci\u00f3n de manera habitual, lo cual indicar\u00eda la intervenci\u00f3n de un elemento gen\u00e9tico. Tambi\u00e9n se ha vinculado la necrosis tumoral, deficiencias en vitaminas, infecciones urinarias, vaginales o de ri\u00f1ones, con los productos pre t\u00e9rmino.<\/p>\n\n\n\n<p class=\"wp-block-paragraph\">\u201cEl parto prematuro expone a las mujeres no solo al aborto sino a que tengan complicaciones como sangrados. Una mujer que no est\u00e1 lista, porque nunca fue vigilada ni revisada, se expone a la anemia, a la falta de control de hierro, enfermedades que desde la semana ocho van aumentando el riesgo. La anemia es una condici\u00f3n frecuente que s\u00ed afecta la calidad de vida de las mujeres y los fetos; y la hemorragia empeora la situaci\u00f3n porque se asocia con infecciones\u201d, precis\u00f3 el ginec\u00f3logo.<\/p>\n\n\n\n<p class=\"wp-block-paragraph\">El control prenatal debe comenzar en la semana 11 de acuerdo con la Norma Oficial Mexicana (NOM) 007-2010. Por eso, las mujeres que no tienen un acompa\u00f1amiento adecuado est\u00e1n en una situaci\u00f3n de desventaja. Desafortunadamente no todas tienen acceso a ese servicio, admiti\u00f3 el especialista.<\/p>\n\n\n\n<p class=\"wp-block-paragraph\">Alejandra fue puesta en duda por no saber de su embarazo. En el Hospital \u201cBenito Ju\u00e1rez\u201d, una de las m\u00e9dicas la cuestion\u00f3 abiertamente.&nbsp;<\/p>\n\n\n\n<figure class=\"wp-block-image size-full\"><a href=\"https:\/\/redsemlac.com\/semmexico\/wp-content\/uploads\/2021\/11\/ABORTO-4.png\"><img loading=\"lazy\" decoding=\"async\" width=\"940\" height=\"788\" src=\"https:\/\/redsemlac.com\/semmexico\/wp-content\/uploads\/2021\/11\/ABORTO-4.png\" alt=\"\" class=\"wp-image-41760\"\/><\/a><\/figure>\n\n\n\n<p class=\"wp-block-paragraph\">\u201cLa doctora estaba embarazada. Me pregunt\u00f3 por qu\u00e9 lo ocult\u00e9, por qu\u00e9 hab\u00eda hecho eso. Tampoco crey\u00f3 que yo no haya sentido el embarazo, porque seg\u00fan ella, desde el primer momento se siente\u201d, cont\u00f3 la joven.<\/p>\n\n\n\n<p class=\"wp-block-paragraph\">Pero esta afirmaci\u00f3n no es real, pues no todas las mujeres se percatan de su estado. As\u00ed lo confirm\u00f3 Alfonso Carrera, quien explic\u00f3 que muchas mujeres tienen per\u00edodos menstruales irregulares o tardan en reglar, lo cual complica la detecci\u00f3n del embarazo.&nbsp;<\/p>\n\n\n\n<p class=\"wp-block-paragraph\">Dichas situaciones est\u00e1n asociadas a padecimientos como los ovarios poliqu\u00edsticos, la obesidad m\u00f3rbida o la p\u00e9rdida de la resistencia en el cuello de la matriz. De hecho, esta \u00faltima condici\u00f3n puede dar lugar a embarazos no perceptibles o partos r\u00e1pidos, con poca contractibilidad.<\/p>\n\n\n\n<p class=\"wp-block-paragraph\">\u201cNo a todas las mujeres les tiene que doler el embarazo, no todas van a sentir los mismos s\u00edntomas y por lo tanto, pueden llegar a un parto fortuito en el que casi no se dan cuenta que est\u00e1n en trabajo de parto, sino es que se dan cuenta hasta el momento del nacimiento\u201d, puntualiz\u00f3 el ginec\u00f3logo.<\/p>\n\n\n\n<p class=\"wp-block-paragraph\">Incluso algunas mujeres no primerizas lo notan hasta la semana 15 (al final del primer trimestre), solo porque presentan s\u00edntomas similares a los de su primer embarazo. Por otro lado, hasta una mala valoraci\u00f3n m\u00e9dica puede no identificar de manera oportuna un embarazo, reconoci\u00f3.<\/p>\n\n\n\n<p class=\"wp-block-paragraph\">Ninguna de las mujeres de los casos documentados en este reportaje tuvo control prenatal y adem\u00e1s de Alejandra, otras cinco mujeres desconoc\u00edan que estaban embarazadas: Alissa*, quien tambi\u00e9n era menor de edad al momento de los hechos; Micaela*, de 17 a\u00f1os; Zafiro*, de 21 a\u00f1os; Esmeralda*, de 25 a\u00f1os y cuya hermana tambi\u00e9n hab\u00eda tenido un parto fortuito; y Evelia, que contaba con 27 a\u00f1os. Todas ellas eran primerizas.&nbsp;<\/p>\n\n\n\n<h2 class=\"wp-block-heading\"><strong>La docimasia pulmonar, el pretexto para meter a las mujeres a la c\u00e1rcel<\/strong><\/h2>\n\n\n\n<p class=\"wp-block-paragraph\">En los procesos por homicidio en raz\u00f3n de parentesco por emergencias obst\u00e9tricas, lo que suele definir la culpabilidad de las mujeres es la determinaci\u00f3n de que el producto estaba vivo.<\/p>\n\n\n\n<p class=\"wp-block-paragraph\">Esto a pesar de que no existe una manera de comprobar si se trat\u00f3 de un aborto espont\u00e1neo, es decir, si el producto estaba muerto desde el \u00fatero; si naci\u00f3 muerto o vivo, o si era viable, pues son muchas las razones por las cuales el producto puede fallecer en un parto fortuito.<\/p>\n\n\n\n<p class=\"wp-block-paragraph\">\u00abEl feto puede tener un desprendimiento o tener ya una asfixia previa que nadie sabe que la tiene. Si tiene asfixia va a ser dif\u00edcil que sobreviva porque su pron\u00f3stico es malo. Se necesita una atenci\u00f3n intrahospitalaria y aqu\u00ed los minutos cuentan\u00bb, coment\u00f3 el ginec\u00f3logo Alfonso Carrera al respecto.<\/p>\n\n\n\n<p class=\"wp-block-paragraph\">Para \u00abprobar\u00bb que hubo un delito, la Fiscal\u00eda recurre a la docimasia pulmonar, la cual consiste en sumergir los pulmones del producto en agua: si flotan o sacan burbujas, se concluye que naci\u00f3 vivo y respir\u00f3. A partir de los resultados, la autoridad se mueve bajo la l\u00f3gica de \u201csi respir\u00f3 y despu\u00e9s muri\u00f3, significa que en ese per\u00edodo de tiempo lo mataron\u201d.<\/p>\n\n\n\n<p class=\"wp-block-paragraph\">Pero la docimasia es \u201cuna prueba que no sirve, est\u00e1 demostrado\u201d, se\u00f1al\u00f3 el ginec\u00f3logo. Esto porque muchas cosas pueden provocar que los pulmones floten, por ejemplo, una infecci\u00f3n.&nbsp;<\/p>\n\n\n\n<figure class=\"wp-block-image size-full\"><a href=\"https:\/\/redsemlac.com\/semmexico\/wp-content\/uploads\/2021\/11\/ABORTO-3.png\"><img loading=\"lazy\" decoding=\"async\" width=\"940\" height=\"788\" src=\"https:\/\/redsemlac.com\/semmexico\/wp-content\/uploads\/2021\/11\/ABORTO-3.png\" alt=\"\" class=\"wp-image-41759\"\/><\/a><\/figure>\n\n\n\n<p class=\"wp-block-paragraph\">\u201cO peor, a veces le dan ventilaci\u00f3n: est\u00e1n metiendo artificialmente aire al pulm\u00f3n. Entonces s\u00ed, va a flotar. No debe ser considerada como una prueba de esos delitos\u201d, a\u00f1adi\u00f3.&nbsp;<\/p>\n\n\n\n<p class=\"wp-block-paragraph\">En 2012 la Suprema Corte de Justicia de la Naci\u00f3n (SCJN), atrajo el amparo de una mujer ind\u00edgena de Guerrero por violaci\u00f3n a sus derechos de defensa adecuada, para discutir \u2014entre otras cosas\u2014 la fiabilidad de la prueba de docimasia pulmonar hidrost\u00e1tica.&nbsp;<\/p>\n\n\n\n<p class=\"wp-block-paragraph\">El resultado fue que \u201cla \u00fanica prueba de cargo que sustentaba la condena era la necropsia practicada por el perito oficial, la cual era claramente insuficiente para establecer que el deceso de la v\u00edctima fue resultado de alguna acci\u00f3n realizada por la quejosa\u201d.&nbsp;<\/p>\n\n\n\n<p class=\"wp-block-paragraph\">Al preguntarle al magistrado de la Sala Unitaria de Justicia para Adolescentes del Tribunal Superior de Justicia del Estado de Yucat\u00e1n, Santiago Altamirano Escalante, si la docimasia pulmonar era una prueba v\u00e1lida para el delito, respondi\u00f3 que \u201cel tema de qu\u00e9 debe ser admitido y qu\u00e9 no, es complejo, y la \u00fanica manera de demostrarlo es con las decisiones que vayan tomando los jueces, los magistrados, un colegiado de distrito o la SCJN\u201d.&nbsp;<\/p>\n\n\n\n<p class=\"wp-block-paragraph\">De los ocho casos documentados en este reportaje, seis registran la muerte del producto por asfixia. En dos, acusan a la mujer de provocarla por guardar el cuerpo en una bolsa de pl\u00e1stico; en los otros, sugieren que fueron ellas quienes asfixiaron al producto. En cuatro casos la \u00fanica prueba de las acusaciones es la docimasia pulmonar.&nbsp;<\/p>\n\n\n\n<p class=\"wp-block-paragraph\">Uno de ellos es el de Alejandra. Una de sus asesores jur\u00eddicos, Amelia Ojeda Sosa, de la Unidad de Atenci\u00f3n Sicol\u00f3gica, Sexol\u00f3gica y Educativa para el crecimiento personal (UNASSE) indic\u00f3 que la docimasia pulmonar, \u201cuna prueba inexacta y obsoleta\u201d es una de las pocas que tiene la Fiscal\u00eda para acusarla de asesinar al producto.<\/p>\n\n\n\n<h2 class=\"wp-block-heading\"><strong>Criminalizadas desde el principio: la salud de las mujeres pasa a segundo plano<\/strong><\/h2>\n\n\n\n<p class=\"wp-block-paragraph\">Un punto com\u00fan que tienen los casos de mujeres criminalizadas por eventos obst\u00e9tricos es que tanto el personal de salud, como los elementos polic\u00edacos e incluso el Instituto de Defensa P\u00fablica del Estado, se encargan desde el primer momento de encontrar elementos para culpar a las mujeres que tuvieron un aborto espont\u00e1neo o un parto fortuito.<\/p>\n\n\n\n<p class=\"wp-block-paragraph\">Cuando los param\u00e9dicos llegaron a la escuela de Alejandra el d\u00eda de los hechos, no brindaron auxilio inmediato a la joven, solo la interrogaron. \u201cMe preguntaron si yo lo hab\u00eda provocado, qu\u00e9 tom\u00e9, si estaba ocultando el embarazo. Fueron al ba\u00f1o para ver si no ten\u00eda vendas o algo por el estilo, porque estaban mencionando que yo ocult\u00e9 el embarazo\u201d, dijo.<\/p>\n\n\n\n<p class=\"wp-block-paragraph\">Los trabajadores se enfocaron en atender al producto, aunque \u00e9ste no ten\u00eda signos vitales. Llamaron a otra ambulancia y fue hasta que lleg\u00f3 otro param\u00e9dico, quien valor\u00f3 a Alejandra y detect\u00f3 que estaba a punto de tener un shock hipovol\u00e9mico, que la enviaron al hospital.<\/p>\n\n\n\n<p class=\"wp-block-paragraph\">Es necesario recordar que no es tarea de los param\u00e9dicos preservar posibles escenas del crimen, pues no son auxiliares de la polic\u00eda investigadora ni peritos: su labor es auxiliar a las personas para atender su salud y su vida.<\/p>\n\n\n\n<p class=\"wp-block-paragraph\">\u201cLos param\u00e9dicos no ponen cadenas de custodia. Lo primero que deben preservar es la vida y la integridad f\u00edsica de la mujer que est\u00e1 viviendo un evento obst\u00e9trico, no asegurar datos de culpabilidad. Pero llegan encargados de perseguir y condenar\u201d, asever\u00f3 el abogado defensor de Alejandra, cuya identidad se mantiene reservada para mantener la confidencialidad del caso.&nbsp;<\/p>\n\n\n\n<p class=\"wp-block-paragraph\">En las sentencias tambi\u00e9n queda clara la intenci\u00f3n de los fiscales de culpabilizar a la mujer por no asistir al producto durante la emergencia obst\u00e9trica. La maestra en antropolog\u00eda social, Roxana Aguilar Ram\u00edrez concluy\u00f3 en una investigaci\u00f3n focalizada en Yucat\u00e1n que lo que toman en cuenta es \u201cel manejo de los restos fetales de su propio embarazo que es interpretado como la decisi\u00f3n de hacer morir a sus hijos\u201d.<\/p>\n\n\n\n<p class=\"wp-block-paragraph\">Nict\u00e9*, una menor de edad originaria de Tahdzi\u00fa, tuvo un parto fortuito a los siete meses de gestaci\u00f3n, en un embarazo producto de violencia sexual. Nunca llev\u00f3 control prenatal. Al acusarla, el Fiscal argument\u00f3 que \u201cdej\u00f3 de actuar, aunque ten\u00eda el deber legal de hacerlo\u201d y \u201cno solicit\u00f3 ayuda para el parto\u201d.<\/p>\n\n\n\n<p class=\"wp-block-paragraph\">La entonces fiscal Irene Maga\u00f1a Barbosa dedic\u00f3 varios p\u00e1rrafos a enumerar lo que debi\u00f3 hacer la adolescente como parte de \u201csu obligaci\u00f3n de garantizar la vida a su hijo neonato\u201d: \u201csolicitar auxilio de un m\u00e9dico, ejecutar reanimaci\u00f3n neonatal consistente en remover las secreciones de la vida a\u00e9rea, limpiar nariz y boca, revisar el color del l\u00edquido amni\u00f3tico para evitar que respire meconio, introducir el llanto del ni\u00f1o, cerciorarse de su tono muscular y evaluar el color del neonato\u201d, \u201cy no solo cortar el cord\u00f3n umbilical\u201d.&nbsp;<\/p>\n\n\n\n<p class=\"wp-block-paragraph\">Durante ese tiempo, la menor se encontraba desangr\u00e1ndose y con la placenta retenida, como declararon los param\u00e9dicos antes de llevarla al hospital. En el caso de Nict\u00e9, su sentencia fue de un a\u00f1o en el Centro Especializado en la Aplicaci\u00f3n de Medidas para Adolescentes (Ceama). La Fiscal\u00eda apel\u00f3 para que la sentencia fuera mayor alegando que \u201cno mostr\u00f3 arrepentimiento\u201d. La apelaci\u00f3n fue desestimada.&nbsp;<\/p>\n\n\n\n<p class=\"wp-block-paragraph\">Sin embargo, una mujer despu\u00e9s de parir no se encuentra en las mejores condiciones para brindar atenci\u00f3n al producto.&nbsp;<\/p>\n\n\n\n<p class=\"wp-block-paragraph\">\u201cSe llama trabajo de parto porque es exhaustivo, la mujer queda exhausta en el momento de pujar. El pujo tiene una intensidad y el esfuerzo que se requiere es may\u00fasculo. No solo es el dolor sino el esfuerzo y el consumo de energ\u00eda. Una mujer que tiene un parto no tiene energ\u00eda para atender al producto. Y adem\u00e1s si tiene anemia, est\u00e1 d\u00e9bil, malnutrida, son casos que la ley no considera. Pareciera que el feto tiene m\u00e1s derechos que una mujer\u201d, expres\u00f3 el doctor Alfonso Carrera.<\/p>\n\n\n\n<p class=\"wp-block-paragraph\">En el 2005, Zafiro fue sentenciada a 10 a\u00f1os de prisi\u00f3n por homicidio en raz\u00f3n de parentesco despu\u00e9s de parir un producto de ocho meses de gestaci\u00f3n en el traspatio de su abuela. A pesar de que en su declaraci\u00f3n manifest\u00f3 sentirse muy asustada, adolorida y confundida, la Fiscal\u00eda califica como \u201ccuestiones irrelevantes que no tienen trascendencia\u201d el hecho de que ignoraba que estuviera embarazada y no hubiera tenido atenci\u00f3n m\u00e9dica durante este tiempo.&nbsp;<\/p>\n\n\n\n<p class=\"wp-block-paragraph\">En los papeles del amparo presentado por Zafiro, se observan frases como \u201cse infiere que [el producto] naci\u00f3 vivo porque empez\u00f3 a llorar\u201d, \u201cella ten\u00eda la determinaci\u00f3n de mantener oculto este evento\u201d, \u201cno quer\u00eda que nadie viera lo que estaba sucediendo en el excusado\u201d, \u201cno quer\u00eda que escucharan el llanto del reci\u00e9n nacido\u201d.<\/p>\n\n\n\n<p class=\"wp-block-paragraph\">El especialista en ginecolog\u00eda consider\u00f3 que negarle la atenci\u00f3n m\u00e9dica a una mujer es \u201cfraudulento\u201d para el gremio m\u00e9dico, pues atenta contra el principio de \u201cno da\u00f1ar\u201d. Tambi\u00e9n conden\u00f3 a aquellos especialistas que buscan se\u00f1alarlas.<\/p>\n\n\n\n<p class=\"wp-block-paragraph\">\u201cLos m\u00e9dicos que declaran en contra de sus pacientes est\u00e1n afectando la \u00e9tica m\u00e9dica. Creo que debemos actuar \u00e9ticamente y no moralmente. Ejerzamos cient\u00edficamente. Que cada quien crea lo que quiera en su religi\u00f3n, pero que no impongan a otros lo que ellos creen\u201d, sostuvo.<\/p>\n\n\n\n<h2 class=\"wp-block-heading\"><strong>Estereotipos y nula perspectiva de g\u00e9nero en el servicio p\u00fablico<\/strong><\/h2>\n\n\n\n<p class=\"wp-block-paragraph\">\u00bfCu\u00e1les son los argumentos de fiscales, jueces y magistrados para encarcelar a mujeres que parieron en condiciones de emergencia? Amelia Ojeda opin\u00f3 que el punitivismo penal tiene una particular afecci\u00f3n contra las mujeres.&nbsp;<\/p>\n\n\n\n<p class=\"wp-block-paragraph\">\u201cEn este pa\u00eds se carece de perspectiva de g\u00e9nero. Hay casos documentados una y otra vez, el tema siempre son los estereotipos y esa susceptibilidad que tiene la justicia penal contra las mujeres y en los delitos de car\u00e1cter sexual vemos un pronunciamiento mucho mayor\u201d, extern\u00f3.<\/p>\n\n\n\n<p class=\"wp-block-paragraph\">Basta una simple revisi\u00f3n de las sentencias de los casos para encontrar frases con lenguaje especulativo e inquisidor, cuya finalidad aparentemente es la de atribuirle a las mujeres la responsabilidad de los hechos.&nbsp;<\/p>\n\n\n\n<p class=\"wp-block-paragraph\">Alba*, originaria de Uc\u00fa, Yucat\u00e1n, un municipio de poco m\u00e1s de tres mil habitantes al norte del estado mexicano, ten\u00eda 19 a\u00f1os cuando la madrugada del 30 de marzo del 2007 entr\u00f3 en labor de parto en su casa. En su declaraci\u00f3n, explic\u00f3 que el producto no se mov\u00eda ni lloraba, lo dej\u00f3 para lavarse y cuando volvi\u00f3 se qued\u00f3 esperando un rato a que se moviera. Intent\u00f3 sacudirlo pero al no ver reacciones de vida, lo enterr\u00f3.&nbsp;<\/p>\n\n\n\n<p class=\"wp-block-paragraph\">\u201cManifestando la inculpada llorando que no quer\u00eda que el beb\u00e9 muriera, que habita aproximadamente a ocho o diez calles de una cl\u00ednica, pero que en las noches no hay nadie y que no hay doctores\u201d, dijo en su declaraci\u00f3n preparatoria, en abril del 2007.&nbsp;<\/p>\n\n\n\n<p class=\"wp-block-paragraph\">La acusaci\u00f3n del Fiscal se compone de juicios morales como el \u00e9nfasis en que \u201cella ve normal tener relaciones sexuales con amistades\u201d y diminutivos para hablar del producto tales como \u201ccuerpecito\u201d, \u201cpiernita\u201d o \u201cpeque\u00f1o pene\u201d. Tambi\u00e9n mencionaron la frase \u201cocultar la deshonra\u201d en la reconstrucci\u00f3n de los hechos.<\/p>\n\n\n\n<p class=\"wp-block-paragraph\">Sin embargo, Alba present\u00f3 un amparo. En las diligencias de careos consta que ratific\u00f3 su declaraci\u00f3n, pues en el documento se asent\u00f3 que \u201cel ni\u00f1o llor\u00f3\u201d cuando naci\u00f3, y ella lo firm\u00f3 sin leer, confiando en que su defensor corregir\u00eda el error.<\/p>\n\n\n\n<p class=\"wp-block-paragraph\">Gracias a ese juicio y tras siete a\u00f1os de su primera sentencia, fue absuelta de toda culpa: se concluy\u00f3 que no hubo pruebas de que el producto naci\u00f3 con vida e incluso si esto hubiera sucedido, el neonato pudo haber fallecido por cualquier otra causa.&nbsp;<\/p>\n\n\n\n<p class=\"wp-block-paragraph\">\u201cEstos delitos contienen una doble carga y sanci\u00f3n moral: son mujeres que matan a sus hijos. El papel de las mujeres no solo ser\u00e1 nulo en la discusi\u00f3n, sino que cuando se les llega a colocar, son puestas en un estado de abyecci\u00f3n y deshumanizaci\u00f3n, porque son vistas y tratadas como madres responsables de privar de la vida a sus hijos\u201d, concluy\u00f3 la antrop\u00f3loga Roxana Aguilar en su estudio.<\/p>\n\n\n\n<p class=\"wp-block-paragraph\">Alissa era menor de edad cuando, a principios de diciembre del 2009, sinti\u00f3 malestar estomacal. Su madre y su padre la llevaron con un hierbatero, quien le dijo que ten\u00eda \u201cun producto del mal\u201d. De acuerdo con la sentencia, le explic\u00f3 que podr\u00eda tratarse de \u201cun cochino\u201d o \u201cun p\u00e1jaro\u201d.&nbsp;<\/p>\n\n\n\n<p class=\"wp-block-paragraph\">Horas m\u00e1s tarde la joven tuvo un parto fortuito y, siguiendo las instrucciones del curandero, puso las bolsas en una carretera. Present\u00f3 retenci\u00f3n placentaria y edema vulvar. Ella desconoc\u00eda estar embarazada, pues no dej\u00f3 de tener su per\u00edodo menstrual y adem\u00e1s tom\u00f3 pastillas anticonceptivas.<\/p>\n\n\n\n<p class=\"wp-block-paragraph\">En los documentos del proceso en su contra, se observa la predominaci\u00f3n de los estereotipos, pues la condenaron con argumentos como que \u201cpor sentido com\u00fan, su preparaci\u00f3n acad\u00e9mica y su religi\u00f3n cat\u00f3lica, tiene conocimiento de que privar la vida de otra persona es delito\u201d; que \u201cen su calidad de garante estaba obligada a cuidar de su descendiente\u201d, y que \u201ccuando acaeci\u00f3 el alumbramiento cort\u00f3 el cord\u00f3n umbilical de su hijo con unas tijeras, lo que da muestras de su inteligencia, por tanto, se estima que no desconoce la ley\u201d.<\/p>\n\n\n\n<p class=\"wp-block-paragraph\">Tambi\u00e9n destacan las especulaciones con frases como que el feto \u201cten\u00eda golpes en el cuerpo y se deduce que fue golpeado antes de ser aventado\u201d, pero no fue aportada ninguna prueba de eso.<\/p>\n\n\n\n<p class=\"wp-block-paragraph\">En el caso de Alejandra, cuando la Defensor\u00eda P\u00fablica apel\u00f3 la vinculaci\u00f3n a proceso, el Fiscal present\u00f3 un escrito en el cual destac\u00f3 las palabras \u201cpremeditaci\u00f3n, alevos\u00eda y ventaja\u201d. De acuerdo con Amelia Ojeda, esto tiene el fin de apuntar a que la joven ten\u00eda toda la intenci\u00f3n de matar al producto.&nbsp;<\/p>\n\n\n\n<p class=\"wp-block-paragraph\">\u201cEsto nos demuestra los prejuicios y estereotipos que tienen quienes est\u00e1n encargados de la impartici\u00f3n de justicia, que no tienen perspectiva de g\u00e9nero, ni de juventud, ni conocen el contexto de cada caso. Lo que han hecho es: c\u00f3mo encuentro informaci\u00f3n que pruebe mi teor\u00eda de que ella es culpable y lo quer\u00eda matar\u201d, sostuvo.<\/p>\n\n\n\n<figure class=\"wp-block-image size-large\"><a href=\"https:\/\/redsemlac.com\/semmexico\/wp-content\/uploads\/2021\/11\/ABORTO-5.jpg\"><img decoding=\"async\" src=\"https:\/\/redsemlac.com\/semmexico\/wp-content\/uploads\/2021\/11\/ABORTO-5-1024x682.jpg\" alt=\"\" class=\"wp-image-41761\"\/><\/a><\/figure>\n\n\n\n<p class=\"wp-block-paragraph\">Tanto en la audiencia de vinculaci\u00f3n a proceso como durante el an\u00e1lisis de la apelaci\u00f3n en el Tribunal de Alzada, se exhibieron los argumentos \u201cl\u00f3gicos\u201d de la Fiscal\u00eda: sostiene que Alejandra es una mujer joven de prepa, por lo que \u201ctiene conocimiento suficiente respecto a su sexualidad, para saber qu\u00e9 pasa si tiene relaciones sexuales sin protecci\u00f3n\u201d.<\/p>\n\n\n\n<p class=\"wp-block-paragraph\">Adem\u00e1s, asegura que como mujer \u201cdebe saber que est\u00e1 embarazada y qu\u00e9 pasa si tiene relaciones sexuales sin protecci\u00f3n\u201d, explic\u00f3 el abogado defensor de la adolescente.<\/p>\n\n\n\n<p class=\"wp-block-paragraph\">Adem\u00e1s de los argumentos cargados de estereotipos, el proceso contra Alejandra ha estado plagado de irregularidades. Una de ellas es que a Gonzalo lo condicionaron para entregarle el cad\u00e1ver del producto.&nbsp;<\/p>\n\n\n\n<p class=\"wp-block-paragraph\">De acuerdo con el padre de la joven, algunas personas de la FGE y del Registro Civil dec\u00edan que no pod\u00edan determinar si el evento obst\u00e9trico fue un parto prematuro o un aborto, y otras insist\u00edan en que s\u00ed naci\u00f3 vivo y por lo tanto, ten\u00eda que ponerle nombre, registrarlo y entonces le dar\u00edan los restos.<\/p>\n\n\n\n<p class=\"wp-block-paragraph\">\u201cLe dijeron que si lo quer\u00eda, ten\u00eda que ponerle nombre y firmar el acta de nacimiento, le dan tratamiento de persona al producto, cuando no se sabe si fue un aborto espont\u00e1neo o un parto prematuro. Y a la fecha, hay un acta de defunci\u00f3n, pero no hay una de nacimiento. Entonces no se le puede dar tratamiento de persona al producto\u201d, dijo Amelia Ojeda.<\/p>\n\n\n\n<p class=\"wp-block-paragraph\">De igual forma, la FGE emple\u00f3 las declaraciones de la familia, amistades y docentes de Alejandra en su contra: cuando esas personas afirmaron que nunca supieron ni notaron el embarazo, hicieron parecer que la joven hab\u00eda ocultado su estado deliberadamente.&nbsp; \u201cPresumen que ella minti\u00f3. Pero entonces el Ministerio P\u00fablico tiene que probar que minti\u00f3\u201d, indic\u00f3 la abogada.<\/p>\n\n\n\n<p class=\"wp-block-paragraph\">Tambi\u00e9n insisten en que la asfixia mec\u00e1nica por sofocaci\u00f3n fue causada con las manos de la joven. Sin embargo, en el dictamen forense no se acredita tal cosa. \u201cMuchas veces, durante la gestaci\u00f3n el cord\u00f3n umbilical se amarra en el cuello, y ellos no tienen forma de saber si ocurri\u00f3 as\u00ed\u201d, precis\u00f3 Amelia Ojeda.<\/p>\n\n\n\n<p class=\"wp-block-paragraph\">Por otro lado, en al menos tres casos de los ocho documentados, el Ministerio P\u00fablico apel\u00f3 las sentencias impuestas a las mujeres, pidiendo sanciones mayores, bajo el argumento de que las penas no eran suficientes ni acordes a la magnitud del presunto crimen.<\/p>\n\n\n\n<h2 class=\"wp-block-heading\"><strong>La Defensor\u00eda P\u00fablica no defiende a las mujeres<\/strong><\/h2>\n\n\n\n<p class=\"wp-block-paragraph\">Los errores y desaciertos del sistema de justicia no se limitan al actuar del Ministerio P\u00fablico: alcanzan la esfera del Instituto de Defensa P\u00fablica del Estado, el \u00f3rgano encargado de garantizar la justicia a personas que por su condici\u00f3n econ\u00f3mica, social o cultural no puedan contratar servicios de defensa legal.<\/p>\n\n\n\n<p class=\"wp-block-paragraph\">Alejandra ha vivido en carne propia las negligencias y omisiones de dicha instancia. Tras enterarse de que estaba siendo acusada de homicidio en raz\u00f3n de parentesco por la emergencia obst\u00e9trica que tuvo en la escuela, busc\u00f3 al representante de la Defensor\u00eda P\u00fablica que le asignaron, pero no dialogaron mucho.<\/p>\n\n\n\n<p class=\"wp-block-paragraph\">De acuerdo con su padre, solamente convivieron con \u00e9l escasos minutos antes de las audiencias. Nunca plante\u00f3 una estrategia de defensa para la joven. Incluso, sugiri\u00f3 a Alejandra declararse culpable del delito y llegar a un acuerdo con la Fiscal\u00eda.<\/p>\n\n\n\n<p class=\"wp-block-paragraph\">Al principio le coment\u00f3 a la joven que la sanci\u00f3n podr\u00eda ser de cinco a\u00f1os en el Ceama. Despu\u00e9s le indic\u00f3 que podr\u00eda hacer un trato con la FGE para que le impongan dos a\u00f1os y cinco meses de medidas no privativas de la libertad.<\/p>\n\n\n\n<p class=\"wp-block-paragraph\">Hace un mes le ofreci\u00f3 un a\u00f1o y medio fuera de prisi\u00f3n, es decir, recibir en ese lapso asesor\u00eda psicol\u00f3gica, orientaci\u00f3n familiar, y comprometerse a realizar otras actividades.<\/p>\n\n\n\n<p class=\"wp-block-paragraph\">\u201cSiento que la Fiscal\u00eda y la Defensor\u00eda se pusieron de acuerdo o algo. Yo le dije a Alejandra que si ella quiere, seguimos. Ser\u00e1 lo que ella me diga. Que demuestre la Fiscal\u00eda lo que realmente tienen en contra de ella\u201d, asever\u00f3 Gonzalo.<\/p>\n\n\n\n<p class=\"wp-block-paragraph\">El abogado defensor y Amelia Ojeda confirmaron que la Defensa P\u00fablica nunca ofreci\u00f3 datos para refutar la versi\u00f3n de la FGE, lo cual repercuti\u00f3 en el proceso jur\u00eddico. Por ejemplo, nunca se encarg\u00f3 de combatir el uso de la docimasia como prueba.<\/p>\n\n\n\n<p class=\"wp-block-paragraph\">Tampoco intervino en los momentos en los que se vulneraron los derechos de Alejandra, como cuando ofrecieron a su padre denunciarla o cuando citaron a su hermanito a declarar, pues la ley establece que cualquier familiar de una persona acusada de un delito puede negarse a hacerlo.<\/p>\n\n\n\n<p class=\"wp-block-paragraph\">\u201cSe hace una simulaci\u00f3n de supuesta debida defensa t\u00e9cnica, supuestamente especializada. Adem\u00e1s ella vivi\u00f3 un tema de revictimizaci\u00f3n una y otra vez, y su familia tambi\u00e9n, y eso no solamente tuvo una repercusi\u00f3n en el avance procesal, sino que tendr\u00e1 un impacto permanente en su vida familiar. La labor de la defensa no es solo aportar datos, cuando ve una actitud invasiva o que vulnera un derecho humano, debe solicitar control judicial y constitucional y vemos que en ning\u00fan momento se hizo alguno de estos elementos para defender los intereses de la joven\u201d, dijo el asesor jur\u00eddico.<\/p>\n\n\n\n<p class=\"wp-block-paragraph\">Por si fuera poco, la Defensa P\u00fablica tambi\u00e9n present\u00f3 un recurso para impugnar el nombramiento del defensor particular de Alejandra, pese a que es su derecho contar y elegir a quien ser\u00e1 su defensor.<\/p>\n\n\n\n<p class=\"wp-block-paragraph\">\u201cA lo largo de mi carrera, nunca hab\u00eda visto que se apelara un acuerdo de esa naturaleza. El argumento era que velaban por los mejores intereses de la joven. La Defensa parece m\u00e1s auxiliar de la Fiscal\u00eda que defensora de Alejandra\u201d, declar\u00f3 Amelia Ojeda.<\/p>\n\n\n\n<p class=\"wp-block-paragraph\">Micaela tuvo un parto fortuito o aborto espont\u00e1neo a los 17 a\u00f1os, en el ba\u00f1o del consultorio al cual acudi\u00f3 por presentar malestares estomacales. Tambi\u00e9n la acusaron de homicidio en raz\u00f3n de parentesco y atraves\u00f3 una experiencia similar a la de Alejandra con el Instituto de Defensa P\u00fablica.<\/p>\n\n\n\n<p class=\"wp-block-paragraph\">Para empezar, nunca la asesoraron para evitar que su propia familia declarara. Incluso, su madre, quien es mayahablante, figura como la persona denunciante. De acuerdo con Amelia Ojeda y el abogado defensor, ni la se\u00f1ora ni el resto de la familia ten\u00edan completa certeza del procedimiento: accedieron por desconocimiento. Pese a eso, la Defensa nunca intervino.<\/p>\n\n\n\n<p class=\"wp-block-paragraph\">A la joven le impusieron la medida de internamiento preventivo, misma que fue impugnada posteriormente. El impacto de esa experiencia fue tal, que cuando a Micaela le ofrecieron un trato para llevar su sanci\u00f3n fuera de la c\u00e1rcel, acept\u00f3.<\/p>\n\n\n\n<p class=\"wp-block-paragraph\">Se declar\u00f3 culpable y se le impusieron dos a\u00f1os de sesiones de asesoramiento colectivo, es decir, terapias psicol\u00f3gicas, orientaci\u00f3n familiar, de perspectiva de g\u00e9nero y de sexualidad, as\u00ed como otras actividades que, en caso de no cumplir, ameritar\u00e1n el regreso al Ceama.&nbsp;&nbsp;<\/p>\n\n\n\n<p class=\"wp-block-paragraph\">&nbsp;\u201cEn el papel hab\u00eda un defensor, pero en la realidad no hab\u00eda nadie que la defendiera. Y ella s\u00ed pas\u00f3 por un internamiento preventivo. Basta imaginar lo que genera en una joven que no hab\u00eda cometido ning\u00fan delito, que no sab\u00eda que estaba pasando, que tanto ella como su familia son mayahablantes. Pues evidentemente fue mucho menor el acceso a la justicia. Ella estaba muy atemorizada de volver a ser privada de su libertad. Ella y su mam\u00e1 solo repet\u00edan \u2018Dios sabe que ella no hizo nada\u2019, pero aqu\u00ed el tema es su realidad, y no va a cambiar\u201d, puntualiz\u00f3 el abogado.<\/p>\n\n\n\n<p class=\"wp-block-paragraph\">Las mujeres no tendr\u00edan por qu\u00e9 aceptar las \u201csalidas alternas\u201d o alg\u00fan beneficio, puesto que no cometieron ning\u00fan delito, sentenci\u00f3 Ver\u00f3nica Cruz.<\/p>\n\n\n\n<p class=\"wp-block-paragraph\">Se requiere hacer un trabajo muy fuerte para que entiendan que no son culpables de alg\u00fan crimen, pero es complicado, dado que \u201cla Defensor\u00eda P\u00fablica est\u00e1 empe\u00f1ada en confirmar que ella cometi\u00f3 un delito,&nbsp; sentenciar en consecuencia, y adem\u00e1s verse buena onda de decirle que no va a ir a la c\u00e1rcel, que va a ser arresto domiciliario\u201d, sostuvo.&nbsp;<\/p>\n\n\n\n<p class=\"wp-block-paragraph\">Para la activista, las autoridades tienen una sa\u00f1a particular contra las adolescentes, por su vulnerabilidad. Hablando particularmente del caso de Alejandra, se\u00f1al\u00f3 que la Defensor\u00eda est\u00e1 haciendo el \u201ctrabajo sucio\u201d.&nbsp;<\/p>\n\n\n\n<p class=\"wp-block-paragraph\">\u201cM\u00e1s que sancionar a Alejandra, est\u00e1 cuidando el mal trabajo de investigaci\u00f3n que hizo en ese caso, y claro, cualquier persona, si est\u00e1 sujeta a un proceso penal, bajo el entendimiento de que estar en manos del sistema penal, de polic\u00edas ministeriales, de jueces o ministerios p\u00fablicos significa que te va a ir mal, y si no tienes dinero para defenderte, entonces piensas \u2018si el propio Gobierno, que me tiene en sus manos, dice que me va a ayudar\u2019, entonces las mujeres toman esa posibilidad\u201d, asever\u00f3.&nbsp;<\/p>\n\n\n\n<p class=\"wp-block-paragraph\">Entre tanto, se cuestion\u00f3 al magistrado Santiago Altamirano si existe una insistencia por parte del Ministerio P\u00fablico en criminalizar a las mujeres que abortan espont\u00e1neamente o tienen partos fortuitos, a lo que respondi\u00f3 que \u201cno ten\u00eda datos, por lo cual su respuesta ser\u00eda que no\u201d. Tambi\u00e9n afirm\u00f3 que en la Sala Unitaria Especializada en Justicia Penal para Adolescentes, la misma que ratific\u00f3 la sentencia de Nict\u00e9, \u201cs\u00ed se est\u00e1 aplicando la perspectiva de g\u00e9nero\u201d.<\/p>\n\n\n\n<p class=\"wp-block-paragraph\">\u00bfPor qu\u00e9 las y los servidores p\u00fablicos act\u00faan contra lo establecido en la ley, sin perspectiva de g\u00e9nero y con base en prejuicios y estereotipos?<\/p>\n\n\n\n<p class=\"wp-block-paragraph\">Para Ver\u00f3nica Cruz, existe la posibilidad de que los jueces, m\u00e9dicos, los ministerios p\u00fablicos realicen este tipo de actos por su falta de capacitaci\u00f3n y conocimiento, as\u00ed como la carencia de perspectiva de derechos humanos y de g\u00e9nero.<\/p>\n\n\n\n<p class=\"wp-block-paragraph\">\u201cPuede ser una posibilidad que los jueces, m\u00e9dicos, los ministerios p\u00fablicos sigan estas ideolog\u00edas conservadoras, si tienen en su poder la posibilidad de acusar y sentenciar a las mujeres por delitos m\u00e1s graves relacionados con el aborto. Pero sospecho que tiene que ver m\u00e1s con mucha ignorancia\u201d, indic\u00f3.<\/p>\n\n\n\n<p class=\"wp-block-paragraph\">En el caso espec\u00edfico de la criminalizaci\u00f3n de mujeres por abortos espont\u00e1neos y partos fortuitos, Roxana Aguilar va m\u00e1s all\u00e1. Atribuye el hecho a la modificaci\u00f3n realizada en el 2009 a la Constituci\u00f3n de Yucat\u00e1n, gracias a la cual se comenz\u00f3 a proteger la vida \u201cdesde la fecundaci\u00f3n\u201d.<\/p>\n\n\n\n<p class=\"wp-block-paragraph\">\u201cLa reforma se&nbsp; viene a implantar como un medio de legitimaci\u00f3n jur\u00eddico y social alrededor de la&nbsp; culturizaci\u00f3n de un hecho biol\u00f3gico como es el desarrollo de un cigoto o feto que est\u00e1 en el&nbsp; \u00fatero de la mujer. En suma, la ley posibilita culturizar la biolog\u00eda\u201d, apunt\u00f3.<\/p>\n\n\n\n<p class=\"wp-block-paragraph\">Como se\u00f1ala el informe \u201cMaternidad o castigo\u201d de GIRE, la protecci\u00f3n a la vida desde la fecundaci\u00f3n \u201cotorga personalidad jur\u00eddica al embri\u00f3n, fomenta la desinformaci\u00f3n y prejuicios que permean las acciones de polic\u00edas, ministerios p\u00fablicos y jueces\u201d, adem\u00e1s de que persiguen el objetivo de estigmatizar a las mujeres e imponer castigos \u201cejemplares\u201d, generando temor y desinformaci\u00f3n entre las mismas.<\/p>\n\n\n\n<p class=\"wp-block-paragraph\">Justo por esto, recientemente la SCJN resolvi\u00f3 que la protecci\u00f3n a la vida desde la fecundaci\u00f3n es inconstitucional. El M\u00e1ximo Tribunal del pa\u00eds indic\u00f3 que dicha disposici\u00f3n restringe el ejercicio de los derechos, en particular, los sexuales y reproductivos de las mujeres.<\/p>\n\n\n\n<p class=\"wp-block-paragraph\">Ahora el Congreso del Estado debe modificar la ley local para que no contenga esa disposici\u00f3n inconstitucional, que supone la criminalizaci\u00f3n de quienes tienen un aborto espont\u00e1neo o un parto fortuito.<\/p>\n\n\n\n<h2 class=\"wp-block-heading\"><strong>Existe un subregistro de mujeres criminalizadas por emergencias obst\u00e9tricas<\/strong><\/h2>\n\n\n\n<p class=\"wp-block-paragraph\">Cuando fue publicado el reportaje \u201cMaternidad forzada: el mito del aborto legal en Yucat\u00e1n\u201d, la gran pregunta que rond\u00f3 en medios de comunicaci\u00f3n locales y nacionales fue \u201c\u00bfCu\u00e1ntas Evelias m\u00e1s?\u201d, haciendo referencia a cu\u00e1ntas mujeres m\u00e1s habr\u00edan sido acusadas injustamente de homicidio en raz\u00f3n de parentesco, solo por tener un aborto espont\u00e1neo o un parto fortuito, tal y como le pas\u00f3 a Evelia, mujer maya, en el 2009.<\/p>\n\n\n\n<p class=\"wp-block-paragraph\">Hoy sabemos que por lo menos han sido ocho mujeres solo en Yucat\u00e1n, pero no es sencillo encontrar una respuesta. La propia Roxana Aguilar afirm\u00f3 que existe un subregistro de dichos casos en su tesis \u201c\u00bfAborto o infanticidio? Ambig\u00fcedades y (re)construcci\u00f3n de la verdad jur\u00eddica en casos de mujeres criminalizadas en Yucat\u00e1n\u201d.<\/p>\n\n\n\n<p class=\"wp-block-paragraph\">La especialista trabaj\u00f3 con Evelia, Alba y Esmeralda cuando ya se encontraban sentenciadas, y sin embargo, al analizar las estad\u00edsticas de denuncias y causas penales iniciadas por el delito mencionado tras la aprobaci\u00f3n de la reforma del 2009, la de la protecci\u00f3n a la vida desde la fecundaci\u00f3n, no encontr\u00f3 datos congruentes.<\/p>\n\n\n\n<p class=\"wp-block-paragraph\">Es complicado dar con las mujeres que se encuentran presas por aborto, y prueba de ello es que actualmente el Instituto Federal de Defensor\u00eda P\u00fablica (IFDP), tiene el mandato expreso de dar con esas mujeres para iniciar su proceso de liberaci\u00f3n o absoluci\u00f3n y no las est\u00e1 encontrando, \u00abporque para comenzar, el Estado no tiene organizada la informaci\u00f3n de esas mujeres acusadas por homicidio en raz\u00f3n de parentesco\u00bb, precis\u00f3 Ver\u00f3nica Cruz, de Las Libres.<\/p>\n\n\n\n<p class=\"wp-block-paragraph\">\u201cNo les importan las mujeres y mucho menos estas mujeres. Y ese es el problema: que la autoridad no debi\u00f3 haber metido a esas mujeres a la c\u00e1rceles. Todo fue producto de la pobreza, exclusi\u00f3n, marginaci\u00f3n, la violencia vivida, la falta de servicios de salud, de educaci\u00f3n, la falta de alimentaci\u00f3n, la anemia. En ese contexto una mujer puede tener un aborto espont\u00e1neo, un parto fortuito o una emergencia obst\u00e9trica\u201d, sostuvo.<\/p>\n\n\n\n<p class=\"wp-block-paragraph\">Las \u00fanicas que han podido detectar casos de mujeres criminalizadas por emergencias obst\u00e9tricas son las asociaciones civiles. La muestra la dio precisamente Las Libres, con el caso emblem\u00e1tico de Yolanda Mart\u00ednez Montoya, con el que se identific\u00f3 a nueve mujeres sentenciadas y encarceladas por homicidio en raz\u00f3n de parentesco por tener un aborto espont\u00e1neo. Tras visibilizarse las injusticias, fueron liberadas el 7 de septiembre del 2010.<\/p>\n\n\n\n<p class=\"wp-block-paragraph\">Pero esa labor es casi tit\u00e1nica, al no contar con datos oficiales ni estad\u00edsticas fiables que faciliten la b\u00fasqueda.<\/p>\n\n\n\n<p class=\"wp-block-paragraph\">\u201cNo podemos saber si hay m\u00e1s o menos casos que antes. No tenemos ning\u00fan par\u00e1metro porque no hay datos. Es toda una odisea encontrar a estas mujeres: ya sea que las mujeres nos encuentren directamente a las organizaciones, o que entremos a las c\u00e1rceles y encontremos mujeres en esa condici\u00f3n. Si la autoridad que las meti\u00f3 injustamente a trav\u00e9s del sistema penal, y el sistema de justicia que ahora las tiene en su poder, en la c\u00e1rcel, no saben d\u00f3nde est\u00e1n las mujeres, pues no hay otra v\u00eda, parece, m\u00e1s que entrevistar a todas las mujeres que est\u00e9n en prisi\u00f3n con una metodolog\u00eda muy fina, con perspectiva de g\u00e9nero, de derechos humanos para encontrar estos casos, para reconstruir estos casos\u201d, explic\u00f3.<\/p>\n\n\n\n<p class=\"wp-block-paragraph\">Ver\u00f3nica Cruz critic\u00f3 que a estas alturas, tras la promulgaci\u00f3n de la Ley de Amnist\u00eda y los pronunciamientos de la SCJN, todav\u00eda no se hayan realizado estrategias eficaces para dar con esas mujeres acusadas injustamente.<\/p>\n\n\n\n<p class=\"wp-block-paragraph\">La elaboraci\u00f3n de este reportaje tambi\u00e9n atraves\u00f3 diversos obst\u00e1culos en lo referente a la b\u00fasqueda de informaci\u00f3n.&nbsp;Los casos fueron encontrados a trav\u00e9s de solicitudes de acceso a la informaci\u00f3n en la Plataforma Nacional de Transparencia (PNT), as\u00ed como en la p\u00e1gina web del Poder Judicial del Estado.&nbsp;&nbsp;<\/p>\n\n\n\n<p class=\"wp-block-paragraph\">El magistrado Santiago Altamirano detall\u00f3 que tres casos han llegado a Segunda Instancia en la Sala Unitaria Especializada en Justicia para Adolescentes desde el 2005. La Sala Colegiada Penal y Civil, indic\u00f3 que fueron cinco.&nbsp;<\/p>\n\n\n\n<p class=\"wp-block-paragraph\">Sin embargo, la Fiscal\u00eda General del Estado contest\u00f3 m\u00e1s de 20 solicitudes de informaci\u00f3n distintas declarando que los datos desde el 2009 eran inexistentes. Eso s\u00ed, comparti\u00f3 cifras de denuncias por aborto: 37, siendo el 2015 cuando m\u00e1s se presentaron (15 carpetas iniciadas). Y una fue presentada en el primer semestre de este a\u00f1o.<\/p>\n\n\n\n<p class=\"wp-block-paragraph\">Cabe mencionar que en reiteradas ocasiones se solicit\u00f3 una entrevista con un o una representante del Instituto de la Defensa P\u00fablica a voceros del Gobierno del Estado, pero hasta el cierre de edici\u00f3n de esta investigaci\u00f3n, no fue otorgada.<\/p>\n\n\n\n<h2 class=\"wp-block-heading\"><strong>Las mujeres que no se pueden defender&nbsp;<\/strong><\/h2>\n\n\n\n<p class=\"wp-block-paragraph\">El patr\u00f3n m\u00e1s evidente en los casos documentados es la desventaja de las mujeres para acceder a servicios de salud ya sea por su contexto socioecon\u00f3mico o por no saber que estaban embarazadas.&nbsp;<\/p>\n\n\n\n<p class=\"wp-block-paragraph\">Para Ver\u00f3nica Cruz los casos de Yucat\u00e1n muestran otra cara del problema, pues no ten\u00edan mapeados tantos casos de adolescentes acusadas de abortar o de matar a sus productos con premeditaci\u00f3n en lugares p\u00fablicos.&nbsp;<\/p>\n\n\n\n<p class=\"wp-block-paragraph\">Si las mujeres no tienen la posibilidad de acceder a servicios de salud de calidad, tambi\u00e9n est\u00e1n en desventaja para encontrar asesor\u00eda jur\u00eddica privada que trabaje realmente para demostrar su inocencia.&nbsp;<\/p>\n\n\n\n<p class=\"wp-block-paragraph\">\u201cMientras se criminalice el aborto, se considere al feto o embri\u00f3n una persona y se le otorgue personalidad jur\u00eddica, se seguir\u00e1 acusando a mujeres que tienen abortos espont\u00e1neos o partos fortuitos de cometer asesinato\u201d, opin\u00f3 la activista.&nbsp;&nbsp;<\/p>\n\n\n\n<p class=\"wp-block-paragraph\">Pero esas violaciones a los derechos humanos de las mujeres pueden erradicarse y un buen primer paso, fueron las resoluciones emitidas por la SCJN que declaran inconstitucionales tanto las sanciones a mujeres que abortan voluntariamente como la protecci\u00f3n a la vida desde la fecundaci\u00f3n. Esto porque poco a poco permear\u00e1 en el sector salud y en los cuerpos polic\u00edacos, quienes ya no tendr\u00e1n \u201cel peso sobre su cabeza\u201d de que un producto muerto sea equivalente a uno asesinado, precis\u00f3 Ver\u00f3nica Cruz.<\/p>\n\n\n\n<p class=\"wp-block-paragraph\">Otro paso es cerrar las carpetas y procesos penales por el delito de aborto que siguen abiertos. En este sentido, la activista sugiri\u00f3 que el Gobierno Federal realice una campa\u00f1a para informar tanto a personal m\u00e9dico, como a trabajadores y trabajadoras del sistema de justicia que el aborto voluntario ya no es un delito.<\/p>\n\n\n\n<p class=\"wp-block-paragraph\">Tambi\u00e9n se debe realizar a la brevedad la reforma a los C\u00f3digos Penales estatales que a\u00fan sancionan la interrupci\u00f3n voluntaria del embarazo, pues \u201ccuando se logre armonizar todo, que el delito no est\u00e9 a la sombra por ning\u00fan lado, ser\u00e1 m\u00e1s f\u00e1cil cambiar la cultura\u201d, apunt\u00f3 Ver\u00f3nica Cruz.<\/p>\n\n\n\n<p class=\"wp-block-paragraph\">El propio magistrado Santiago Altamirano le dio la raz\u00f3n. Cuando se le cuestion\u00f3 si a\u00fan se puede sentenciar a una mujer por abortar voluntariamente, pese a la resoluci\u00f3n de la Corte, dijo que s\u00ed.<\/p>\n\n\n\n<p class=\"wp-block-paragraph\">\u201cRecordemos que [el precedente de la Corte], no es obligatorio. Tiene que quedar claro que esa decisi\u00f3n es tomada a partir del an\u00e1lisis relacionado con el tipo que conten\u00eda el C\u00f3digo Penal de Coahuila. Entonces esa decisi\u00f3n es espec\u00edfica para el tema relacionado con lo establecido en el C\u00f3digo Penal de Coahuila\u201d, dijo.<\/p>\n\n\n\n<p class=\"wp-block-paragraph\">Y finalmente, sobre las medidas efectivas para evitar que mujeres que aborten espont\u00e1neamente o tengan partos prematuros sean acusadas de homicidio en raz\u00f3n de parentesco, la activista refiri\u00f3 que lo b\u00e1sico es dejar de recurrir a las docimasias pulmonares.<\/p>\n\n\n\n<p class=\"wp-block-paragraph\">\u201cLe hemos pedido a la Corte que declare inconstitucional esa prueba no cient\u00edfica. Si se elimina, tambi\u00e9n le damos muy fuerte a que dejen de acusar a las mujeres en estos casos. Eso tiene que ir pasando a\u00f1o con a\u00f1o, que vayamos disminuyendo el conocimiento de estos casos, porque de tajo se va a tener que romper esta cadena de criminalizaci\u00f3n con la declaratoria de inconstitucionalidad del delito de aborto\u201d, reiter\u00f3.<\/p>\n\n\n\n<h2 class=\"wp-block-heading\"><strong>&nbsp;La vida en suspenso: la espera de Alejandra para que la pesadilla acabe<\/strong><\/h2>\n\n\n\n<p class=\"wp-block-paragraph\">Alejandra fue vinculada a proceso el pasado mes de septiembre. La Defensor\u00eda P\u00fablica apel\u00f3, pero no present\u00f3 argumentos contundentes ni fundamentados: El recurso no procedi\u00f3.<\/p>\n\n\n\n<p class=\"wp-block-paragraph\">Justo en ese momento la joven nombr\u00f3 a su nuevo abogado defensor, quien pese a los obst\u00e1culos que intent\u00f3 imponerle la Defensor\u00eda P\u00fablica, actualmente dise\u00f1a la estrategia jur\u00eddica de la adolescente junto con Amelia Ojeda.<\/p>\n\n\n\n<p class=\"wp-block-paragraph\">Ahora, la joven enfrenta la etapa intermedia del proceso, justo en la audiencia intermedia, en la cual se someten a admisi\u00f3n los datos de prueba. Es la fase m\u00e1s exhaustiva, pues se revisan cada uno de los elementos probatorios.<\/p>\n\n\n\n<p class=\"wp-block-paragraph\">El abogado de Alejandra indic\u00f3 que el procedimiento acusatorio considera los mecanismos de terminaci\u00f3n anticipada del proceso. Si no se aceptan, se contin\u00faa con la audiencia de juicio oral.<\/p>\n\n\n\n<p class=\"wp-block-paragraph\">La pena m\u00e1xima por el delito de homicidio en raz\u00f3n de parentesco en adolescentes son cinco a\u00f1os de internamiento en el Ceama, pero debido al Principio de M\u00ednima Intervenci\u00f3n para Adolescentes, se les suelen otorgar medidas fuera de prisi\u00f3n. Como ya se mencion\u00f3, Alejandra no ha sido la excepci\u00f3n y en dos ocasiones le han ofrecido ese tipo de tratos.<\/p>\n\n\n\n<p class=\"wp-block-paragraph\">Pero incluso con una sanci\u00f3n fuera de la c\u00e1rcel, las repercusiones de todo el proceso para las mujeres suelen ser graves. \u201cEs importante no reducir el t\u00e9rmino de criminalizaci\u00f3n de las mujeres a quienes son procesadas y sentenciadas de forma condenatoria. El proceso penal funciona por s\u00ed mismo como una pena. Por lo tanto, mientras m\u00e1s avanza el proceso, el castigo para las mujeres es mayor\u201d, sostuvo Ver\u00f3nica Cruz.<\/p>\n\n\n\n<p class=\"wp-block-paragraph\">Mientras, el desgaste f\u00edsico y emocional de todo lo ocurrido le cobra factura a Alejandra. A la fecha, no se ha recuperado de la anemia que le ocasion\u00f3 la hemorragia. Tambi\u00e9n acudi\u00f3 a terapia psicol\u00f3gica, para atender la depresi\u00f3n que padeci\u00f3 tras los hechos.<\/p>\n\n\n\n<p class=\"wp-block-paragraph\">Actualmente, se siente agotada y solo desea que toda esa pesadilla acabe: con la presi\u00f3n que se ejerce sobre ella hasta ha considerado aceptar el trato con la Fiscal\u00eda y declararse culpable del asesinato de un neonato, pese a que se trat\u00f3 de una emergencia obst\u00e9trica.<\/p>\n\n\n\n<p class=\"wp-block-paragraph\">\u201cEstoy consciente de que si lo hago, yo voy a ser marcada como culpable. Pero ya es cansado. Yo s\u00e9 que no comet\u00ed ning\u00fan delito\u201d, expres\u00f3 resignada.<\/p>\n\n\n\n<p class=\"wp-block-paragraph\">Esto podr\u00eda atraer distintas consecuencias, no solo en la vida de Alejandra, sino en la de otras mujeres que tienen partos fortuitos o abortos espont\u00e1neos.<\/p>\n\n\n\n<p class=\"wp-block-paragraph\">\u201cA\u00fan m\u00e1s cuando una joven es condenada con un proceso as\u00ed, con la presunci\u00f3n de inocencia por los suelos, el debido proceso resquebrajado, la falta de perspectiva de g\u00e9nero. El impacto no es solo para la joven condenada, sino para la sociedad en general: cuando la defensa no combate, perpet\u00faa la aplicaci\u00f3n de estereotipos, prejuicios que se siguen depositando en estos casos. Lo que estamos buscando con esto es romper esa inercia. Porque rompi\u00e9ndola, el mensaje que se manda es otro, para que ya no se repita esto\u201d, apunt\u00f3 su abogado defensor.&nbsp;<\/p>\n\n\n\n<p class=\"wp-block-paragraph\">\u201cAhorita me pongo a pensar y s\u00ed se siente feo, que te juzguen as\u00ed, por juzgar. No se ponen a pensar c\u00f3mo est\u00e1 la persona, c\u00f3mo est\u00e1 viviendo. Ahorita ustedes me ven tranquila porque ya pas\u00f3 tiempo, ya tuve ayuda, pero hay personas que est\u00e1n pasando por esto y tal vez no. Al principio [para mi familia] yo tuve la culpa, pero despu\u00e9s hablaron conmigo, me ayudaron. Me est\u00e1n ayudando\u201d, concluy\u00f3.&nbsp;&nbsp;<\/p>\n\n\n\n<p class=\"wp-block-paragraph\"><em>*Los nombres reales fueron modificados para salvaguardar la identidad de las mujeres<\/em><\/p>\n\n\n\n<p class=\"wp-block-paragraph\">SEM<\/p>\n","protected":false},"excerpt":{"rendered":"<p>En M\u00e9xico, del 15 al 20 % de los embarazos diagnosticados concluyen en aborto espont\u00e1neo<\/p>\n","protected":false},"author":3,"featured_media":41757,"comment_status":"open","ping_status":"open","sticky":false,"template":"","format":"standard","meta":{"_monsterinsights_skip_tracking":false,"footnotes":""},"categories":[692,54],"tags":[149],"class_list":["post-41756","post","type-post","status-publish","format-standard","has-post-thumbnail","category-692","category-mujeres","tag-mujeres"],"_links":{"self":[{"href":"https:\/\/redsemlac.com\/semmexico\/wp-json\/wp\/v2\/posts\/41756","targetHints":{"allow":["GET"]}}],"collection":[{"href":"https:\/\/redsemlac.com\/semmexico\/wp-json\/wp\/v2\/posts"}],"about":[{"href":"https:\/\/redsemlac.com\/semmexico\/wp-json\/wp\/v2\/types\/post"}],"author":[{"embeddable":true,"href":"https:\/\/redsemlac.com\/semmexico\/wp-json\/wp\/v2\/users\/3"}],"replies":[{"embeddable":true,"href":"https:\/\/redsemlac.com\/semmexico\/wp-json\/wp\/v2\/comments?post=41756"}],"version-history":[{"count":0,"href":"https:\/\/redsemlac.com\/semmexico\/wp-json\/wp\/v2\/posts\/41756\/revisions"}],"wp:featuredmedia":[{"embeddable":true,"href":"https:\/\/redsemlac.com\/semmexico\/wp-json\/wp\/v2\/media\/41757"}],"wp:attachment":[{"href":"https:\/\/redsemlac.com\/semmexico\/wp-json\/wp\/v2\/media?parent=41756"}],"wp:term":[{"taxonomy":"category","embeddable":true,"href":"https:\/\/redsemlac.com\/semmexico\/wp-json\/wp\/v2\/categories?post=41756"},{"taxonomy":"post_tag","embeddable":true,"href":"https:\/\/redsemlac.com\/semmexico\/wp-json\/wp\/v2\/tags?post=41756"}],"curies":[{"name":"wp","href":"https:\/\/api.w.org\/{rel}","templated":true}]}}