{"id":41741,"date":"2021-11-07T13:42:13","date_gmt":"2021-11-07T19:42:13","guid":{"rendered":"https:\/\/redsemlac.com\/semmexico\/?p=41741"},"modified":"2023-07-21T18:51:46","modified_gmt":"2023-07-21T23:51:46","slug":"hallazgos-nellie-campobello-y-su-obra","status":"publish","type":"post","link":"https:\/\/redsemlac.com\/semmexico\/hallazgos-nellie-campobello-y-su-obra\/","title":{"rendered":"Hallazgos| Nellie Campobello y su obra"},"content":{"rendered":"\n<p class=\"wp-block-paragraph\">Por Roc\u00edo Fiallega<\/p>\n\n\n\n<p class=\"wp-block-paragraph\">SemM\u00e9xico, Cd. de M\u00e9xico, 7 de noviembre, 2021.- El 7 de noviembre de 1900 naci\u00f3 Francisca Ernestina Moya Luna, conocida por todos como Nellie Campobello, pionera de la danza en M\u00e9xico, escritora de la Revoluci\u00f3n Mexicana y poeta, as\u00ed como la persona que se construy\u00f3 a s\u00ed misma con la tierra de Villa Ocampo y Parral, con la oralidad de su madre Rafaela como un viento suave, con el oleaje que simulan los cuerpos al bailar y con el fuego de su coraz\u00f3n que le dio la templanza suficiente para brillar.<\/p>\n\n\n\n<p class=\"wp-block-paragraph\">Hablar de Nellie nos llevar\u00eda muchos vol\u00famenes, hoy echemos un vistazo a su profunda obra, que se transforma en piedra de toque no s\u00f3lo para la narrativa escrita por mujeres sino para transformaci\u00f3n latinoamericana:<\/p>\n\n\n\n<p class=\"wp-block-paragraph\">Nellie encontr\u00f3 su expresi\u00f3n m\u00e1s pura a trav\u00e9s de la creaci\u00f3n literaria, en la poes\u00eda con Yo! Francisca, editado por el Dr. Atl, un gran canto dividido en tres partes: la primera, hom\u00f3nima del t\u00edtulo de la obra, la segunda \u201cYo en Faceta. 1928-1929\u201d y la tercera \u201cEL-YO-AMOR.&nbsp; La imagino caminando por las calles de la Merced con sus folios bajo el brazo.<\/p>\n\n\n\n<p class=\"wp-block-paragraph\">Tambi\u00e9n en su faceta po\u00e9tica descubrimos los textos de Abra en la Roca, incorporados en la edici\u00f3n de 1960 de Mis Libros, editado para el 30 de agosto de 1960 en la Colecci\u00f3n Ideas, Letras y Vida de la Compa\u00f1\u00eda General de Ediciones; adem\u00e1s, en 1957 bajo el nombre de Tres Poemas se publica una parte (los poemas Ella, R\u00edo Florido y Estadios) con un tiraje de 300 ejemplares.<\/p>\n\n\n\n<p class=\"wp-block-paragraph\">En la prosa encontramos Cartucho. Relatos de la lucha en el Norte de M\u00e9xico y Las manos de mam\u00e1, ambos incluidos en el Tomo II de La novela de la Revoluci\u00f3n Mexicana, de Antonio Castro Leal, en el cl\u00e1sico papel cebolla.<\/p>\n\n\n\n<p class=\"wp-block-paragraph\">El primero es un libro de vi\u00f1etas que vio la luz en 1931 en Ediciones Integrales, dice Nellie: \u201cLo escrib\u00ed para vengar una injuria. Las novelas que por entonces se escrib\u00edan, y que narran hechos guerreros, est\u00e1n repletas de mentiras contra los hombres de la Revoluci\u00f3n. Principalmente contra Francisco Villa\u201d y nos dice c\u00f3mo eligi\u00f3 narrar \u201cbusqu\u00e9 la forma de poder decir, pero para hacerlo necesitaba una voz, y fui hacia ella. Era la \u00fanica que pod\u00eda dar el tono, la \u00fanica autorizada: era la voz de mi ni\u00f1ez. Usar de su aparente inconsciencia para exponer lo que supe era la necesidad de un decir sincero y directo. Escrib\u00ed a solas, sin consultar ni pedir consejo.\u201d<\/p>\n\n\n\n<p class=\"wp-block-paragraph\">Las manos de mam\u00e1 es el producto del viaje interior que realiz\u00f3 Nellie despu\u00e9s de la muerte de su madre Rafaela (dos a\u00f1os despu\u00e9s de la muerte de su hijo), este libro sali\u00f3 a la venta en febrero de 1937, en Juventudes de Izquierda, posteriormente, para la segunda edici\u00f3n, con ilustraciones de Orozco la publica Villa Ocampo.<\/p>\n\n\n\n<p class=\"wp-block-paragraph\">Nellie la busca, la escucha, no s\u00f3lo atiende a sus cantos, sino a sus manos que \u201cformaban tortillas h\u00famedas de l\u00e1grimas\u201d en el contexto de la Revoluci\u00f3n Mexicana, fumaba y \u201cextend\u00eda sus sue\u00f1os como una ni\u00f1a que tiende sus mu\u00f1ecas para empezar a moverlas\u201d, esa era su madre, la que los defendi\u00f3 mientras curaba a otros. Campobello as\u00ed tambi\u00e9n rinde homenaje a las mujeres revolucionarias que se quedaron en casa, con el rojo sangre floreciendo en las aceras.<\/p>\n\n\n\n<p class=\"wp-block-paragraph\">Por \u00faltimo, pero no menos importante, en coautor\u00eda con su hermana Gloria (Soledad) escribi\u00f3 Ritmos Ind\u00edgenas de M\u00e9xico, editado por la Secretar\u00eda de Educaci\u00f3n P\u00fablica en 1940, en este libro concentra los conocimientos adquiridos durante sus recorridos con las misiones culturales incluyendo incluso esquemas para comprender los movimientos de cada una de las danzas recopiladas.<\/p>\n","protected":false},"excerpt":{"rendered":"<p>Hablar de Nellie nos llevar\u00eda muchos vol\u00famenes, hoy echemos un vistazo a su profunda obra.<\/p>\n","protected":false},"author":3,"featured_media":39324,"comment_status":"open","ping_status":"open","sticky":false,"template":"","format":"standard","meta":{"_monsterinsights_skip_tracking":false,"footnotes":""},"categories":[692,620,35,621],"tags":[],"class_list":["post-41741","post","type-post","status-publish","format-standard","has-post-thumbnail","category-692","category-hallazgos","category-opinion","category-rocio-fiallega"],"_links":{"self":[{"href":"https:\/\/redsemlac.com\/semmexico\/wp-json\/wp\/v2\/posts\/41741","targetHints":{"allow":["GET"]}}],"collection":[{"href":"https:\/\/redsemlac.com\/semmexico\/wp-json\/wp\/v2\/posts"}],"about":[{"href":"https:\/\/redsemlac.com\/semmexico\/wp-json\/wp\/v2\/types\/post"}],"author":[{"embeddable":true,"href":"https:\/\/redsemlac.com\/semmexico\/wp-json\/wp\/v2\/users\/3"}],"replies":[{"embeddable":true,"href":"https:\/\/redsemlac.com\/semmexico\/wp-json\/wp\/v2\/comments?post=41741"}],"version-history":[{"count":0,"href":"https:\/\/redsemlac.com\/semmexico\/wp-json\/wp\/v2\/posts\/41741\/revisions"}],"wp:featuredmedia":[{"embeddable":true,"href":"https:\/\/redsemlac.com\/semmexico\/wp-json\/wp\/v2\/media\/39324"}],"wp:attachment":[{"href":"https:\/\/redsemlac.com\/semmexico\/wp-json\/wp\/v2\/media?parent=41741"}],"wp:term":[{"taxonomy":"category","embeddable":true,"href":"https:\/\/redsemlac.com\/semmexico\/wp-json\/wp\/v2\/categories?post=41741"},{"taxonomy":"post_tag","embeddable":true,"href":"https:\/\/redsemlac.com\/semmexico\/wp-json\/wp\/v2\/tags?post=41741"}],"curies":[{"name":"wp","href":"https:\/\/api.w.org\/{rel}","templated":true}]}}