{"id":41729,"date":"2021-11-07T12:09:25","date_gmt":"2021-11-07T18:09:25","guid":{"rendered":"https:\/\/redsemlac.com\/semmexico\/?p=41729"},"modified":"2023-07-21T18:47:48","modified_gmt":"2023-07-21T23:47:48","slug":"la-conferencia-de-naciones-unidas-para-el-cambio-climatico","status":"publish","type":"post","link":"https:\/\/redsemlac.com\/semmexico\/la-conferencia-de-naciones-unidas-para-el-cambio-climatico\/","title":{"rendered":"La Conferencia de Naciones Unidas para el Cambio Clim\u00e1tico"},"content":{"rendered":"\n<p class=\"wp-block-paragraph\"><strong>Mujeres, en primera l\u00ednea ante los efectos del cambio clim\u00e1tico<\/strong><\/p>\n\n\n\n<p class=\"wp-block-paragraph\"><strong>La escasez de los recursos esenciales negativo a la producci\u00f3n agr\u00edcola de las mujeres rurales e ind\u00edgenas.<\/strong><\/p>\n\n\n\n<p class=\"wp-block-paragraph\">\u00a0<a href=\"https:\/\/amecopress.net\/Alina-Rudel\">Alina Rudel<\/a><\/p>\n\n\n\n<p class=\"wp-block-paragraph\">SemM\u00e9xico\/AmecoPress, Madrid, Espa\u00f1a, 7 de noviembre, 2021.-&nbsp;<em>La Conferencia de las Partes (COP26), organizada por Reino Unido con la participaci\u00f3n de Italia, ha comenzado el 31 de octubre en el SEC Centre de Glasgow, Escocia, y se prolongar\u00e1 hasta el 12 de noviembre donde los y las dirigentes intervendr\u00e1n para anunciar las acciones que favorecer\u00e1n en la lucha contra el cambio clim\u00e1tico. Sin embargo, estas promesas no pueden cumplirse de manera efectiva sin considerar a las mujeres son las m\u00e1s vulnerables en sufrir los efectos del calentamiento global.<\/em><\/p>\n\n\n\n<p class=\"wp-block-paragraph\">La igualdad de g\u00e9nero en la lucha contra el cambio clim\u00e1tico sigue siendo un tema pendiente en la agenda de la Conferencia de las Partes, ya que menos del 25 por ciento de los puestos influyentes en el equipo de liderazgo son ocupados por mujeres. A pesar de que en la&nbsp;<a href=\"https:\/\/www.un.org\/spanish\/esa\/sustdev\/documents\/declaracionrio.htm#:~:text=Los%20seres%20humanos%20constituyen%20el,en%20armon%C3%ADa%20con%20la%20naturaleza.\">Declaraci\u00f3n de R\u00edo sobre Medio Ambiente y Desarrollo de 1992<\/a>&nbsp;establece en su Principio 20 que \u201clas mujeres tienen un rol fundamental en la gesti\u00f3n ambiental y en el desarrollo. Por lo tanto, su plena participaci\u00f3n es esencial para lograr el desarrollo sostenible\u201d. Sin embargo, no ser\u00e1 posible conseguir la paridad de g\u00e9nero hasta el a\u00f1o 2044.<\/p>\n\n\n\n<p class=\"wp-block-paragraph\">No ser\u00e1 posible conseguir la paridad de g\u00e9nero hasta el a\u00f1o 2044<\/p>\n\n\n\n<p class=\"wp-block-paragraph\">Por ello, es necesario fomentar la participaci\u00f3n de las mujeres, ya que los acuerdos internacionales ser\u00e1n los que marcar\u00e1n el destino de las mujeres rurales e ind\u00edgenas, v\u00edctimas de esta injusticia clim\u00e1tica provocada por la actividad del ser humano. Seg\u00fan el Banco Mundial, Am\u00e9rica Latina y el Caribe son las regiones m\u00e1s vulnerables a los efectos del cambio clim\u00e1tico, cada vez m\u00e1s intensos y frecuentes, provocando un gran impacto econ\u00f3mico. En los pa\u00edses en desarrollo, las mujeres que se dedican a la agricultura producen entre el 45-80 por ciento de los alimentos. Un medio de subsistencia, ingresos y seguridad alimentaria que se encuentra en riesgo ante los desastres naturales como las inundaciones y sequias. Seg\u00fan la ONU, esta \u00faltima podr\u00eda ser \u201cla pr\u00f3xima pandemia\u201d.<\/p>\n\n\n\n<p class=\"wp-block-paragraph\">Como consecuencia de este impacto sobre los recursos naturales considerados esenciales para la vida humana, la inseguridad alimentaria es otro de los problemas que fomenta esta desigualdad de g\u00e9nero vinculada a la socioecon\u00f3mica, ya que las mujeres son las primeras en sufrir las consecuencias de la producci\u00f3n inestable de alimentos. Seg\u00fan datos del&nbsp;<a href=\"https:\/\/oig.cepal.org\/es\">Observatorio de Igualdad de G\u00e9nero de Am\u00e9rica Latina y el Caribe (OIG)<\/a>&nbsp;publicados en 2019, por cada cien hombres en hogares pobres, hay 112,7 mujeres en una situaci\u00f3n similar. Por otro lado, seg\u00fan un&nbsp;<a href=\"http:\/\/hdr.undp.org\/sites\/default\/files\/hdr_2019_overview_-_spanish.pdf\">informe<\/a>&nbsp;del PNUD de 2019, la proporci\u00f3n de fallecimientos entre mujeres fue superior al 60 por ciento en los fen\u00f3menos clim\u00e1ticos extremos ocurridos en los \u00faltimos veinte a\u00f1os.<\/p>\n\n\n\n<p class=\"wp-block-paragraph\">Las mujeres son las primeras en sufrir las consecuencias de la producci\u00f3n inestable de alimentos<\/p>\n\n\n\n<p class=\"wp-block-paragraph\">Para combatir esta situaci\u00f3n de injusticia, con respecto a las mujeres ind\u00edgenas y rurales, es necesario que la comunidad internacional las incluya en las negociaciones para la planificaci\u00f3n y elaboraci\u00f3n de pol\u00edticas p\u00fablicas, ya que son las primeras en enfrentarse a este desaf\u00edo global.<\/p>\n\n\n\n<p class=\"wp-block-paragraph\">Por otro lado, la presencia de las mujeres en la defensa del medio ambiente es sobresaliente. Esto se debe a que siguen luchando en integrar el g\u00e9nero en las pol\u00edticas de desarrollo sostenible y en fomentar la presencia de mujeres en el liderazgo para reducir de manera efectiva los efectos del cambio clim\u00e1tico. Por ello, en noviembre de 2020, Antoinette Vermilye, Bianca Pitt y Elise Buckle fundaron la campa\u00f1a&nbsp;<a href=\"https:\/\/www.shechangesclimate.org\/\">\u2018She changes climate\u2019<\/a>&nbsp;con el objetivo de exigir un 50 por ciento de participaci\u00f3n de las mujeres en los equipos de liderazgo de la COP26, ya que solamente ocupaban un 15 por ciento. Sin embargo, seg\u00fan est\u00e1 transcurriendo la COP26, varias organizaciones est\u00e1n denunciado la falta de mujeres en las negociaciones.<\/p>\n\n\n\n<p class=\"wp-block-paragraph\">La clave para conseguir unas pol\u00edticas eficaces es vincular la gesti\u00f3n medioambiental con los gobiernos y organizaciones de la sociedad civil, y asegurar que el g\u00e9nero y el cambio clim\u00e1tico vayan de la mano en las agendas nacionales y subnacionales.<strong>Foto: archivo AmecoPress.<br><br><\/strong><\/p>\n","protected":false},"excerpt":{"rendered":"<p>Mujeres, en primera l\u00ednea ante los efectos del cambio clim\u00e1tico.<\/p>\n","protected":false},"author":3,"featured_media":41731,"comment_status":"open","ping_status":"open","sticky":false,"template":"","format":"standard","meta":{"_monsterinsights_skip_tracking":false,"footnotes":""},"categories":[692,53],"tags":[],"class_list":["post-41729","post","type-post","status-publish","format-standard","has-post-thumbnail","category-692","category-internacional"],"_links":{"self":[{"href":"https:\/\/redsemlac.com\/semmexico\/wp-json\/wp\/v2\/posts\/41729","targetHints":{"allow":["GET"]}}],"collection":[{"href":"https:\/\/redsemlac.com\/semmexico\/wp-json\/wp\/v2\/posts"}],"about":[{"href":"https:\/\/redsemlac.com\/semmexico\/wp-json\/wp\/v2\/types\/post"}],"author":[{"embeddable":true,"href":"https:\/\/redsemlac.com\/semmexico\/wp-json\/wp\/v2\/users\/3"}],"replies":[{"embeddable":true,"href":"https:\/\/redsemlac.com\/semmexico\/wp-json\/wp\/v2\/comments?post=41729"}],"version-history":[{"count":0,"href":"https:\/\/redsemlac.com\/semmexico\/wp-json\/wp\/v2\/posts\/41729\/revisions"}],"wp:featuredmedia":[{"embeddable":true,"href":"https:\/\/redsemlac.com\/semmexico\/wp-json\/wp\/v2\/media\/41731"}],"wp:attachment":[{"href":"https:\/\/redsemlac.com\/semmexico\/wp-json\/wp\/v2\/media?parent=41729"}],"wp:term":[{"taxonomy":"category","embeddable":true,"href":"https:\/\/redsemlac.com\/semmexico\/wp-json\/wp\/v2\/categories?post=41729"},{"taxonomy":"post_tag","embeddable":true,"href":"https:\/\/redsemlac.com\/semmexico\/wp-json\/wp\/v2\/tags?post=41729"}],"curies":[{"name":"wp","href":"https:\/\/api.w.org\/{rel}","templated":true}]}}