{"id":41724,"date":"2021-11-07T12:03:59","date_gmt":"2021-11-07T18:03:59","guid":{"rendered":"https:\/\/redsemlac.com\/semmexico\/?p=41724"},"modified":"2023-07-21T18:47:48","modified_gmt":"2023-07-21T23:47:48","slug":"los-presupuestos-para-2022-no-apuntan-al-cambio-de-modelo-necesario-para-afrontar-la-crisis-climatica","status":"publish","type":"post","link":"https:\/\/redsemlac.com\/semmexico\/los-presupuestos-para-2022-no-apuntan-al-cambio-de-modelo-necesario-para-afrontar-la-crisis-climatica\/","title":{"rendered":"Los presupuestos para 2022 no apuntan al cambio de modelo necesario para afrontar la crisis clim\u00e1tica"},"content":{"rendered":"\n<p class=\"wp-block-paragraph\"><strong>Organizaciones ecofeministas critican: subvencionan con fondos que debieran encaminarse a la recuperaci\u00f3n verde y la consecuci\u00f3n de la igualdad<\/strong><\/p>\n\n\n\n<p class=\"wp-block-paragraph\">Redacci\u00f3n&nbsp;<\/p>\n\n\n\n<p class=\"wp-block-paragraph\"><strong>Organizaciones ecofeministas critican que se siga subvencionando con fondos que debieran ir encaminados a la recuperaci\u00f3n verde y la consecuci\u00f3n de la igualdad, proyectos con grandes impactos ambientales y sociales como las macrogranjas, los trasvases, el aumento de los regad\u00edos, los megaproyectos energ\u00e9ticos en espacios protegidos o de alto valor y que se act\u00fae sin prever c\u00f3mo acabar con la brecha de g\u00e9nero<\/strong><\/p>\n\n\n\n<p class=\"wp-block-paragraph\">SemM\u00e9xico\/AmecoPress, Madrid, Espa\u00f1a, 7 de noviembre, 2021.- &nbsp;<em>Ya pr\u00e1cticamente nadie cuestiona el cambio clim\u00e1tico. Pero en el fondo de la cuesti\u00f3n se encuentra el cambio de modelo al que inevitablemente habremos de dirigirnos si de verdad queremos buscar soluciones. Esa es la principal cr\u00edtica de las organizaciones ecofeministas a los Presupuestos Generales del Estado en materia de medioambiente, que no apuntan a la transformaci\u00f3n del modelo que se necesita. Una cr\u00edtica que llega en mitad de la celebraci\u00f3n de la COP26 de Glasgow, una conferencia de Naciones Unidas definida ya globalmente como \u201cel \u00faltimo intento de salvar al planeta\u201d.<\/em><\/p>\n\n\n\n<p class=\"wp-block-paragraph\">El sexto informe del IPPC publicado en agosto del 2021 confirma las peores predicciones sobre los escenarios futuros que nos esperan con la crisis clim\u00e1tica. El informe tambi\u00e9n se\u00f1ala que una de las zonas m\u00e1s afectadas por el calentamiento ser\u00e1 el Mediterr\u00e1neo, incluido Espa\u00f1a, y que las mujeres son las principales afectadas en los periodos de crisis.<\/p>\n\n\n\n<figure class=\"wp-block-image size-full\"><a href=\"https:\/\/redsemlac.com\/semmexico\/wp-content\/uploads\/2021\/11\/cambio02.jpg\"><img loading=\"lazy\" decoding=\"async\" width=\"477\" height=\"564\" src=\"https:\/\/redsemlac.com\/semmexico\/wp-content\/uploads\/2021\/11\/cambio02.jpg\" alt=\"\" class=\"wp-image-41727\"\/><\/a><\/figure>\n\n\n\n<p class=\"wp-block-paragraph\"><a href=\"https:\/\/amecopress.net\/IMG\/jpg\/alicia_cantero_greenpeace_espana.jpg\"><\/a>Ante este diagn\u00f3stico de la situaci\u00f3n global, las organizaciones que firman el Manifiesto Feminista ante los Presupuestos Generales del Estado, se\u00f1alan que estos presupuestos deben convertirse en una de las principales herramientas para \u201cla transformaci\u00f3n del sistema, hacia uno m\u00e1s justo, ecol\u00f3gico, feminista y resiliente ante la crisis multisist\u00e9mica a la que nos enfrentamos y que va a requerir de toda la inteligencia colectiva y solidaria que podamos aunar ante este gran reto\u201d.<\/p>\n\n\n\n<p class=\"wp-block-paragraph\">A pesar de la importancia que adquiere en el Plan de Recuperaci\u00f3n, Transformaci\u00f3n y Resiliencia (PRTR) las pol\u00edticas \u201cverdes\u201d, sigue sin abordarse el necesario cambio de modelo, como se\u00f1alan desde Greenpeace, en especial en sectores clave como el agroalimentario o desde el lado de los ingresos, con la aplicaci\u00f3n del principio \u201cel que contamina paga\u201d. Los nuevos presupuestos no introducen ninguna novedad sobre fiscalidad verde y mantienen un sinf\u00edn de exenciones para seguir contaminando con combustibles f\u00f3siles.<\/p>\n\n\n\n<p class=\"wp-block-paragraph\">A la lucha contra la p\u00e9rdida de biodiversidad, el otro gran reto global junto a la crisis clim\u00e1tica, se le asignan \u00fanicamente 1.142,7 millones de euros a pesar de que incluye el cuidado de los ecosistemas, agua y costa. Seg\u00fan Greenpeace, \u201cla apuesta del Gobierno es la perpetuaci\u00f3n del actual y predominante modelo agroindustrial, responsable de un alto nivel de emisiones de GEI, contaminaci\u00f3n de suelos y acu\u00edferos, p\u00e9rdida de biodiversidad y deforestaci\u00f3n inducida por las importaciones de soja para la fabricaci\u00f3n de piensos ganaderos, as\u00ed como una falsa soluci\u00f3n al despoblamiento rural\u201d.<\/p>\n\n\n\n<p class=\"wp-block-paragraph\">As\u00ed, en lugar de llevar a cabo medidas para impulsar la agricultura y ganader\u00eda ecol\u00f3gicas de peque\u00f1a y mediana escala frente al modelo industrial de macrogranjas, el Ministerio de Agricultura centrar\u00e1 m\u00e1s del 60% de su esfuerzo inversor (303 millones) en la modernizaci\u00f3n de regad\u00edos y (101,84 millones) a mejorar la competitividad y calidad del sistema agroalimentario, \u201cperpetuando el insostenible modelo actual\u201d.<\/p>\n\n\n\n<p class=\"wp-block-paragraph\">Con una perspectiva ecofeminista, el manifiesto destaca la preocupaci\u00f3n por la inversi\u00f3n en sectores altamente masculinizados como el de la energ\u00eda sin prever suficientemente planes de igualdad, medidas de fomento del empleo verde en mujeres o una apuesta decidida por las Comunidades energ\u00e9ticas. \u201cEstas inversiones pueden provocar el aumento de la brecha de g\u00e9nero cuando deber\u00eda ocurrir lo contrario\u201d, advierten.<\/p>\n\n\n\n<p class=\"wp-block-paragraph\">Urge tambi\u00e9n incidir en los requerimientos y condicionantes ambientales ante los proyectos industriales en las zonas rurales, se\u00f1alan las organizaciones. El camino en la lucha contra la despoblaci\u00f3n debe ser \u201cecol\u00f3gico y feminista\u201d, con el fomento mediante ayudas a las inversiones en \u201cproyectos descentralizados, ecol\u00f3gicos y con impacto de g\u00e9nero positivo\u201d y que nos permitan \u201creverdecer\u201d nuestro pa\u00eds y \u201crelocalizar la producci\u00f3n\u201d ante la crisis de los materiales y del transporte que comienza constatarse.<\/p>\n\n\n\n<p class=\"wp-block-paragraph\">Una de las principales cr\u00edticas es que se siga subvencionando con fondos que debieran ir encaminados a la recuperaci\u00f3n verde y la consecuci\u00f3n de la igualdad, proyectos con grandes impactos ambientales y sociales como las macrogranjas, los trasvases, el aumento de los regad\u00edos, los megaproyectos energ\u00e9ticos en espacios protegidos o de alto valor. Al contrario, \u201cdeber\u00edamos estar realizando un dise\u00f1o transversal en todos los planes y pol\u00edticas institucionales tendentes a alcanzar la plena igualdad entre mujeres y hombres y a preparar nuestro pa\u00eds ante las graves afecciones en el clima, el territorio, la econom\u00eda y la sociedad en general a la que la crisis ecosocial nos dirigir\u00e1 si no actuamos ya en consecuencia\u201d.<\/p>\n\n\n\n<p class=\"wp-block-paragraph\"><strong>Foto: archivo AmecoPress.<\/strong><\/p>\n","protected":false},"excerpt":{"rendered":"<p>Organizaciones ecofeministas critican: subvencionan con fondos que debieran encaminarse a la recuperaci\u00f3n verde y la consecuci\u00f3n de la igualdad<\/p>\n","protected":false},"author":3,"featured_media":41726,"comment_status":"open","ping_status":"open","sticky":false,"template":"","format":"standard","meta":{"_monsterinsights_skip_tracking":false,"footnotes":""},"categories":[692,53],"tags":[],"class_list":["post-41724","post","type-post","status-publish","format-standard","has-post-thumbnail","category-692","category-internacional"],"_links":{"self":[{"href":"https:\/\/redsemlac.com\/semmexico\/wp-json\/wp\/v2\/posts\/41724","targetHints":{"allow":["GET"]}}],"collection":[{"href":"https:\/\/redsemlac.com\/semmexico\/wp-json\/wp\/v2\/posts"}],"about":[{"href":"https:\/\/redsemlac.com\/semmexico\/wp-json\/wp\/v2\/types\/post"}],"author":[{"embeddable":true,"href":"https:\/\/redsemlac.com\/semmexico\/wp-json\/wp\/v2\/users\/3"}],"replies":[{"embeddable":true,"href":"https:\/\/redsemlac.com\/semmexico\/wp-json\/wp\/v2\/comments?post=41724"}],"version-history":[{"count":0,"href":"https:\/\/redsemlac.com\/semmexico\/wp-json\/wp\/v2\/posts\/41724\/revisions"}],"wp:featuredmedia":[{"embeddable":true,"href":"https:\/\/redsemlac.com\/semmexico\/wp-json\/wp\/v2\/media\/41726"}],"wp:attachment":[{"href":"https:\/\/redsemlac.com\/semmexico\/wp-json\/wp\/v2\/media?parent=41724"}],"wp:term":[{"taxonomy":"category","embeddable":true,"href":"https:\/\/redsemlac.com\/semmexico\/wp-json\/wp\/v2\/categories?post=41724"},{"taxonomy":"post_tag","embeddable":true,"href":"https:\/\/redsemlac.com\/semmexico\/wp-json\/wp\/v2\/tags?post=41724"}],"curies":[{"name":"wp","href":"https:\/\/api.w.org\/{rel}","templated":true}]}}