{"id":41696,"date":"2021-11-06T15:23:55","date_gmt":"2021-11-06T21:23:55","guid":{"rendered":"https:\/\/redsemlac.com\/semmexico\/?p=41696"},"modified":"2023-07-21T18:47:49","modified_gmt":"2023-07-21T23:47:49","slug":"instala-lxvi-legislatura-del-congreso-de-veracruz-con-una-mujer-como-presidenta-de-la-camara","status":"publish","type":"post","link":"https:\/\/redsemlac.com\/semmexico\/instala-lxvi-legislatura-del-congreso-de-veracruz-con-una-mujer-como-presidenta-de-la-camara\/","title":{"rendered":"Instala LXVI Legislatura del Congreso de Veracruz con una mujer como presidenta de la C\u00e1mara"},"content":{"rendered":"\n<p class=\"wp-block-paragraph\"><strong>El ejercicio constitucional comprender\u00e1 del 5 de noviembre de 2021 al 4 de noviembre de 2024.<\/strong><\/p>\n\n\n\n<p class=\"wp-block-paragraph\"><strong>Cecilia Guevara, de Morena y del distrito uno de Xalapa en la direcci\u00f3n de la asamblea<\/strong><\/p>\n\n\n\n<p class=\"wp-block-paragraph\">SemM\u00e9xico\/BillieParkernoticias, Xalapa, Veracruz, 6 de noviembre, 2021.- &nbsp;Este viernes 5 de noviembre, a las 12 horas con 40 minutos, qued\u00f3 legalmente constituida e instalada la Sexag\u00e9sima Sexta (LXVI) Legislatura del Estado de Veracruz de Ignacio de la Llave, en las que sus 50 integrantes rindieron la protesta de ley en el Recinto Oficial de Sesiones del Palacio Legislativo, para el periodo comprendido entre el 5 de noviembre de 2021 y el 2 de noviembre de 2024.<\/p>\n\n\n\n<p class=\"wp-block-paragraph\">En Veracruz se eligi\u00f3 a 24 mujeres y 26 hombres, casi 50\/50, y la mayor\u00eda pertenece al partido oficial, Morena. As\u00ed que, en reconocimiento a la paridad, el primer periodo de la asamblea ser\u00e1 presidido por la morenista de Poza Rica, Cecilia Josefina Guevara Guembe.<\/p>\n\n\n\n<p class=\"wp-block-paragraph\">La composici\u00f3n de la legislatura es de 34 congresistas del partido oficial y sus alianzas y 16 representantes de la oposici\u00f3n. S\u00f3lo 2 priistas, o 2 representantes de Movimiento Ciudadano.<\/p>\n\n\n\n<p class=\"wp-block-paragraph\">En cumplimiento a lo que establecen el art\u00edculo 41, fracci\u00f3n IV, de la Constituci\u00f3n Pol\u00edtica del Estado de Veracruz de Ignacio de la Llave y los art\u00edculos 12, 13 y 14 de la Ley Org\u00e1nica del Poder Legislativo, la Mesa Directiva de la Diputaci\u00f3n Permanente (de la LXV Legislatura), integrada por las diputadas Adriana Paola Linares Capitanachi, Erika Ayala R\u00edos e Ivonne Trujillo Ortiz, coadyuv\u00f3 en los trabajos de la sesi\u00f3n y, a su vez, convoc\u00f3 a las diputadas, diputados y no binario, para la elecci\u00f3n de la Mesa Directiva de la LXVI Legislatura, que fungir\u00e1 durante el Primer A\u00f1o de Ejercicio Constitucional, que abarca del 5 de noviembre de 2021 al 4 de noviembre de 2022.<\/p>\n\n\n\n<p class=\"wp-block-paragraph\">Resultado de este ejercicio democr\u00e1tico y transparente, con 37 votos a favor, fueron electos como integrantes de la Mesa Directiva las diputadas y el diputado: Cecilia Josefina Guevara Guembe (del partido Morena), como presidenta; Hugo Gonz\u00e1lez Saavedra (del Partido Acci\u00f3n Nacional \u2013PAN-), vicepresidente, y Arianna Guadalupe \u00c1ngeles Aguirre (del Partido Revolucionario Institucional \u2013PRI-), como secretaria.<\/p>\n\n\n\n<p class=\"wp-block-paragraph\">Tras ocupar el lugar destinado a la Mesa Directiva, la presidenta de este \u00f3rgano legislativo, diputada Cecilia Josefina Guevara Guembe, rindi\u00f3 la protesta de ley e inmediatamente la tom\u00f3 a los dem\u00e1s integrantes de la LXVI Legislatura estatal.<\/p>\n\n\n\n<p class=\"wp-block-paragraph\">Posteriormente y en cumplimiento a la ley, fueron integradas las comisiones de cortes\u00eda que informar\u00e1n al gobernador del estado, Cuitl\u00e1huac Garc\u00eda Jim\u00e9nez, y a la presidenta del Tribunal Superior de Justicia, Isabel In\u00e9s Romero Cruz, sobre la elecci\u00f3n de la Mesa Directiva, de la legal constituci\u00f3n de la LXVI Legislatura y de la apertura del Primer Periodo Ordinario de Sesiones, este \u00faltimo que abarcar\u00e1 del 5 de noviembre de 2021 al 31 de enero de 2022.<\/p>\n\n\n\n<p class=\"wp-block-paragraph\">Las diputadas Itzel Yescas Valdivia, Citlali Medell\u00edn Careaga, Ruth Callejas Rold\u00e1n, Perla Eufemia Romero Rodr\u00edguez, as\u00ed como los diputados Juan Javier G\u00f3mez Cazar\u00edn, Marlon Eduardo Ram\u00edrez Mar\u00edn y Ram\u00f3n D\u00edaz \u00c1vila notificar\u00e1n al gobernador del estado, ingeniero Cuitl\u00e1huac Garc\u00eda Jim\u00e9nez.<\/p>\n\n\n\n<p class=\"wp-block-paragraph\">Las diputadas Magaly Armenta Oliveros, Ver\u00f3nica Pulido Herrera, Arianna Guadalupe \u00c1ngeles Aguirre, Tania Mar\u00eda Cruz Mej\u00eda, Maribel Ram\u00edrez Topete y Lidia Irma Mezhua Campos y el legislador Juan Enrique Santos Mendoza har\u00e1n lo propio con la presidenta del Tribunal Superior de Justicia del Poder Judicial, magistrada Isabel In\u00e9s Romero Cruz.<\/p>\n\n\n\n<p class=\"wp-block-paragraph\">Asimismo, se instruy\u00f3 comunicar, mediante oficio, a los ayuntamientos del estado, a los poderes Legislativo, Ejecutivo y Judicial de la Federaci\u00f3n, as\u00ed como a los \u00f3rganos legislativos de las entidades federativas de la Rep\u00fablica.<\/p>\n\n\n\n<p class=\"wp-block-paragraph\">Integraci\u00f3n de la Legislatura<\/p>\n\n\n\n<p class=\"wp-block-paragraph\">Dip. Magaly Armenta Oliveros<\/p>\n\n\n\n<p class=\"wp-block-paragraph\">Distrito XXVI. Cosoleacaque<\/p>\n\n\n\n<p class=\"wp-block-paragraph\">Dip. Fernando Arteaga Aponte<\/p>\n\n\n\n<p class=\"wp-block-paragraph\">Distrito XIV. Veracruz I<\/p>\n\n\n\n<p class=\"wp-block-paragraph\">Dip. Bonifacio Castillo Cruz<\/p>\n\n\n\n<p class=\"wp-block-paragraph\">Distrito VI. Papantla<\/p>\n\n\n\n<p class=\"wp-block-paragraph\">Dip. Janix Liliana Castro Mu\u00f1oz<\/p>\n\n\n\n<p class=\"wp-block-paragraph\">Distrito XXIV. Santiago Tuxtla<\/p>\n\n\n\n<p class=\"wp-block-paragraph\">Dip. Elizabeth Cervantes De la Cruz<\/p>\n\n\n\n<p class=\"wp-block-paragraph\">Distrito IV. \u00c1lamo &#8211; Temapache<\/p>\n\n\n\n<p class=\"wp-block-paragraph\">Dip. Luis Fernando Cervantes Cruz<\/p>\n\n\n\n<p class=\"wp-block-paragraph\">Distrito I. P\u00e1nuco<\/p>\n\n\n\n<p class=\"wp-block-paragraph\">Dip. Margarita Corro Mendoza<\/p>\n\n\n\n<p class=\"wp-block-paragraph\">Distrito XXIII. Cosamaloapan<\/p>\n\n\n\n<p class=\"wp-block-paragraph\">Dip. Eusebia Cort\u00e9s P\u00e9rez<\/p>\n\n\n\n<p class=\"wp-block-paragraph\">Distrito XXIX. Coatzacoalcos I<\/p>\n\n\n\n<p class=\"wp-block-paragraph\">Dip. Gonzalo Dur\u00e1n Chincoya<\/p>\n\n\n\n<p class=\"wp-block-paragraph\">Representaci\u00f3n Proporcional<\/p>\n\n\n\n<p class=\"wp-block-paragraph\">Dip. Illya Dolores Escobar Mart\u00ednez<\/p>\n\n\n\n<p class=\"wp-block-paragraph\">Representaci\u00f3n Proporcional<\/p>\n\n\n\n<p class=\"wp-block-paragraph\">Dip. Rosalinda Galindo Silva<\/p>\n\n\n\n<p class=\"wp-block-paragraph\">Distrito X. Xalapa I<\/p>\n\n\n\n<p class=\"wp-block-paragraph\">Dip. Cecilia Josefina Guevara Guembe<\/p>\n\n\n\n<p class=\"wp-block-paragraph\">Distrito V. Poza Rica<\/p>\n\n\n\n<p class=\"wp-block-paragraph\">Dip. Sergio Lenin Guzm\u00e1n Ricardez<\/p>\n\n\n\n<p class=\"wp-block-paragraph\">Distrito XXX. Coatzacoalcos II<\/p>\n\n\n\n<p class=\"wp-block-paragraph\">Dip. Genaro Ib\u00e1\u00f1ez Mart\u00ednez<\/p>\n\n\n\n<p class=\"wp-block-paragraph\">Distrito III. Tuxpan<\/p>\n\n\n\n<p class=\"wp-block-paragraph\">Dip. Lourdes Ju\u00e1rez Lara<\/p>\n\n\n\n<p class=\"wp-block-paragraph\">Distrito XIX. C\u00f3rdoba<\/p>\n\n\n\n<p class=\"wp-block-paragraph\">Dip. Itzel L\u00f3pez L\u00f3pez<\/p>\n\n\n\n<p class=\"wp-block-paragraph\">Distrito XX. Orizaba<\/p>\n\n\n\n<p class=\"wp-block-paragraph\">Dip. Gisela L\u00f3pez L\u00f3pez<\/p>\n\n\n\n<p class=\"wp-block-paragraph\">Representaci\u00f3n Proporcional<\/p>\n\n\n\n<p class=\"wp-block-paragraph\">Dip. Luis Antonio Luna Rosales<\/p>\n\n\n\n<p class=\"wp-block-paragraph\">Distrito XIII. Emiliano Zapata<\/p>\n\n\n\n<p class=\"wp-block-paragraph\">Dip. Adriana Esther Mart\u00ednez S\u00e1nchez<\/p>\n\n\n\n<p class=\"wp-block-paragraph\">Distrito VII. Mart\u00ednez de la Torre<\/p>\n\n\n\n<p class=\"wp-block-paragraph\">Dip. Marco Antonio Mart\u00ednez Amador<\/p>\n\n\n\n<p class=\"wp-block-paragraph\">Distrito XXVII. Acayucan<\/p>\n\n\n\n<p class=\"wp-block-paragraph\">Dip. J\u00e9ssica Ram\u00edrez Cisneros<\/p>\n\n\n\n<p class=\"wp-block-paragraph\">Distrito XXVIII. Minatitl\u00e1n<\/p>\n\n\n\n<p class=\"wp-block-paragraph\">Dip. Jos\u00e9 Magdaleno Rosales Torres<\/p>\n\n\n\n<p class=\"wp-block-paragraph\">Distrito XVII. Medell\u00edn<\/p>\n\n\n\n<p class=\"wp-block-paragraph\">Dip. Roberto Francisco San Rom\u00e1n Solana<\/p>\n\n\n\n<p class=\"wp-block-paragraph\">Distrito II. Tantoyuca<\/p>\n\n\n\n<p class=\"wp-block-paragraph\">Dip. Enrique Cambranis Torres<\/p>\n\n\n\n<p class=\"wp-block-paragraph\">Representaci\u00f3n Proporcional<\/p>\n\n\n\n<p class=\"wp-block-paragraph\">Dip. Jaime Enrique De la Garza Mart\u00ednez<\/p>\n\n\n\n<p class=\"wp-block-paragraph\">Distrito XVI. Boca del R\u00edo<\/p>\n\n\n\n<p class=\"wp-block-paragraph\">Dip. Nora Jessica Lagunes J\u00e1uregui<\/p>\n\n\n\n<p class=\"wp-block-paragraph\">Representaci\u00f3n Proporcional<\/p>\n\n\n\n<p class=\"wp-block-paragraph\">Dip. Ver\u00f3nica Pulido Herrera<\/p>\n\n\n\n<p class=\"wp-block-paragraph\">Representaci\u00f3n Proporcional<\/p>\n\n\n\n<p class=\"wp-block-paragraph\">Dip. Bingen Rementer\u00eda Molina<\/p>\n\n\n\n<p class=\"wp-block-paragraph\">Representaci\u00f3n Proporcional<\/p>\n\n\n\n<p class=\"wp-block-paragraph\">Dip. Itzel Yescas Valdivia<\/p>\n\n\n\n<p class=\"wp-block-paragraph\">Representaci\u00f3n Proporcional<\/p>\n\n\n\n<p class=\"wp-block-paragraph\">Dip. Ram\u00f3n D\u00edaz \u00c1vila<\/p>\n\n\n\n<p class=\"wp-block-paragraph\">Representaci\u00f3n Proporcional<\/p>\n\n\n\n<p class=\"wp-block-paragraph\">Dip. Ana Miriam Ferraez Centeno<\/p>\n\n\n\n<p class=\"wp-block-paragraph\">Distrito XI. Xalapa II<\/p>\n\n\n\n<p class=\"wp-block-paragraph\">Dip. Paul Mart\u00ednez Marie<\/p>\n\n\n\n<p class=\"wp-block-paragraph\">Distrito IX. Perote<\/p>\n\n\n\n<p class=\"wp-block-paragraph\">Dip. Jos\u00e9 Luis Tehuintle Xocua<\/p>\n\n\n\n<p class=\"wp-block-paragraph\">Distrito XXII. Zongolica<\/p>\n\n\n\n<p class=\"wp-block-paragraph\">Dip. Luis Ronaldo Z\u00e1rate D\u00edaz<\/p>\n\n\n\n<p class=\"wp-block-paragraph\">Distrito XII. Coatepec<\/p>\n\n\n\n<p class=\"wp-block-paragraph\">Dip. Miguel David Hermida Copado<\/p>\n\n\n\n<p class=\"wp-block-paragraph\">Distrito XV. Veracruz II<\/p>\n\n\n\n<p class=\"wp-block-paragraph\">Dip. Marlon Eduardo Ram\u00edrez Mar\u00edn<\/p>\n\n\n\n<p class=\"wp-block-paragraph\">Representaci\u00f3n Proporcional<\/p>\n\n\n\n<p class=\"wp-block-paragraph\">Dip. Ruth Callejas Rold\u00e1n<\/p>\n\n\n\n<p class=\"wp-block-paragraph\">Representaci\u00f3n Proporcional<\/p>\n\n\n\n<p class=\"wp-block-paragraph\">Dip. Maribel Ram\u00edrez Topete<\/p>\n\n\n\n<p class=\"wp-block-paragraph\">Representaci\u00f3n Proporcional<\/p>\n\n\n\n<p class=\"wp-block-paragraph\">Dip. Lidia Irma Mezhua Campos<\/p>\n\n\n\n<p class=\"wp-block-paragraph\">Representaci\u00f3n Proporcional<\/p>\n\n\n\n<p class=\"wp-block-paragraph\">Dip. Perla Eufemia Romero Rodr\u00edguez<\/p>\n\n\n\n<p class=\"wp-block-paragraph\">Representaci\u00f3n Proporcional<\/p>\n\n\n\n<p class=\"wp-block-paragraph\">Dip. Tania Mar\u00eda Cruz Mej\u00eda<\/p>\n\n\n\n<p class=\"wp-block-paragraph\">Representaci\u00f3n Proporcional<\/p>\n\n\n\n<p class=\"wp-block-paragraph\">Dip. Rafael Gustavo Fararoni Maga\u00f1a<\/p>\n\n\n\n<p class=\"wp-block-paragraph\">Distrito XXV. San Andr\u00e9s Tuxtla<\/p>\n\n\n\n<p class=\"wp-block-paragraph\">Dip. Citlali Medell\u00edn Careaga<\/p>\n\n\n\n<p class=\"wp-block-paragraph\">Representaci\u00f3n Proporcional<\/p>\n\n\n\n<p class=\"wp-block-paragraph\">Dip. Luis Arturo Santiago Mart\u00ednez<\/p>\n\n\n\n<p class=\"wp-block-paragraph\">Distrito XXI. Camerino Z. Mendoza<\/p>\n\n\n\n<p class=\"wp-block-paragraph\">Dip. Juan Enrique Santos Mendoza<\/p>\n\n\n\n<p class=\"wp-block-paragraph\">Representaci\u00f3n Proporcional<\/p>\n\n\n\n<p class=\"wp-block-paragraph\">Dip. Juan Javier G\u00f3mez Cazar\u00edn<\/p>\n\n\n\n<p class=\"wp-block-paragraph\">Representaci\u00f3n Proporcional<\/p>\n\n\n\n<p class=\"wp-block-paragraph\">Dip. Oth\u00f3n Hern\u00e1ndez Candanedo<\/p>\n\n\n\n<p class=\"wp-block-paragraph\">Distrito VIII. Misantla<\/p>\n\n\n\n<p class=\"wp-block-paragraph\">Dip. Anil\u00fa Ingram Vallines<\/p>\n\n\n\n<p class=\"wp-block-paragraph\">Representaci\u00f3n Proporcional<\/p>\n\n\n\n<p class=\"wp-block-paragraph\">Dip. Hugo Gonz\u00e1lez Saavedra<\/p>\n\n\n\n<p class=\"wp-block-paragraph\">Distrito XVIII. Huatusco<\/p>\n\n\n\n<p class=\"wp-block-paragraph\">Dip. Arianna Guadalupe \u00c1ngeles Aguirre<\/p>\n\n\n\n<p class=\"wp-block-paragraph\">Representaci\u00f3n Proporcional<\/p>\n\n\n\n<p class=\"wp-block-paragraph\">De esta manera, la LXVI Legislatura qued\u00f3 integrada, por distrito, de la siguiente manera: I, P\u00e1nuco, Luis Fernando Cervantes Cruz; II, Tantoyuca, Roberto Francisco San Rom\u00e1n Solana; III, Tuxpan, Genaro Ib\u00e1\u00f1ez Mart\u00ednez; IV, \u00c1lamo Temapache, Elizabeth Cervantes de la Cruz; V, Poza Rica, Cecilia Josefina Guevara Guembe; VI, Papantla, Bonifacio Castillo Cruz; VII, Mart\u00ednez de la Torre, Adriana Esther Mart\u00ednez S\u00e1nchez; VIII, Misantla, Oth\u00f3n Hern\u00e1ndez Candanedo; IX, Perote, Paul Mart\u00ednez Marie y X, Xalapa I, Rosalinda Galindo Silva.<\/p>\n\n\n\n<p class=\"wp-block-paragraph\">Por el XI, Xalapa II, Ana Miriam Ferr\u00e1ez Centeno; XII, Coatepec, Luis Ronaldo Z\u00e1rate D\u00edaz; XIII, Emiliano Zapata, Luis Antonio Luna Rosales; XIV, Veracruz I, Fernando Arteaga Aponte; XV, Veracruz II, Miguel David Hermida Copado; XVI, Boca del R\u00edo, Jaime Enrique de la Garza Mart\u00ednez; XVII, Medell\u00edn de Bravo, Jos\u00e9 Magdaleno Rosales Torres; XVIII, Huatusco, Hugo Gonz\u00e1lez Saavedra; XIX, C\u00f3rdoba, Lourdes Ju\u00e1rez Lara y XX, Orizaba, Itzel L\u00f3pez L\u00f3pez.<\/p>\n\n\n\n<p class=\"wp-block-paragraph\">Por otra parte, por el XXI, Camerino Z. Mendoza, Luis Arturo Santiago Mart\u00ednez; XXII, Zongolica, Jos\u00e9 Luis Tehuintle Xocua; XXIII, Cosamaloapan, Margarita Corro Mendoza; XXIV, Santiago Tuxtla, Janix Liliana Castro Mu\u00f1oz; XXV, San Andr\u00e9s Tuxtla, Rafael Gustavo Fararoni Maga\u00f1a; XXVI, Cosoleacaque, Magaly Armenta Oliveros; XXVII, Acayucan, Marco Antonio Mart\u00ednez Amador; XXVIII, Minatitl\u00e1n, Jessica Ram\u00edrez Cisneros; XXIX, Coatzacoalcos I, Eusebia Cort\u00e9s P\u00e9rez y XXX, Coatzacoalcos II, Sergio Lenin Guzm\u00e1n Ricardez.<\/p>\n\n\n\n<figure class=\"wp-block-image size-full\"><a href=\"https:\/\/redsemlac.com\/semmexico\/wp-content\/uploads\/2021\/11\/congreso02.jpg\"><img loading=\"lazy\" decoding=\"async\" width=\"300\" height=\"179\" src=\"https:\/\/redsemlac.com\/semmexico\/wp-content\/uploads\/2021\/11\/congreso02.jpg\" alt=\"\" class=\"wp-image-41699\"\/><\/a><\/figure>\n\n\n\n<figure class=\"wp-block-image size-full\"><a href=\"https:\/\/redsemlac.com\/semmexico\/wp-content\/uploads\/2021\/11\/congreso03.jpg\"><img loading=\"lazy\" decoding=\"async\" width=\"300\" height=\"200\" src=\"https:\/\/redsemlac.com\/semmexico\/wp-content\/uploads\/2021\/11\/congreso03.jpg\" alt=\"\" class=\"wp-image-41700\"\/><\/a><\/figure>\n\n\n\n<p class=\"wp-block-paragraph\">Respecto a los integrantes, elegidos por el principio de representaci\u00f3n proporcional, qued\u00f3 de la siguiente manera:<\/p>\n\n\n\n<p class=\"wp-block-paragraph\">Movimiento de Regeneraci\u00f3n Nacional (Morena): Gonzalo Dur\u00e1n Chincoya, Juan Javier G\u00f3mez Cazar\u00edn, Illya Dolores Escobar Mart\u00ednez y Gisela L\u00f3pez L\u00f3pez.<\/p>\n\n\n\n<p class=\"wp-block-paragraph\">Del Partido Acci\u00f3n Nacional (PAN): Enrique Cambranis Torres, Nora J\u00e9ssica Lagunes J\u00e1uregui, Bingen Rementer\u00eda Molina, Itzel Yescas Valdivia y Ver\u00f3nica Pulido Herrera.<\/p>\n\n\n\n<p class=\"wp-block-paragraph\">Del Partido Revolucionario Institucional (PRI): Marlon Eduardo Ram\u00edrez Mar\u00edn, Anil\u00fa Ingram Vallines y Arianna Guadalupe \u00c1ngeles Aguirre.<\/p>\n\n\n\n<p class=\"wp-block-paragraph\">Por el Partido de la Revoluci\u00f3n Democr\u00e1tica (PRD): Perla Eufemia Romero Rodr\u00edguez y Lidia Irma Mezhua Campos.<\/p>\n\n\n\n<p class=\"wp-block-paragraph\">En cuanto al Partido Verde Ecologista de M\u00e9xico (PVEM): Citlali Medell\u00edn Careaga y Tania Mar\u00eda Cruz Mej\u00eda.<\/p>\n\n\n\n<p class=\"wp-block-paragraph\">Del Partido del Trabajo (PT): Ram\u00f3n D\u00edaz \u00c1vila; por Movimiento Ciudadano (MC), Maribel Ram\u00edrez Topete y Ruth Callejas Rold\u00e1n y, de Fuerza por M\u00e9xico (FXM), Juan Enrique Santos Mendoza.<\/p>\n\n\n\n<p class=\"wp-block-paragraph\">La Mesa Directiva, presidida por la diputada Cecilia Josefina Guevara Guembe, concluy\u00f3 a las 12:41 horas la sesi\u00f3n solemne de instalaci\u00f3n y convoc\u00f3 a la primera sesi\u00f3n ordinaria a las 13:00 horas de este mismo d\u00eda, en el Recinto Oficial de Sesiones.<\/p>\n","protected":false},"excerpt":{"rendered":"<p>En Veracruz se eligi\u00f3 a 24 mujeres y 26 hombres, en reconocimiento a la paridad, el primer periodo de la asamblea ser\u00e1 presidido por la morenista Cecilia Josefina Guevara Guembe.<\/p>\n","protected":false},"author":3,"featured_media":41698,"comment_status":"open","ping_status":"open","sticky":false,"template":"","format":"standard","meta":{"_monsterinsights_skip_tracking":false,"footnotes":""},"categories":[692,51],"tags":[],"class_list":["post-41696","post","type-post","status-publish","format-standard","has-post-thumbnail","category-692","category-ejecutivo"],"_links":{"self":[{"href":"https:\/\/redsemlac.com\/semmexico\/wp-json\/wp\/v2\/posts\/41696","targetHints":{"allow":["GET"]}}],"collection":[{"href":"https:\/\/redsemlac.com\/semmexico\/wp-json\/wp\/v2\/posts"}],"about":[{"href":"https:\/\/redsemlac.com\/semmexico\/wp-json\/wp\/v2\/types\/post"}],"author":[{"embeddable":true,"href":"https:\/\/redsemlac.com\/semmexico\/wp-json\/wp\/v2\/users\/3"}],"replies":[{"embeddable":true,"href":"https:\/\/redsemlac.com\/semmexico\/wp-json\/wp\/v2\/comments?post=41696"}],"version-history":[{"count":0,"href":"https:\/\/redsemlac.com\/semmexico\/wp-json\/wp\/v2\/posts\/41696\/revisions"}],"wp:featuredmedia":[{"embeddable":true,"href":"https:\/\/redsemlac.com\/semmexico\/wp-json\/wp\/v2\/media\/41698"}],"wp:attachment":[{"href":"https:\/\/redsemlac.com\/semmexico\/wp-json\/wp\/v2\/media?parent=41696"}],"wp:term":[{"taxonomy":"category","embeddable":true,"href":"https:\/\/redsemlac.com\/semmexico\/wp-json\/wp\/v2\/categories?post=41696"},{"taxonomy":"post_tag","embeddable":true,"href":"https:\/\/redsemlac.com\/semmexico\/wp-json\/wp\/v2\/tags?post=41696"}],"curies":[{"name":"wp","href":"https:\/\/api.w.org\/{rel}","templated":true}]}}