{"id":41692,"date":"2021-11-06T14:13:49","date_gmt":"2021-11-06T20:13:49","guid":{"rendered":"https:\/\/redsemlac.com\/semmexico\/?p=41692"},"modified":"2023-07-21T18:47:49","modified_gmt":"2023-07-21T23:47:49","slug":"interviene-onu-mujeres-en-guerrero-por-la-denuncia-de-venta-de-ninas-en-la-montana","status":"publish","type":"post","link":"https:\/\/redsemlac.com\/semmexico\/interviene-onu-mujeres-en-guerrero-por-la-denuncia-de-venta-de-ninas-en-la-montana\/","title":{"rendered":"Interviene Onu\/Mujeres en Guerrero por la denuncia de venta de ni\u00f1as en la Monta\u00f1a"},"content":{"rendered":"\n<p class=\"wp-block-paragraph\"><strong>El mi\u00e9rcoles 10 se presentar\u00e1 una estrategia integral: Evelyn Salgado Pineda<\/strong><\/p>\n\n\n\n<p class=\"wp-block-paragraph\"><strong>FGE participa en reuni\u00f3n para atender, sancionar y erradicar violencia contra las Mujeres en Chilpancingo<\/strong><\/p>\n\n\n\n<p class=\"wp-block-paragraph\"><strong>Guerrero tiene declaradas dos Alertas de Violencia de G\u00e9nero contra las Mujeres y mantiene la estructura de acci\u00f3n del pasado<\/strong><\/p>\n\n\n\n<p class=\"wp-block-paragraph\">Redacci\u00f3n<\/p>\n\n\n\n<p class=\"wp-block-paragraph\">SemM\u00e9xico\/Ceprovysa, Iguala, Guerrero.6 de noviembre, 2021.- A fin de erradicar la venta de ni\u00f1as en La Monta\u00f1a de Guerrero presentar\u00e1n una estrategia ONU Mujeres y el Gobierno Estatal, el pr\u00f3ximo mi\u00e9rcoles, inform\u00f3 el gobierno.<\/p>\n\n\n\n<p class=\"wp-block-paragraph\">En tanto se mantienen los sistemas estatal y municipales para atender la violencia de g\u00e9nero. Guerrero sigue siendo una de las entidades de m\u00e1s altos \u00edndices de agravios a las mujeres; en las \u00faltimas semanas ha cobrado inter\u00e9s la denuncia de las pr\u00e1cticas de venta, con fines matrimoniales, de ni\u00f1as en distintas regiones de la Monta\u00f1a y subsisten pendientes.<\/p>\n\n\n\n<p class=\"wp-block-paragraph\">En Guerrero est\u00e1n declaradas&nbsp;&nbsp;&nbsp; 2 Alertas de Violencia de G\u00e9nero contra las Mujeres, una por violencia y otra por agravio comparado. En esa entidad, seg\u00fan la red de Mujeres Guerrerenses en Pol\u00edtica, sucedi\u00f3 el mayor n\u00famero de agresiones a mujeres en campa\u00f1a electoral.<\/p>\n\n\n\n<p class=\"wp-block-paragraph\">El anuncio de la estrategia forma parte de la iniciativa spotling promovida por ONU\/Mujeres hace m\u00e1s de dos a\u00f1os para atender 5 municipios de todo el pa\u00eds, donde se detectaron altos grados de violencia, y lugares donde se pondr\u00e1 en marcha acciones \u201cexperimentales\u201d, para encontrar formas de erradicar la violencia.<\/p>\n\n\n\n<p class=\"wp-block-paragraph\">El anuncio de la reuni\u00f3n con ONU7Mujeres lo hizo Evelyn Salgado Pineda, gobernadora y afirm\u00f3 que la estrategia ser\u00e1 integral, adem\u00e1s involucrar\u00e1 a las y los Ediles de la regi\u00f3n, as\u00ed como a la Comisi\u00f3n de Derechos Humanos.<\/p>\n\n\n\n<p class=\"wp-block-paragraph\">Sobre \u00e9ste proyecto la jefa del gobierno lo defini\u00f3 como \u201cuna estrategia que arranque de ra\u00edz todo lo que origina \u00e9ste tipo de pr\u00e1cticas\u201d.<\/p>\n\n\n\n<p class=\"wp-block-paragraph\">Consider\u00f3 que \u00e9sta pr\u00e1ctica \u201cpor ning\u00fan motivo se debe considerar ni por usos y costumbres, porque son violatorios de los derechos humanos\u201d.<\/p>\n\n\n\n<p class=\"wp-block-paragraph\">De acuerdo a Salgado Pineda, la estrategia, en la que participar\u00e1n los tres \u00f3rdenes de gobierno, no va contra la ley, como tampoco vulnera los derechos humanos de nadie.<\/p>\n\n\n\n<p class=\"wp-block-paragraph\">La Gobernadora Evelyn Salgado Pineda sostuvo su posici\u00f3n de que va en \u00e9sta lucha para erradicar \u00e9sta pr\u00e1ctica \u201cno a la venta de ni\u00f1as ni en la monta\u00f1a, y en ninguna parte de Guerrero y de M\u00e9xico y del mundo\u201d, precis\u00f3.<\/p>\n\n\n\n<p class=\"wp-block-paragraph\">La reuni\u00f3n est\u00e1 prevista para el mi\u00e9rcoles 10 del mes en curso, en la ciudad de Tlapa.<\/p>\n\n\n\n<p class=\"wp-block-paragraph\">Mientras en Chilpancingo realiz\u00f3 una reuni\u00f3n el sistema municipal sobre violencia, como marco de acci\u00f3n contra los cr\u00edmenes de g\u00e9nero.<a href=\"https:\/\/ceprovysa.com\/?p=16902\"><\/a><\/p>\n\n\n\n<p class=\"wp-block-paragraph\">El Vicefiscal de Prevenci\u00f3n y Seguimiento, Alejandro Astudillo Esiquio particip\u00f3 en la mesa de trabajo del Sistema Municipal para Prevenir, Atender, Sancionar y Erradicar la Violencia contra las Mujeres de Chilpancingo de los Bravo, en donde se trabaj\u00f3 el proyecto de Reglamento del sistema antes citado, cont\u00e1ndose con la participaci\u00f3n del Tribunal Superior de Justicia, Comisi\u00f3n Estatal de los Derechos Humanos y organizaciones de la Sociedad Civil Organizada.<\/p>\n","protected":false},"excerpt":{"rendered":"<p>FGE participa en reuni\u00f3n para atender, sancionar y erradicar violencia contra las Mujeres en Chilpancingo.<\/p>\n","protected":false},"author":3,"featured_media":41693,"comment_status":"open","ping_status":"open","sticky":false,"template":"","format":"standard","meta":{"_monsterinsights_skip_tracking":false,"footnotes":""},"categories":[692,51],"tags":[],"class_list":["post-41692","post","type-post","status-publish","format-standard","has-post-thumbnail","category-692","category-ejecutivo"],"_links":{"self":[{"href":"https:\/\/redsemlac.com\/semmexico\/wp-json\/wp\/v2\/posts\/41692","targetHints":{"allow":["GET"]}}],"collection":[{"href":"https:\/\/redsemlac.com\/semmexico\/wp-json\/wp\/v2\/posts"}],"about":[{"href":"https:\/\/redsemlac.com\/semmexico\/wp-json\/wp\/v2\/types\/post"}],"author":[{"embeddable":true,"href":"https:\/\/redsemlac.com\/semmexico\/wp-json\/wp\/v2\/users\/3"}],"replies":[{"embeddable":true,"href":"https:\/\/redsemlac.com\/semmexico\/wp-json\/wp\/v2\/comments?post=41692"}],"version-history":[{"count":0,"href":"https:\/\/redsemlac.com\/semmexico\/wp-json\/wp\/v2\/posts\/41692\/revisions"}],"wp:featuredmedia":[{"embeddable":true,"href":"https:\/\/redsemlac.com\/semmexico\/wp-json\/wp\/v2\/media\/41693"}],"wp:attachment":[{"href":"https:\/\/redsemlac.com\/semmexico\/wp-json\/wp\/v2\/media?parent=41692"}],"wp:term":[{"taxonomy":"category","embeddable":true,"href":"https:\/\/redsemlac.com\/semmexico\/wp-json\/wp\/v2\/categories?post=41692"},{"taxonomy":"post_tag","embeddable":true,"href":"https:\/\/redsemlac.com\/semmexico\/wp-json\/wp\/v2\/tags?post=41692"}],"curies":[{"name":"wp","href":"https:\/\/api.w.org\/{rel}","templated":true}]}}